{"id":13341,"date":"2026-01-15T11:54:45","date_gmt":"2026-01-15T17:54:45","guid":{"rendered":"http:\/\/tvalaire.com\/?p=13341"},"modified":"2026-02-05T11:56:21","modified_gmt":"2026-02-05T17:56:21","slug":"arranca-la-primera-etapa-de-trabajo-del-acceso-a-paredones-y-jauja","status":"publish","type":"post","link":"http:\/\/tvalaire.com\/?p=13341","title":{"rendered":"ARRANCA LA PRIMERA ETAPA DE TRABAJO DEL ACCESO A PAREDONES Y JAUJA"},"content":{"rendered":"\n<figure class=\"wp-block-image size-full\"><img loading=\"lazy\" decoding=\"async\" width=\"590\" height=\"393\" src=\"http:\/\/tvalaire.com\/wp-content\/uploads\/2026\/02\/615753694_1288435609977481_7003053670366182788_n.jpg\" alt=\"\" class=\"wp-image-13343\" srcset=\"http:\/\/tvalaire.com\/wp-content\/uploads\/2026\/02\/615753694_1288435609977481_7003053670366182788_n.jpg 590w, http:\/\/tvalaire.com\/wp-content\/uploads\/2026\/02\/615753694_1288435609977481_7003053670366182788_n-300x200.jpg 300w\" sizes=\"(max-width: 590px) 100vw, 590px\" \/><\/figure>\n\n\n\n<p>El Gobierno Municipal de La Piedad dio inicio a la primera etapa de rehabilitaci\u00f3n del camino de acceso a las comunidades de Paredones y Jauja, una obra prioritaria y largamente solicitada por las familias de la regi\u00f3n.<\/p>\n\n\n\n<p>Durante el arranque de los trabajos, el Presidente Municipal, Samuel Hidalgo, resalt\u00f3 la relevancia de esta acci\u00f3n para mejorar la movilidad, seguridad y calidad de vida de las y los habitantes.<\/p>\n\n\n\n<p>\u201cDespu\u00e9s de 27 a\u00f1os, hoy arrancamos la primera etapa de rehabilitaci\u00f3n del camino de acceso a las comunidades de Paredones y Jauja, una obra muy esperada por sus familias\u201d, expres\u00f3 el Alcalde.<\/p>\n\n\n\n<p>La obra corresponde a la pavimentaci\u00f3n a base de carpeta asf\u00e1ltica del camino T.C. (Rinconada\u2013La Piedad), tramo Paredones, del cadenamiento km 2+031 al km 2+447, en la localidad de Paredones, municipio de La Piedad, Michoac\u00e1n.<\/p>\n\n\n\n<p>De manera t\u00e9cnica, los trabajos contemplan el trazo y nivelaci\u00f3n de pavimentos con aparatos topogr\u00e1ficos en una superficie de 2,288.00 metros cuadrados, as\u00ed como la colocaci\u00f3n de carpeta asf\u00e1ltica de granulometr\u00eda densa en caliente, con un espesor de 5 cent\u00edmetros compactos, garantizando mayor durabilidad y resistencia del camino.<\/p>\n\n\n\n<p>Con esta obra, el Gobierno Municipal reafirma su compromiso de atender rezagos hist\u00f3ricos en infraestructura vial, fortaleciendo la conectividad regional y el desarrollo de las comunidades rurales.<\/p>\n\n\n\n<figure class=\"wp-block-image size-full\"><img loading=\"lazy\" decoding=\"async\" width=\"590\" height=\"393\" src=\"http:\/\/tvalaire.com\/wp-content\/uploads\/2026\/02\/615420457_1288435603310815_3982180666117402462_n.jpg\" alt=\"\" class=\"wp-image-13344\" srcset=\"http:\/\/tvalaire.com\/wp-content\/uploads\/2026\/02\/615420457_1288435603310815_3982180666117402462_n.jpg 590w, http:\/\/tvalaire.com\/wp-content\/uploads\/2026\/02\/615420457_1288435603310815_3982180666117402462_n-300x200.jpg 300w\" sizes=\"(max-width: 590px) 100vw, 590px\" \/><\/figure>\n","protected":false},"excerpt":{"rendered":"<p>El Gobierno Municipal de La Piedad dio inicio a la primera etapa de rehabilitaci\u00f3n del&#8230;<\/p>\n","protected":false},"author":1,"featured_media":13342,"comment_status":"open","ping_status":"open","sticky":false,"template":"","format":"standard","meta":{"jetpack_post_was_ever_published":false,"_jetpack_newsletter_access":"","_jetpack_dont_email_post_to_subs":false,"_jetpack_newsletter_tier_id":0,"_jetpack_memberships_contains_paywalled_content":false,"_jetpack_memberships_contains_paid_content":false,"footnotes":"","jetpack_publicize_message":"","jetpack_publicize_feature_enabled":true,"jetpack_social_post_already_shared":true,"jetpack_social_options":{"image_generator_settings":{"template":"highway","enabled":false},"version":2}},"categories":[1],"tags":[15,36],"class_list":["post-13341","post","type-post","status-publish","format-standard","has-post-thumbnail","hentry","category-la-piedad","tag-la-piedad","tag-principales"],"jetpack_publicize_connections":[],"jetpack_sharing_enabled":true,"featured_image_urls":{"full":["http:\/\/tvalaire.com\/wp-content\/uploads\/2026\/02\/WhatsApp-Image-2026-01-14-at-2.40.35-PM-3-980x653-1.jpeg",980,653,false],"thumbnail":["http:\/\/tvalaire.com\/wp-content\/uploads\/2026\/02\/WhatsApp-Image-2026-01-14-at-2.40.35-PM-3-980x653-1-150x150.jpeg",150,150,true],"medium":["http:\/\/tvalaire.com\/wp-content\/uploads\/2026\/02\/WhatsApp-Image-2026-01-14-at-2.40.35-PM-3-980x653-1-300x200.jpeg",300,200,true],"medium_large":["http:\/\/tvalaire.com\/wp-content\/uploads\/2026\/02\/WhatsApp-Image-2026-01-14-at-2.40.35-PM-3-980x653-1-768x512.jpeg",640,427,true],"large":["http:\/\/tvalaire.com\/wp-content\/uploads\/2026\/02\/WhatsApp-Image-2026-01-14-at-2.40.35-PM-3-980x653-1.jpeg",640,426,false],"post-slider-thumb-size":["http:\/\/tvalaire.com\/wp-content\/uploads\/2026\/02\/WhatsApp-Image-2026-01-14-at-2.40.35-PM-3-980x653-1-330x190.jpeg",330,190,true],"post-category-slider-size":["http:\/\/tvalaire.com\/wp-content\/uploads\/2026\/02\/WhatsApp-Image-2026-01-14-at-2.40.35-PM-3-980x653-1-330x350.jpeg",330,350,true],"1536x1536":["http:\/\/tvalaire.com\/wp-content\/uploads\/2026\/02\/WhatsApp-Image-2026-01-14-at-2.40.35-PM-3-980x653-1.jpeg",980,653,false],"2048x2048":["http:\/\/tvalaire.com\/wp-content\/uploads\/2026\/02\/WhatsApp-Image-2026-01-14-at-2.40.35-PM-3-980x653-1.jpeg",980,653,false],"newsium-slider-full":["http:\/\/tvalaire.com\/wp-content\/uploads\/2026\/02\/WhatsApp-Image-2026-01-14-at-2.40.35-PM-3-980x653-1.jpeg",980,653,false],"newsium-featured":["http:\/\/tvalaire.com\/wp-content\/uploads\/2026\/02\/WhatsApp-Image-2026-01-14-at-2.40.35-PM-3-980x653-1.jpeg",980,653,false],"newsium-medium":["http:\/\/tvalaire.com\/wp-content\/uploads\/2026\/02\/WhatsApp-Image-2026-01-14-at-2.40.35-PM-3-980x653-1-720x475.jpeg",720,475,true]},"author_info":{"info":["tvalairenoti"]},"category_info":"<a href=\"http:\/\/tvalaire.com\/?cat=1\" rel=\"category\">La Piedad<\/a>","tag_info":"La Piedad","comment_count":"0","jetpack_featured_media_url":"http:\/\/tvalaire.com\/wp-content\/uploads\/2026\/02\/WhatsApp-Image-2026-01-14-at-2.40.35-PM-3-980x653-1.jpeg","_links":{"self":[{"href":"http:\/\/tvalaire.com\/index.php?rest_route=\/wp\/v2\/posts\/13341"}],"collection":[{"href":"http:\/\/tvalaire.com\/index.php?rest_route=\/wp\/v2\/posts"}],"about":[{"href":"http:\/\/tvalaire.com\/index.php?rest_route=\/wp\/v2\/types\/post"}],"author":[{"embeddable":true,"href":"http:\/\/tvalaire.com\/index.php?rest_route=\/wp\/v2\/users\/1"}],"replies":[{"embeddable":true,"href":"http:\/\/tvalaire.com\/index.php?rest_route=%2Fwp%2Fv2%2Fcomments&post=13341"}],"version-history":[{"count":1,"href":"http:\/\/tvalaire.com\/index.php?rest_route=\/wp\/v2\/posts\/13341\/revisions"}],"predecessor-version":[{"id":13345,"href":"http:\/\/tvalaire.com\/index.php?rest_route=\/wp\/v2\/posts\/13341\/revisions\/13345"}],"wp:featuredmedia":[{"embeddable":true,"href":"http:\/\/tvalaire.com\/index.php?rest_route=\/wp\/v2\/media\/13342"}],"wp:attachment":[{"href":"http:\/\/tvalaire.com\/index.php?rest_route=%2Fwp%2Fv2%2Fmedia&parent=13341"}],"wp:term":[{"taxonomy":"category","embeddable":true,"href":"http:\/\/tvalaire.com\/index.php?rest_route=%2Fwp%2Fv2%2Fcategories&post=13341"},{"taxonomy":"post_tag","embeddable":true,"href":"http:\/\/tvalaire.com\/index.php?rest_route=%2Fwp%2Fv2%2Ftags&post=13341"}],"curies":[{"name":"wp","href":"https:\/\/api.w.org\/{rel}","templated":true}]}}