{"id":13336,"date":"2026-01-15T11:51:49","date_gmt":"2026-01-15T17:51:49","guid":{"rendered":"http:\/\/tvalaire.com\/?p=13336"},"modified":"2026-02-05T11:54:35","modified_gmt":"2026-02-05T17:54:35","slug":"anuncian-la-construccion-de-una-nueva-unidad-de-medicina-familiar-en-la-piedad","status":"publish","type":"post","link":"http:\/\/tvalaire.com\/?p=13336","title":{"rendered":"ANUNCIAN LA CONSTRUCCI\u00d3N DE UNA NUEVA UNIDAD DE MEDICINA FAMILIAR EN LA PIEDAD"},"content":{"rendered":"\n<figure class=\"wp-block-image size-full\"><img loading=\"lazy\" decoding=\"async\" width=\"590\" height=\"393\" src=\"http:\/\/tvalaire.com\/wp-content\/uploads\/2026\/02\/616003975_1289299586557750_2101817975349333464_n.jpg\" alt=\"\" class=\"wp-image-13338\" srcset=\"http:\/\/tvalaire.com\/wp-content\/uploads\/2026\/02\/616003975_1289299586557750_2101817975349333464_n.jpg 590w, http:\/\/tvalaire.com\/wp-content\/uploads\/2026\/02\/616003975_1289299586557750_2101817975349333464_n-300x200.jpg 300w\" sizes=\"(max-width: 590px) 100vw, 590px\" \/><\/figure>\n\n\n\n<p>Autoridades Municipales de La Piedad, encabezadas por el alcalde Samuel Hidalgo Gallardo, en colaboraci\u00f3n con el Gobierno del Estado de Michoac\u00e1n y empresarios de la ciudad, llevaron a cabo la integraci\u00f3n del Comit\u00e9 Ciudadano para la construcci\u00f3n de la Unidad de Medicina Familiar Plus (UMF).<\/p>\n\n\n\n<p>Durante el evento, el alcalde Samuel Hidalgo Gallardo, destac\u00f3 que gracias a los trabajos de gesti\u00f3n que se estuvieron realizando desde hace tres a\u00f1os, hoy el proyecto para la construcci\u00f3n de una nueva Unidad M\u00e9dica en favor de la ciudadan\u00eda, es una realidad.<\/p>\n\n\n\n<p>Hidalgo Gallardo, agradeci\u00f3 de manera personal el apoyo del Gobernador de Michoac\u00e1n, y al mismo tiempo a todos los empresarios que se sumaron al esfuerzo para la permuta del terreno de m\u00e1s de 20 mil metros cuadrados en los que se habilitar\u00e1 un nuevo espacio de salud m\u00e9dica.<\/p>\n\n\n\n<p>Ah\u00ed mismo, el presidente Samuel Hidalgo, reiter\u00f3 su compromiso para seguir trabajando en la gesti\u00f3n de recursos, proyectos y programas sociales que puedan dignificar y mejorar la condici\u00f3n de vida de los ciudadanos del municipio que encabeza.<\/p>\n\n\n\n<p>Jos\u00e9 Miguel \u00c1ngel Van-Dick Puga, titular del IMSS en Michoac\u00e1n, coment\u00f3 que con este nuevo lugar se estar\u00e1n atendiendo a m\u00e1s de 65 mil derechohabientes, quienes podr\u00e1n ser valorados en los 14 consultorios de medicina familiar, siete consultorios de enfermer\u00eda, m\u00f3dulo de salud mental, m\u00f3dulo para el manejo de la diabetes, urgencias, as\u00ed como especialidades en ortopedia, ginecolog\u00eda y obstetricia, pediatr\u00eda, traumatolog\u00eda. &nbsp;<\/p>\n\n\n\n<p>Por su parte, Enrique Garc\u00eda Le\u00f3n, empresario de la localidad y representante de los benefactores que contribuyeron para ser posible la donaci\u00f3n del terreno, se\u00f1al\u00f3 la importancia del proyecto el cual beneficiar\u00e1 a los ciudadanos de la localidad, as\u00ed como a los pobladores de la regi\u00f3n de los estados de Michoac\u00e1n, Guanajuato y Jalisco.<\/p>\n\n\n\n<p>En el evento las autoridades municipales y estatales tomaron la protesta a las personas que desde ahora formar\u00e1n parte del Comit\u00e9 Ciudadano el cual est\u00e1 conformado por 35 representantes de la sociedad civil, escolar, obreros, m\u00e9dicos, empresarios, enfermeros y quienes permanecer\u00e1n pendiente de la construcci\u00f3n que se estar\u00e1 desarrollando en el municipio.&nbsp;<\/p>\n\n\n\n<figure class=\"wp-block-image size-full\"><img loading=\"lazy\" decoding=\"async\" width=\"590\" height=\"381\" src=\"http:\/\/tvalaire.com\/wp-content\/uploads\/2026\/02\/615999115_1289299696557739_4308789972536452880_n.jpg\" alt=\"\" class=\"wp-image-13339\" srcset=\"http:\/\/tvalaire.com\/wp-content\/uploads\/2026\/02\/615999115_1289299696557739_4308789972536452880_n.jpg 590w, http:\/\/tvalaire.com\/wp-content\/uploads\/2026\/02\/615999115_1289299696557739_4308789972536452880_n-300x194.jpg 300w\" sizes=\"(max-width: 590px) 100vw, 590px\" \/><\/figure>\n","protected":false},"excerpt":{"rendered":"<p>Autoridades Municipales de La Piedad, encabezadas por el alcalde Samuel Hidalgo Gallardo, en colaboraci\u00f3n con&#8230;<\/p>\n","protected":false},"author":1,"featured_media":13337,"comment_status":"open","ping_status":"open","sticky":false,"template":"","format":"standard","meta":{"jetpack_post_was_ever_published":false,"_jetpack_newsletter_access":"","_jetpack_dont_email_post_to_subs":false,"_jetpack_newsletter_tier_id":0,"_jetpack_memberships_contains_paywalled_content":false,"_jetpack_memberships_contains_paid_content":false,"footnotes":"","jetpack_publicize_message":"","jetpack_publicize_feature_enabled":true,"jetpack_social_post_already_shared":true,"jetpack_social_options":{"image_generator_settings":{"template":"highway","enabled":false},"version":2}},"categories":[1],"tags":[15,36],"class_list":["post-13336","post","type-post","status-publish","format-standard","has-post-thumbnail","hentry","category-la-piedad","tag-la-piedad","tag-principales"],"jetpack_publicize_connections":[],"jetpack_sharing_enabled":true,"featured_image_urls":{"full":["http:\/\/tvalaire.com\/wp-content\/uploads\/2026\/02\/WhatsApp-Image-2026-01-15-at-3.20.11-PM-1-1080x675-1.jpeg",1080,675,false],"thumbnail":["http:\/\/tvalaire.com\/wp-content\/uploads\/2026\/02\/WhatsApp-Image-2026-01-15-at-3.20.11-PM-1-1080x675-1-150x150.jpeg",150,150,true],"medium":["http:\/\/tvalaire.com\/wp-content\/uploads\/2026\/02\/WhatsApp-Image-2026-01-15-at-3.20.11-PM-1-1080x675-1-300x188.jpeg",300,188,true],"medium_large":["http:\/\/tvalaire.com\/wp-content\/uploads\/2026\/02\/WhatsApp-Image-2026-01-15-at-3.20.11-PM-1-1080x675-1-768x480.jpeg",640,400,true],"large":["http:\/\/tvalaire.com\/wp-content\/uploads\/2026\/02\/WhatsApp-Image-2026-01-15-at-3.20.11-PM-1-1080x675-1-1024x640.jpeg",640,400,true],"post-slider-thumb-size":["http:\/\/tvalaire.com\/wp-content\/uploads\/2026\/02\/WhatsApp-Image-2026-01-15-at-3.20.11-PM-1-1080x675-1-330x190.jpeg",330,190,true],"post-category-slider-size":["http:\/\/tvalaire.com\/wp-content\/uploads\/2026\/02\/WhatsApp-Image-2026-01-15-at-3.20.11-PM-1-1080x675-1-330x350.jpeg",330,350,true],"1536x1536":["http:\/\/tvalaire.com\/wp-content\/uploads\/2026\/02\/WhatsApp-Image-2026-01-15-at-3.20.11-PM-1-1080x675-1.jpeg",1080,675,false],"2048x2048":["http:\/\/tvalaire.com\/wp-content\/uploads\/2026\/02\/WhatsApp-Image-2026-01-15-at-3.20.11-PM-1-1080x675-1.jpeg",1080,675,false],"newsium-slider-full":["http:\/\/tvalaire.com\/wp-content\/uploads\/2026\/02\/WhatsApp-Image-2026-01-15-at-3.20.11-PM-1-1080x675-1.jpeg",1080,675,false],"newsium-featured":["http:\/\/tvalaire.com\/wp-content\/uploads\/2026\/02\/WhatsApp-Image-2026-01-15-at-3.20.11-PM-1-1080x675-1-1024x640.jpeg",1024,640,true],"newsium-medium":["http:\/\/tvalaire.com\/wp-content\/uploads\/2026\/02\/WhatsApp-Image-2026-01-15-at-3.20.11-PM-1-1080x675-1-720x475.jpeg",720,475,true]},"author_info":{"info":["tvalairenoti"]},"category_info":"<a href=\"http:\/\/tvalaire.com\/?cat=1\" rel=\"category\">La Piedad<\/a>","tag_info":"La Piedad","comment_count":"0","jetpack_featured_media_url":"http:\/\/tvalaire.com\/wp-content\/uploads\/2026\/02\/WhatsApp-Image-2026-01-15-at-3.20.11-PM-1-1080x675-1.jpeg","_links":{"self":[{"href":"http:\/\/tvalaire.com\/index.php?rest_route=\/wp\/v2\/posts\/13336"}],"collection":[{"href":"http:\/\/tvalaire.com\/index.php?rest_route=\/wp\/v2\/posts"}],"about":[{"href":"http:\/\/tvalaire.com\/index.php?rest_route=\/wp\/v2\/types\/post"}],"author":[{"embeddable":true,"href":"http:\/\/tvalaire.com\/index.php?rest_route=\/wp\/v2\/users\/1"}],"replies":[{"embeddable":true,"href":"http:\/\/tvalaire.com\/index.php?rest_route=%2Fwp%2Fv2%2Fcomments&post=13336"}],"version-history":[{"count":1,"href":"http:\/\/tvalaire.com\/index.php?rest_route=\/wp\/v2\/posts\/13336\/revisions"}],"predecessor-version":[{"id":13340,"href":"http:\/\/tvalaire.com\/index.php?rest_route=\/wp\/v2\/posts\/13336\/revisions\/13340"}],"wp:featuredmedia":[{"embeddable":true,"href":"http:\/\/tvalaire.com\/index.php?rest_route=\/wp\/v2\/media\/13337"}],"wp:attachment":[{"href":"http:\/\/tvalaire.com\/index.php?rest_route=%2Fwp%2Fv2%2Fmedia&parent=13336"}],"wp:term":[{"taxonomy":"category","embeddable":true,"href":"http:\/\/tvalaire.com\/index.php?rest_route=%2Fwp%2Fv2%2Fcategories&post=13336"},{"taxonomy":"post_tag","embeddable":true,"href":"http:\/\/tvalaire.com\/index.php?rest_route=%2Fwp%2Fv2%2Ftags&post=13336"}],"curies":[{"name":"wp","href":"https:\/\/api.w.org\/{rel}","templated":true}]}}