{"id":13331,"date":"2026-01-19T11:49:58","date_gmt":"2026-01-19T17:49:58","guid":{"rendered":"http:\/\/tvalaire.com\/?p=13331"},"modified":"2026-02-05T11:51:44","modified_gmt":"2026-02-05T17:51:44","slug":"orgullosamente-piedadenses-la-piedad-celebra-496-anos-de-su-avecindamiento","status":"publish","type":"post","link":"http:\/\/tvalaire.com\/?p=13331","title":{"rendered":"ORGULLOSAMENTE PIEDADENSES, LA PIEDAD CELEBRA 496 A\u00d1OS DE SU AVECINDAMIENTO"},"content":{"rendered":"\n<figure class=\"wp-block-image size-large\"><img loading=\"lazy\" decoding=\"async\" width=\"1024\" height=\"640\" src=\"http:\/\/tvalaire.com\/wp-content\/uploads\/2026\/02\/WhatsApp-Image-2026-01-19-at-10.31.19-AM-1080x675-1-1-1024x640.jpeg\" alt=\"\" class=\"wp-image-13334\" srcset=\"http:\/\/tvalaire.com\/wp-content\/uploads\/2026\/02\/WhatsApp-Image-2026-01-19-at-10.31.19-AM-1080x675-1-1-1024x640.jpeg 1024w, http:\/\/tvalaire.com\/wp-content\/uploads\/2026\/02\/WhatsApp-Image-2026-01-19-at-10.31.19-AM-1080x675-1-1-300x188.jpeg 300w, http:\/\/tvalaire.com\/wp-content\/uploads\/2026\/02\/WhatsApp-Image-2026-01-19-at-10.31.19-AM-1080x675-1-1-768x480.jpeg 768w, http:\/\/tvalaire.com\/wp-content\/uploads\/2026\/02\/WhatsApp-Image-2026-01-19-at-10.31.19-AM-1080x675-1-1.jpeg 1080w\" sizes=\"(max-width: 1024px) 100vw, 1024px\" \/><\/figure>\n\n\n\n<p>Con motivo del 496 aniversario del avecindamiento de La Piedad, el Gobierno Municipal, encabezado por el presidente Samuel Hidalgo, invita a las familias piedadenses y a la ciudadan\u00eda en general a participar en las actividades conmemorativas que se han preparado para celebrar esta fecha tan significativa en la historia del municipio.<\/p>\n\n\n\n<p>Las actividades dar\u00e1n inicio el martes 20 de enero, con un acto c\u00edvico conmemorativo que se llevar\u00e1 a cabo en la Plaza Principal, en punto de las 9:00 de la ma\u00f1ana. M\u00e1s tarde, a las 18:00 horas, se contar\u00e1 con la presentaci\u00f3n musical de mariachis, como parte del programa cultural preparado para esta conmemoraci\u00f3n.<\/p>\n\n\n\n<p>Durante toda la semana se desarrollar\u00e1 una agenda de actividades culturales, art\u00edsticas y deportivas, pensadas para el disfrute de ni\u00f1as, ni\u00f1os, j\u00f3venes y adultos, priorizando en todo momento un ambiente familiar y de sana convivencia.<\/p>\n\n\n\n<p>\u201cQueremos que las familias piedadenses sean parte de cada una de las actividades que conforman esta celebraci\u00f3n, porque es una conmemoraci\u00f3n que nos pertenece a todos. Nuestro principal objetivo es fortalecer el sentido de pertenencia, preservar nuestra historia y seguir promoviendo el cari\u00f1o por La Piedad\u201d, expres\u00f3 el presidente municipal, Samuel Hidalgo Gallardo.<\/p>\n\n\n\n<p>Para este aniversario se contempla la realizaci\u00f3n de actividades como el torneo de balonmano, la Expo Juventud Emprende, exhibiciones de Skate y BMX, carrera atl\u00e9tica, as\u00ed como la presentaci\u00f3n de alumnos de piano y el coro de la UNIVA, entre otras acciones, que tendr\u00e1n como sede la Escuela de Artes, la Plaza Principal y la Unidad Deportiva Bicentenario, cerrando el programa el domingo 25 con uno de los festivales gastron\u00f3micos de mayor identidad del municipio, el \u201cFestival de las Carnitas 2026\u201d.<\/p>\n","protected":false},"excerpt":{"rendered":"<p>Con motivo del 496 aniversario del avecindamiento de La Piedad, el Gobierno Municipal, encabezado por&#8230;<\/p>\n","protected":false},"author":1,"featured_media":13333,"comment_status":"open","ping_status":"open","sticky":false,"template":"","format":"standard","meta":{"jetpack_post_was_ever_published":false,"_jetpack_newsletter_access":"","_jetpack_dont_email_post_to_subs":false,"_jetpack_newsletter_tier_id":0,"_jetpack_memberships_contains_paywalled_content":false,"_jetpack_memberships_contains_paid_content":false,"footnotes":"","jetpack_publicize_message":"","jetpack_publicize_feature_enabled":true,"jetpack_social_post_already_shared":true,"jetpack_social_options":{"image_generator_settings":{"template":"highway","enabled":false},"version":2}},"categories":[1],"tags":[15,36],"class_list":["post-13331","post","type-post","status-publish","format-standard","has-post-thumbnail","hentry","category-la-piedad","tag-la-piedad","tag-principales"],"jetpack_publicize_connections":[],"jetpack_sharing_enabled":true,"featured_image_urls":{"full":["http:\/\/tvalaire.com\/wp-content\/uploads\/2026\/02\/615885123_1292181592936216_6096958996144763020_n.jpg",590,590,false],"thumbnail":["http:\/\/tvalaire.com\/wp-content\/uploads\/2026\/02\/615885123_1292181592936216_6096958996144763020_n-150x150.jpg",150,150,true],"medium":["http:\/\/tvalaire.com\/wp-content\/uploads\/2026\/02\/615885123_1292181592936216_6096958996144763020_n-300x300.jpg",300,300,true],"medium_large":["http:\/\/tvalaire.com\/wp-content\/uploads\/2026\/02\/615885123_1292181592936216_6096958996144763020_n.jpg",590,590,false],"large":["http:\/\/tvalaire.com\/wp-content\/uploads\/2026\/02\/615885123_1292181592936216_6096958996144763020_n.jpg",590,590,false],"post-slider-thumb-size":["http:\/\/tvalaire.com\/wp-content\/uploads\/2026\/02\/615885123_1292181592936216_6096958996144763020_n-330x190.jpg",330,190,true],"post-category-slider-size":["http:\/\/tvalaire.com\/wp-content\/uploads\/2026\/02\/615885123_1292181592936216_6096958996144763020_n-330x350.jpg",330,350,true],"1536x1536":["http:\/\/tvalaire.com\/wp-content\/uploads\/2026\/02\/615885123_1292181592936216_6096958996144763020_n.jpg",590,590,false],"2048x2048":["http:\/\/tvalaire.com\/wp-content\/uploads\/2026\/02\/615885123_1292181592936216_6096958996144763020_n.jpg",590,590,false],"newsium-slider-full":["http:\/\/tvalaire.com\/wp-content\/uploads\/2026\/02\/615885123_1292181592936216_6096958996144763020_n.jpg",590,590,false],"newsium-featured":["http:\/\/tvalaire.com\/wp-content\/uploads\/2026\/02\/615885123_1292181592936216_6096958996144763020_n.jpg",590,590,false],"newsium-medium":["http:\/\/tvalaire.com\/wp-content\/uploads\/2026\/02\/615885123_1292181592936216_6096958996144763020_n-590x475.jpg",590,475,true]},"author_info":{"info":["tvalairenoti"]},"category_info":"<a href=\"http:\/\/tvalaire.com\/?cat=1\" rel=\"category\">La Piedad<\/a>","tag_info":"La Piedad","comment_count":"0","jetpack_featured_media_url":"http:\/\/tvalaire.com\/wp-content\/uploads\/2026\/02\/615885123_1292181592936216_6096958996144763020_n.jpg","_links":{"self":[{"href":"http:\/\/tvalaire.com\/index.php?rest_route=\/wp\/v2\/posts\/13331"}],"collection":[{"href":"http:\/\/tvalaire.com\/index.php?rest_route=\/wp\/v2\/posts"}],"about":[{"href":"http:\/\/tvalaire.com\/index.php?rest_route=\/wp\/v2\/types\/post"}],"author":[{"embeddable":true,"href":"http:\/\/tvalaire.com\/index.php?rest_route=\/wp\/v2\/users\/1"}],"replies":[{"embeddable":true,"href":"http:\/\/tvalaire.com\/index.php?rest_route=%2Fwp%2Fv2%2Fcomments&post=13331"}],"version-history":[{"count":1,"href":"http:\/\/tvalaire.com\/index.php?rest_route=\/wp\/v2\/posts\/13331\/revisions"}],"predecessor-version":[{"id":13335,"href":"http:\/\/tvalaire.com\/index.php?rest_route=\/wp\/v2\/posts\/13331\/revisions\/13335"}],"wp:featuredmedia":[{"embeddable":true,"href":"http:\/\/tvalaire.com\/index.php?rest_route=\/wp\/v2\/media\/13333"}],"wp:attachment":[{"href":"http:\/\/tvalaire.com\/index.php?rest_route=%2Fwp%2Fv2%2Fmedia&parent=13331"}],"wp:term":[{"taxonomy":"category","embeddable":true,"href":"http:\/\/tvalaire.com\/index.php?rest_route=%2Fwp%2Fv2%2Fcategories&post=13331"},{"taxonomy":"post_tag","embeddable":true,"href":"http:\/\/tvalaire.com\/index.php?rest_route=%2Fwp%2Fv2%2Ftags&post=13331"}],"curies":[{"name":"wp","href":"https:\/\/api.w.org\/{rel}","templated":true}]}}