{"id":13328,"date":"2026-01-23T11:48:19","date_gmt":"2026-01-23T17:48:19","guid":{"rendered":"http:\/\/tvalaire.com\/?p=13328"},"modified":"2026-02-05T11:49:42","modified_gmt":"2026-02-05T17:49:42","slug":"festival-de-las-carnitas-en-el-centro-historico-de-la-piedad","status":"publish","type":"post","link":"http:\/\/tvalaire.com\/?p=13328","title":{"rendered":"FESTIVAL DE LAS CARNITAS EN EL CENTRO HIST\u00d3RICO DE LA PIEDAD"},"content":{"rendered":"\n<p>En el marco de la celebraci\u00f3n de los 496 a\u00f1os del avecindamiento del municipio, las autoridades de Gobierno, encabezadas por el alcalde Samuel Hidalgo Gallardo, a trav\u00e9s de la Direcci\u00f3n de Promoci\u00f3n Econ\u00f3mica y Turismo, invitan al Festival de las Carnitas 2026 que se desarrollar\u00e1 el pr\u00f3ximo fin de semana.<\/p>\n\n\n\n<p>De acuerdo a lo dado a conocer por el titular de la dependencia encargada del evento a realizar el domingo 25 en punto de las 09:00 de la ma\u00f1ana Noel Rinc\u00f3n S\u00e1nchez, coment\u00f3 que se trata de una actividad en donde uno de los principales objetivos es promover el platillo t\u00edpico de la ciudad, del estado y que le da identidad a M\u00e9xico.<\/p>\n\n\n\n<p>Para esta ocasi\u00f3n se tendr\u00e1n m\u00e1s de 20 expositores que ofrecer\u00e1n variedad de alimentos derivados de la carne de cerdo, aunado a estos productos el funcionario mencion\u00f3 que tambi\u00e9n se tendr\u00e1n postres, botanas, bebidas, entre otros productos.<\/p>\n\n\n\n<p>Rinc\u00f3n S\u00e1nchez, coment\u00f3 que tambi\u00e9n se tendr\u00e1 la participaci\u00f3n musical de j\u00f3venes cantantes talentos locales que ser\u00e1n los encargados de amenizar el evento durante gran parte del d\u00eda domingo. &nbsp;<\/p>\n","protected":false},"excerpt":{"rendered":"<p>En el marco de la celebraci\u00f3n de los 496 a\u00f1os del avecindamiento del municipio, las&#8230;<\/p>\n","protected":false},"author":1,"featured_media":13329,"comment_status":"open","ping_status":"open","sticky":false,"template":"","format":"standard","meta":{"jetpack_post_was_ever_published":false,"_jetpack_newsletter_access":"","_jetpack_dont_email_post_to_subs":false,"_jetpack_newsletter_tier_id":0,"_jetpack_memberships_contains_paywalled_content":false,"_jetpack_memberships_contains_paid_content":false,"footnotes":"","jetpack_publicize_message":"","jetpack_publicize_feature_enabled":true,"jetpack_social_post_already_shared":true,"jetpack_social_options":{"image_generator_settings":{"template":"highway","enabled":false},"version":2}},"categories":[1],"tags":[15,36],"class_list":["post-13328","post","type-post","status-publish","format-standard","has-post-thumbnail","hentry","category-la-piedad","tag-la-piedad","tag-principales"],"jetpack_publicize_connections":[],"jetpack_sharing_enabled":true,"featured_image_urls":{"full":["http:\/\/tvalaire.com\/wp-content\/uploads\/2026\/02\/BANNER-1080x1080-CARNITAS-980x551-1.jpg",980,551,false],"thumbnail":["http:\/\/tvalaire.com\/wp-content\/uploads\/2026\/02\/BANNER-1080x1080-CARNITAS-980x551-1-150x150.jpg",150,150,true],"medium":["http:\/\/tvalaire.com\/wp-content\/uploads\/2026\/02\/BANNER-1080x1080-CARNITAS-980x551-1-300x169.jpg",300,169,true],"medium_large":["http:\/\/tvalaire.com\/wp-content\/uploads\/2026\/02\/BANNER-1080x1080-CARNITAS-980x551-1-768x432.jpg",640,360,true],"large":["http:\/\/tvalaire.com\/wp-content\/uploads\/2026\/02\/BANNER-1080x1080-CARNITAS-980x551-1.jpg",640,360,false],"post-slider-thumb-size":["http:\/\/tvalaire.com\/wp-content\/uploads\/2026\/02\/BANNER-1080x1080-CARNITAS-980x551-1-330x190.jpg",330,190,true],"post-category-slider-size":["http:\/\/tvalaire.com\/wp-content\/uploads\/2026\/02\/BANNER-1080x1080-CARNITAS-980x551-1-330x350.jpg",330,350,true],"1536x1536":["http:\/\/tvalaire.com\/wp-content\/uploads\/2026\/02\/BANNER-1080x1080-CARNITAS-980x551-1.jpg",980,551,false],"2048x2048":["http:\/\/tvalaire.com\/wp-content\/uploads\/2026\/02\/BANNER-1080x1080-CARNITAS-980x551-1.jpg",980,551,false],"newsium-slider-full":["http:\/\/tvalaire.com\/wp-content\/uploads\/2026\/02\/BANNER-1080x1080-CARNITAS-980x551-1.jpg",980,551,false],"newsium-featured":["http:\/\/tvalaire.com\/wp-content\/uploads\/2026\/02\/BANNER-1080x1080-CARNITAS-980x551-1.jpg",980,551,false],"newsium-medium":["http:\/\/tvalaire.com\/wp-content\/uploads\/2026\/02\/BANNER-1080x1080-CARNITAS-980x551-1-720x475.jpg",720,475,true]},"author_info":{"info":["tvalairenoti"]},"category_info":"<a href=\"http:\/\/tvalaire.com\/?cat=1\" rel=\"category\">La Piedad<\/a>","tag_info":"La Piedad","comment_count":"0","jetpack_featured_media_url":"http:\/\/tvalaire.com\/wp-content\/uploads\/2026\/02\/BANNER-1080x1080-CARNITAS-980x551-1.jpg","_links":{"self":[{"href":"http:\/\/tvalaire.com\/index.php?rest_route=\/wp\/v2\/posts\/13328"}],"collection":[{"href":"http:\/\/tvalaire.com\/index.php?rest_route=\/wp\/v2\/posts"}],"about":[{"href":"http:\/\/tvalaire.com\/index.php?rest_route=\/wp\/v2\/types\/post"}],"author":[{"embeddable":true,"href":"http:\/\/tvalaire.com\/index.php?rest_route=\/wp\/v2\/users\/1"}],"replies":[{"embeddable":true,"href":"http:\/\/tvalaire.com\/index.php?rest_route=%2Fwp%2Fv2%2Fcomments&post=13328"}],"version-history":[{"count":1,"href":"http:\/\/tvalaire.com\/index.php?rest_route=\/wp\/v2\/posts\/13328\/revisions"}],"predecessor-version":[{"id":13330,"href":"http:\/\/tvalaire.com\/index.php?rest_route=\/wp\/v2\/posts\/13328\/revisions\/13330"}],"wp:featuredmedia":[{"embeddable":true,"href":"http:\/\/tvalaire.com\/index.php?rest_route=\/wp\/v2\/media\/13329"}],"wp:attachment":[{"href":"http:\/\/tvalaire.com\/index.php?rest_route=%2Fwp%2Fv2%2Fmedia&parent=13328"}],"wp:term":[{"taxonomy":"category","embeddable":true,"href":"http:\/\/tvalaire.com\/index.php?rest_route=%2Fwp%2Fv2%2Fcategories&post=13328"},{"taxonomy":"post_tag","embeddable":true,"href":"http:\/\/tvalaire.com\/index.php?rest_route=%2Fwp%2Fv2%2Ftags&post=13328"}],"curies":[{"name":"wp","href":"https:\/\/api.w.org\/{rel}","templated":true}]}}