{"id":13322,"date":"2026-01-26T11:46:31","date_gmt":"2026-01-26T17:46:31","guid":{"rendered":"http:\/\/tvalaire.com\/?p=13322"},"modified":"2026-02-05T11:48:02","modified_gmt":"2026-02-05T17:48:02","slug":"gobierno-de-la-piedad-concluye-festejos-por-el-496-aniversario-del-avecindamiento","status":"publish","type":"post","link":"http:\/\/tvalaire.com\/?p=13322","title":{"rendered":"GOBIERNO DE LA PIEDAD CONCLUYE FESTEJOS POR EL 496 ANIVERSARIO DEL AVECINDAMIENTO"},"content":{"rendered":"\n<figure class=\"wp-block-image size-full\"><img loading=\"lazy\" decoding=\"async\" width=\"585\" height=\"394\" src=\"http:\/\/tvalaire.com\/wp-content\/uploads\/2026\/02\/621980614_1298115742342801_6177887042095379748_n.jpg\" alt=\"\" class=\"wp-image-13324\" srcset=\"http:\/\/tvalaire.com\/wp-content\/uploads\/2026\/02\/621980614_1298115742342801_6177887042095379748_n.jpg 585w, http:\/\/tvalaire.com\/wp-content\/uploads\/2026\/02\/621980614_1298115742342801_6177887042095379748_n-300x202.jpg 300w\" sizes=\"(max-width: 585px) 100vw, 585px\" \/><\/figure>\n\n\n\n<p>El Gobierno Municipal de La Piedad concluy\u00f3 este fin de semana las actividades conmemorativas por el 496 aniversario del avecindamiento, una celebraci\u00f3n que incluy\u00f3 eventos c\u00edvicos, culturales y deportivos, y que tuvo como cierre la quinta edici\u00f3n del festival gastron\u00f3mico \u201cFeria de las Carnitas\u201d, realizado en la Plaza Principal.<\/p>\n\n\n\n<p>\u201cSon 496 a\u00f1os de historia, tradici\u00f3n e identidad. Las y los piedadenses tenemos un profundo arraigo a nuestras ra\u00edces y a nuestros antepasados. Por ello, este gobierno que me toca encabezar prepar\u00f3 m\u00faltiples actividades en distintos \u00e1mbitos, para que las familias piedadenses pudieran disfrutarlas y, con el paso de los a\u00f1os, puedan contar a sus descendientes que fueron parte de estos momentos que forman la historia de nuestro municipio\u201d, coment\u00f3 el presidente Samuel Hidalgo.<\/p>\n\n\n\n<p>El Alcalde hizo una menci\u00f3n especial al Quinto Festival de las Carnitas, evento que dio cierre a las celebraciones del avecindamiento, resaltando su valor cultural y gastron\u00f3mico:<\/p>\n\n\n\n<p>\u201cHoy nos damos cita para celebrar un platillo mexicano con presencia en el mundo, de origen michoacano y con una distinci\u00f3n especial cuando se habla de las carnitas piedadenses. Un orgulloso piedadense puede decir con seguridad que las mejores carnitas son las de La Piedad\u201d, afirm\u00f3 el Presidente.<\/p>\n\n\n\n<p>Es de mencionar que, durante los festejos, la ciudadan\u00eda estuvo presente en la variedad de actividades que se organizaron tales como la presentaci\u00f3n musical de mariachis, la participaci\u00f3n del Coro de UNIVA, torneo rel\u00e1mpago de Handball, la carrera, atl\u00e9tica deportiva, eventos culturales, y art\u00edsticos, como conciertos de viol\u00edn, guitarra y piano de los alumnos de la Escuela de Artes, para terminar con una actividad gastron\u00f3mica en la que se ofreci\u00f3 uno de los platillos que dan identidad a nuestro municipio, el estado y a nivel nacional.<\/p>\n\n\n\n<figure class=\"wp-block-image size-full\"><img loading=\"lazy\" decoding=\"async\" width=\"590\" height=\"393\" src=\"http:\/\/tvalaire.com\/wp-content\/uploads\/2026\/02\/622157692_1298115789009463_1886015231221539101_n.jpg\" alt=\"\" class=\"wp-image-13325\" srcset=\"http:\/\/tvalaire.com\/wp-content\/uploads\/2026\/02\/622157692_1298115789009463_1886015231221539101_n.jpg 590w, http:\/\/tvalaire.com\/wp-content\/uploads\/2026\/02\/622157692_1298115789009463_1886015231221539101_n-300x200.jpg 300w\" sizes=\"(max-width: 590px) 100vw, 590px\" \/><\/figure>\n\n\n\n<figure class=\"wp-block-image size-full\"><img loading=\"lazy\" decoding=\"async\" width=\"590\" height=\"393\" src=\"http:\/\/tvalaire.com\/wp-content\/uploads\/2026\/02\/623710816_1298115745676134_4915717345550492921_n.jpg\" alt=\"\" class=\"wp-image-13326\" srcset=\"http:\/\/tvalaire.com\/wp-content\/uploads\/2026\/02\/623710816_1298115745676134_4915717345550492921_n.jpg 590w, http:\/\/tvalaire.com\/wp-content\/uploads\/2026\/02\/623710816_1298115745676134_4915717345550492921_n-300x200.jpg 300w\" sizes=\"(max-width: 590px) 100vw, 590px\" \/><\/figure>\n","protected":false},"excerpt":{"rendered":"<p>El Gobierno Municipal de La Piedad concluy\u00f3 este fin de semana las actividades conmemorativas por&#8230;<\/p>\n","protected":false},"author":1,"featured_media":13323,"comment_status":"open","ping_status":"open","sticky":false,"template":"","format":"standard","meta":{"jetpack_post_was_ever_published":false,"_jetpack_newsletter_access":"","_jetpack_dont_email_post_to_subs":false,"_jetpack_newsletter_tier_id":0,"_jetpack_memberships_contains_paywalled_content":false,"_jetpack_memberships_contains_paid_content":false,"footnotes":"","jetpack_publicize_message":"","jetpack_publicize_feature_enabled":true,"jetpack_social_post_already_shared":true,"jetpack_social_options":{"image_generator_settings":{"template":"highway","enabled":false},"version":2}},"categories":[1],"tags":[15,36],"class_list":["post-13322","post","type-post","status-publish","format-standard","has-post-thumbnail","hentry","category-la-piedad","tag-la-piedad","tag-principales"],"jetpack_publicize_connections":[],"jetpack_sharing_enabled":true,"featured_image_urls":{"full":["http:\/\/tvalaire.com\/wp-content\/uploads\/2026\/02\/619662093_1293830422771333_2849964047341115281_n-1080x675-1.jpg",1080,675,false],"thumbnail":["http:\/\/tvalaire.com\/wp-content\/uploads\/2026\/02\/619662093_1293830422771333_2849964047341115281_n-1080x675-1-150x150.jpg",150,150,true],"medium":["http:\/\/tvalaire.com\/wp-content\/uploads\/2026\/02\/619662093_1293830422771333_2849964047341115281_n-1080x675-1-300x188.jpg",300,188,true],"medium_large":["http:\/\/tvalaire.com\/wp-content\/uploads\/2026\/02\/619662093_1293830422771333_2849964047341115281_n-1080x675-1-768x480.jpg",640,400,true],"large":["http:\/\/tvalaire.com\/wp-content\/uploads\/2026\/02\/619662093_1293830422771333_2849964047341115281_n-1080x675-1-1024x640.jpg",640,400,true],"post-slider-thumb-size":["http:\/\/tvalaire.com\/wp-content\/uploads\/2026\/02\/619662093_1293830422771333_2849964047341115281_n-1080x675-1-330x190.jpg",330,190,true],"post-category-slider-size":["http:\/\/tvalaire.com\/wp-content\/uploads\/2026\/02\/619662093_1293830422771333_2849964047341115281_n-1080x675-1-330x350.jpg",330,350,true],"1536x1536":["http:\/\/tvalaire.com\/wp-content\/uploads\/2026\/02\/619662093_1293830422771333_2849964047341115281_n-1080x675-1.jpg",1080,675,false],"2048x2048":["http:\/\/tvalaire.com\/wp-content\/uploads\/2026\/02\/619662093_1293830422771333_2849964047341115281_n-1080x675-1.jpg",1080,675,false],"newsium-slider-full":["http:\/\/tvalaire.com\/wp-content\/uploads\/2026\/02\/619662093_1293830422771333_2849964047341115281_n-1080x675-1.jpg",1080,675,false],"newsium-featured":["http:\/\/tvalaire.com\/wp-content\/uploads\/2026\/02\/619662093_1293830422771333_2849964047341115281_n-1080x675-1-1024x640.jpg",1024,640,true],"newsium-medium":["http:\/\/tvalaire.com\/wp-content\/uploads\/2026\/02\/619662093_1293830422771333_2849964047341115281_n-1080x675-1-720x475.jpg",720,475,true]},"author_info":{"info":["tvalairenoti"]},"category_info":"<a href=\"http:\/\/tvalaire.com\/?cat=1\" rel=\"category\">La Piedad<\/a>","tag_info":"La Piedad","comment_count":"0","jetpack_featured_media_url":"http:\/\/tvalaire.com\/wp-content\/uploads\/2026\/02\/619662093_1293830422771333_2849964047341115281_n-1080x675-1.jpg","_links":{"self":[{"href":"http:\/\/tvalaire.com\/index.php?rest_route=\/wp\/v2\/posts\/13322"}],"collection":[{"href":"http:\/\/tvalaire.com\/index.php?rest_route=\/wp\/v2\/posts"}],"about":[{"href":"http:\/\/tvalaire.com\/index.php?rest_route=\/wp\/v2\/types\/post"}],"author":[{"embeddable":true,"href":"http:\/\/tvalaire.com\/index.php?rest_route=\/wp\/v2\/users\/1"}],"replies":[{"embeddable":true,"href":"http:\/\/tvalaire.com\/index.php?rest_route=%2Fwp%2Fv2%2Fcomments&post=13322"}],"version-history":[{"count":1,"href":"http:\/\/tvalaire.com\/index.php?rest_route=\/wp\/v2\/posts\/13322\/revisions"}],"predecessor-version":[{"id":13327,"href":"http:\/\/tvalaire.com\/index.php?rest_route=\/wp\/v2\/posts\/13322\/revisions\/13327"}],"wp:featuredmedia":[{"embeddable":true,"href":"http:\/\/tvalaire.com\/index.php?rest_route=\/wp\/v2\/media\/13323"}],"wp:attachment":[{"href":"http:\/\/tvalaire.com\/index.php?rest_route=%2Fwp%2Fv2%2Fmedia&parent=13322"}],"wp:term":[{"taxonomy":"category","embeddable":true,"href":"http:\/\/tvalaire.com\/index.php?rest_route=%2Fwp%2Fv2%2Fcategories&post=13322"},{"taxonomy":"post_tag","embeddable":true,"href":"http:\/\/tvalaire.com\/index.php?rest_route=%2Fwp%2Fv2%2Ftags&post=13322"}],"curies":[{"name":"wp","href":"https:\/\/api.w.org\/{rel}","templated":true}]}}