{"id":13291,"date":"2025-12-03T11:54:03","date_gmt":"2025-12-03T17:54:03","guid":{"rendered":"http:\/\/tvalaire.com\/?p=13291"},"modified":"2026-01-12T11:55:12","modified_gmt":"2026-01-12T17:55:12","slug":"la-piedad-tendra-un-concierto-internacional-de-piano-y-violin-con-artistas-de-renombre","status":"publish","type":"post","link":"http:\/\/tvalaire.com\/?p=13291","title":{"rendered":"LA PIEDAD TENDR\u00c1 UN CONCIERTO INTERNACIONAL DE PIANO Y VIOL\u00cdN CON ARTISTAS DE RENOMBRE"},"content":{"rendered":"\n<ul class=\"wp-block-list\">\n<li><strong>Mi\u00e9rcoles 03 en la Escuela de Artes, a partir de las 19:00 horas<\/strong><\/li>\n\n\n\n<li><strong>Un evento gratuito para disfrutar m\u00fasica instrumental de nivel internacional.<\/strong><\/li>\n<\/ul>\n\n\n\n<p>A trav\u00e9s de la Direcci\u00f3n de Cultura, el Gobierno Municipal de La Piedad, encabezado por el presidente Samuel Hidalgo Gallardo, junto con la regidora de Cultura, invita a la poblaci\u00f3n en general a participar este mi\u00e9rcoles 3 en el concierto internacional de piano y viol\u00edn preparado para nuestra ciudad.<\/p>\n\n\n\n<p>El evento se llevar\u00e1 a cabo en el patio central de la Escuela de Artes, a partir de las 19:00 horas, y contar\u00e1 con la presentaci\u00f3n del maestro franc\u00e9s Th\u00e9o Fouchennert, galardonado con el primer premio como \u201cRevelaci\u00f3n Solista Instrumental\u201d en el Concurso Internacional de Ginebra 2018.<\/p>\n\n\n\n<p>El escenario tambi\u00e9n ser\u00e1 compartido con el violinista Alexandre Pascal, m\u00fasico de c\u00e1mara franc\u00e9s, reconocido por su participaci\u00f3n frecuente en conciertos europeos y como acompa\u00f1ante de orquestas de prestigio internacional.<\/p>\n\n\n\n<p>Ambos artistas unir\u00e1n su talento para interpretar una selecci\u00f3n de piezas instrumentales dise\u00f1adas para el disfrute del p\u00fablico.<\/p>\n\n\n\n<p>Cabe destacar que, a diferencia de otros foros donde se han presentado, su actuaci\u00f3n en La Piedad ser\u00e1 completamente gratuita, lo que permitir\u00e1 a las familias disfrutar de un espect\u00e1culo de m\u00fasica instrumental de alto nivel.<\/p>\n\n\n\n<p>Las autoridades municipales agradecen al maestro Ra\u00fal Olmos Torres, rector del Conservatorio de las Rosas, por su valiosa disposici\u00f3n para que este tipo de eventos se realicen en nuestra ciudad, en beneficio de las y los piedadenses.<\/p>\n\n\n\n<p><\/p>\n","protected":false},"excerpt":{"rendered":"<p>A trav\u00e9s de la Direcci\u00f3n de Cultura, el Gobierno Municipal de La Piedad, encabezado por&#8230;<\/p>\n","protected":false},"author":1,"featured_media":13292,"comment_status":"open","ping_status":"open","sticky":false,"template":"","format":"standard","meta":{"jetpack_post_was_ever_published":false,"_jetpack_newsletter_access":"","_jetpack_dont_email_post_to_subs":false,"_jetpack_newsletter_tier_id":0,"_jetpack_memberships_contains_paywalled_content":false,"_jetpack_memberships_contains_paid_content":false,"footnotes":"","jetpack_publicize_message":"","jetpack_publicize_feature_enabled":true,"jetpack_social_post_already_shared":true,"jetpack_social_options":{"image_generator_settings":{"template":"highway","enabled":false},"version":2}},"categories":[1],"tags":[15,36],"class_list":["post-13291","post","type-post","status-publish","format-standard","has-post-thumbnail","hentry","category-la-piedad","tag-la-piedad","tag-principales"],"jetpack_publicize_connections":[],"jetpack_sharing_enabled":true,"featured_image_urls":{"full":["http:\/\/tvalaire.com\/wp-content\/uploads\/2026\/01\/WhatsApp-Image-2025-12-01-at-7.49.54-PM-980x980-1.jpeg",980,980,false],"thumbnail":["http:\/\/tvalaire.com\/wp-content\/uploads\/2026\/01\/WhatsApp-Image-2025-12-01-at-7.49.54-PM-980x980-1-150x150.jpeg",150,150,true],"medium":["http:\/\/tvalaire.com\/wp-content\/uploads\/2026\/01\/WhatsApp-Image-2025-12-01-at-7.49.54-PM-980x980-1-300x300.jpeg",300,300,true],"medium_large":["http:\/\/tvalaire.com\/wp-content\/uploads\/2026\/01\/WhatsApp-Image-2025-12-01-at-7.49.54-PM-980x980-1-768x768.jpeg",640,640,true],"large":["http:\/\/tvalaire.com\/wp-content\/uploads\/2026\/01\/WhatsApp-Image-2025-12-01-at-7.49.54-PM-980x980-1.jpeg",640,640,false],"post-slider-thumb-size":["http:\/\/tvalaire.com\/wp-content\/uploads\/2026\/01\/WhatsApp-Image-2025-12-01-at-7.49.54-PM-980x980-1-330x190.jpeg",330,190,true],"post-category-slider-size":["http:\/\/tvalaire.com\/wp-content\/uploads\/2026\/01\/WhatsApp-Image-2025-12-01-at-7.49.54-PM-980x980-1-330x350.jpeg",330,350,true],"1536x1536":["http:\/\/tvalaire.com\/wp-content\/uploads\/2026\/01\/WhatsApp-Image-2025-12-01-at-7.49.54-PM-980x980-1.jpeg",980,980,false],"2048x2048":["http:\/\/tvalaire.com\/wp-content\/uploads\/2026\/01\/WhatsApp-Image-2025-12-01-at-7.49.54-PM-980x980-1.jpeg",980,980,false],"newsium-slider-full":["http:\/\/tvalaire.com\/wp-content\/uploads\/2026\/01\/WhatsApp-Image-2025-12-01-at-7.49.54-PM-980x980-1-980x845.jpeg",980,845,true],"newsium-featured":["http:\/\/tvalaire.com\/wp-content\/uploads\/2026\/01\/WhatsApp-Image-2025-12-01-at-7.49.54-PM-980x980-1.jpeg",980,980,false],"newsium-medium":["http:\/\/tvalaire.com\/wp-content\/uploads\/2026\/01\/WhatsApp-Image-2025-12-01-at-7.49.54-PM-980x980-1-720x475.jpeg",720,475,true]},"author_info":{"info":["tvalairenoti"]},"category_info":"<a href=\"http:\/\/tvalaire.com\/?cat=1\" rel=\"category\">La Piedad<\/a>","tag_info":"La Piedad","comment_count":"0","jetpack_featured_media_url":"http:\/\/tvalaire.com\/wp-content\/uploads\/2026\/01\/WhatsApp-Image-2025-12-01-at-7.49.54-PM-980x980-1.jpeg","_links":{"self":[{"href":"http:\/\/tvalaire.com\/index.php?rest_route=\/wp\/v2\/posts\/13291"}],"collection":[{"href":"http:\/\/tvalaire.com\/index.php?rest_route=\/wp\/v2\/posts"}],"about":[{"href":"http:\/\/tvalaire.com\/index.php?rest_route=\/wp\/v2\/types\/post"}],"author":[{"embeddable":true,"href":"http:\/\/tvalaire.com\/index.php?rest_route=\/wp\/v2\/users\/1"}],"replies":[{"embeddable":true,"href":"http:\/\/tvalaire.com\/index.php?rest_route=%2Fwp%2Fv2%2Fcomments&post=13291"}],"version-history":[{"count":1,"href":"http:\/\/tvalaire.com\/index.php?rest_route=\/wp\/v2\/posts\/13291\/revisions"}],"predecessor-version":[{"id":13293,"href":"http:\/\/tvalaire.com\/index.php?rest_route=\/wp\/v2\/posts\/13291\/revisions\/13293"}],"wp:featuredmedia":[{"embeddable":true,"href":"http:\/\/tvalaire.com\/index.php?rest_route=\/wp\/v2\/media\/13292"}],"wp:attachment":[{"href":"http:\/\/tvalaire.com\/index.php?rest_route=%2Fwp%2Fv2%2Fmedia&parent=13291"}],"wp:term":[{"taxonomy":"category","embeddable":true,"href":"http:\/\/tvalaire.com\/index.php?rest_route=%2Fwp%2Fv2%2Fcategories&post=13291"},{"taxonomy":"post_tag","embeddable":true,"href":"http:\/\/tvalaire.com\/index.php?rest_route=%2Fwp%2Fv2%2Ftags&post=13291"}],"curies":[{"name":"wp","href":"https:\/\/api.w.org\/{rel}","templated":true}]}}