{"id":13281,"date":"2025-12-05T11:50:18","date_gmt":"2025-12-05T17:50:18","guid":{"rendered":"http:\/\/tvalaire.com\/?p=13281"},"modified":"2026-01-12T11:51:53","modified_gmt":"2026-01-12T17:51:53","slug":"mas-de-cuatro-mil-estudiantes-beneficiados-con-becas-municipales-en-la-piedad","status":"publish","type":"post","link":"http:\/\/tvalaire.com\/?p=13281","title":{"rendered":"M\u00c1S DE CUATRO MIL ESTUDIANTES BENEFICIADOS CON BECAS MUNICIPALES EN LA PIEDAD"},"content":{"rendered":"\n<ul class=\"wp-block-list\">\n<li><strong>Pr\u00f3ximo lunes 08 de diciembre inicia la entrega del recurso<\/strong><\/li>\n\n\n\n<li><strong>De 10:00 de la ma\u00f1ana a 14:00 horas en la Unidad de Abajo<\/strong><\/li>\n<\/ul>\n\n\n\n<p>El Gobierno Municipal a trav\u00e9s de la direcci\u00f3n de Educaci\u00f3n, informa que a partir del pr\u00f3ximo lunes 08 y hasta el mi\u00e9rcoles 10 se realizar\u00e1 la entrega del apoyo econ\u00f3mico que se hace por medio de las Becas Municipales que se promueven por parte de las autoridades.<\/p>\n\n\n\n<p>Para esta ocasi\u00f3n el est\u00edmulo que se entregar\u00e1 corresponde al periodo septiembre- octubre del ciclo escolar 2025-2026 para as\u00ed favorecer a m\u00e1s de cuatro mil estudiantes desde el nivel primaria hasta universidad.<\/p>\n\n\n\n<p>El auditorio de las instalaciones deportivas de la unidad \u201cJ. Jes\u00fas Romero P\u00e9rez\u201d, estar\u00e1n preparadas a partir de las 10:00 de la ma\u00f1ana y hasta las 2:00 en donde el personal de la oficina estar\u00e1 entregando el recurso.<\/p>\n\n\n\n<p>Cabe mencionar que para poder recibir el est\u00edmulo econ\u00f3mico es importante de los nuevos becarios ya cuenten con su tarjet\u00f3n que los avala como parte del programa municipal.<\/p>\n\n\n\n<p>De igual manera, destacar que los estudiantes, tutores o padres de familia que tengan dudas sobre el tema, pueden acercarse a la direcci\u00f3n de Educaci\u00f3n y aclarar todas tus preguntas y as\u00ed estar bien informados sobre este subsidio que el Gobierno entrega a fin de contribuir con la educaci\u00f3n de ni\u00f1os y j\u00f3venes piedadenses.<\/p>\n","protected":false},"excerpt":{"rendered":"<p>El Gobierno Municipal a trav\u00e9s de la direcci\u00f3n de Educaci\u00f3n, informa que a partir del&#8230;<\/p>\n","protected":false},"author":1,"featured_media":13282,"comment_status":"open","ping_status":"open","sticky":false,"template":"","format":"standard","meta":{"jetpack_post_was_ever_published":false,"_jetpack_newsletter_access":"","_jetpack_dont_email_post_to_subs":false,"_jetpack_newsletter_tier_id":0,"_jetpack_memberships_contains_paywalled_content":false,"_jetpack_memberships_contains_paid_content":false,"footnotes":"","jetpack_publicize_message":"","jetpack_publicize_feature_enabled":true,"jetpack_social_post_already_shared":true,"jetpack_social_options":{"image_generator_settings":{"template":"highway","enabled":false},"version":2}},"categories":[1],"tags":[15,36],"class_list":["post-13281","post","type-post","status-publish","format-standard","has-post-thumbnail","hentry","category-la-piedad","tag-la-piedad","tag-principales"],"jetpack_publicize_connections":[],"jetpack_sharing_enabled":true,"featured_image_urls":{"full":["http:\/\/tvalaire.com\/wp-content\/uploads\/2026\/01\/PAGO-BECAS-copia-980x490-1.jpg",980,490,false],"thumbnail":["http:\/\/tvalaire.com\/wp-content\/uploads\/2026\/01\/PAGO-BECAS-copia-980x490-1-150x150.jpg",150,150,true],"medium":["http:\/\/tvalaire.com\/wp-content\/uploads\/2026\/01\/PAGO-BECAS-copia-980x490-1-300x150.jpg",300,150,true],"medium_large":["http:\/\/tvalaire.com\/wp-content\/uploads\/2026\/01\/PAGO-BECAS-copia-980x490-1-768x384.jpg",640,320,true],"large":["http:\/\/tvalaire.com\/wp-content\/uploads\/2026\/01\/PAGO-BECAS-copia-980x490-1.jpg",640,320,false],"post-slider-thumb-size":["http:\/\/tvalaire.com\/wp-content\/uploads\/2026\/01\/PAGO-BECAS-copia-980x490-1-330x190.jpg",330,190,true],"post-category-slider-size":["http:\/\/tvalaire.com\/wp-content\/uploads\/2026\/01\/PAGO-BECAS-copia-980x490-1-330x350.jpg",330,350,true],"1536x1536":["http:\/\/tvalaire.com\/wp-content\/uploads\/2026\/01\/PAGO-BECAS-copia-980x490-1.jpg",980,490,false],"2048x2048":["http:\/\/tvalaire.com\/wp-content\/uploads\/2026\/01\/PAGO-BECAS-copia-980x490-1.jpg",980,490,false],"newsium-slider-full":["http:\/\/tvalaire.com\/wp-content\/uploads\/2026\/01\/PAGO-BECAS-copia-980x490-1.jpg",980,490,false],"newsium-featured":["http:\/\/tvalaire.com\/wp-content\/uploads\/2026\/01\/PAGO-BECAS-copia-980x490-1.jpg",980,490,false],"newsium-medium":["http:\/\/tvalaire.com\/wp-content\/uploads\/2026\/01\/PAGO-BECAS-copia-980x490-1-720x475.jpg",720,475,true]},"author_info":{"info":["tvalairenoti"]},"category_info":"<a href=\"http:\/\/tvalaire.com\/?cat=1\" rel=\"category\">La Piedad<\/a>","tag_info":"La Piedad","comment_count":"0","jetpack_featured_media_url":"http:\/\/tvalaire.com\/wp-content\/uploads\/2026\/01\/PAGO-BECAS-copia-980x490-1.jpg","_links":{"self":[{"href":"http:\/\/tvalaire.com\/index.php?rest_route=\/wp\/v2\/posts\/13281"}],"collection":[{"href":"http:\/\/tvalaire.com\/index.php?rest_route=\/wp\/v2\/posts"}],"about":[{"href":"http:\/\/tvalaire.com\/index.php?rest_route=\/wp\/v2\/types\/post"}],"author":[{"embeddable":true,"href":"http:\/\/tvalaire.com\/index.php?rest_route=\/wp\/v2\/users\/1"}],"replies":[{"embeddable":true,"href":"http:\/\/tvalaire.com\/index.php?rest_route=%2Fwp%2Fv2%2Fcomments&post=13281"}],"version-history":[{"count":1,"href":"http:\/\/tvalaire.com\/index.php?rest_route=\/wp\/v2\/posts\/13281\/revisions"}],"predecessor-version":[{"id":13283,"href":"http:\/\/tvalaire.com\/index.php?rest_route=\/wp\/v2\/posts\/13281\/revisions\/13283"}],"wp:featuredmedia":[{"embeddable":true,"href":"http:\/\/tvalaire.com\/index.php?rest_route=\/wp\/v2\/media\/13282"}],"wp:attachment":[{"href":"http:\/\/tvalaire.com\/index.php?rest_route=%2Fwp%2Fv2%2Fmedia&parent=13281"}],"wp:term":[{"taxonomy":"category","embeddable":true,"href":"http:\/\/tvalaire.com\/index.php?rest_route=%2Fwp%2Fv2%2Fcategories&post=13281"},{"taxonomy":"post_tag","embeddable":true,"href":"http:\/\/tvalaire.com\/index.php?rest_route=%2Fwp%2Fv2%2Ftags&post=13281"}],"curies":[{"name":"wp","href":"https:\/\/api.w.org\/{rel}","templated":true}]}}