{"id":13271,"date":"2025-12-16T11:43:21","date_gmt":"2025-12-16T17:43:21","guid":{"rendered":"http:\/\/tvalaire.com\/?p=13271"},"modified":"2026-01-12T11:48:09","modified_gmt":"2026-01-12T17:48:09","slug":"gobierno-de-la-piedad-otorga-la-preseajose-ma-cavadas-a-la-dra-natalia-salinas","status":"publish","type":"post","link":"http:\/\/tvalaire.com\/?p=13271","title":{"rendered":"GOBIERNO DE LA PIEDAD OTORGA LA PRESEA\u201cJOS\u00c9 MA. CAVADAS\u201d A LA DRA. NATALIA SALINAS"},"content":{"rendered":"\n<ul class=\"wp-block-list\">\n<li><strong>La M\u00e1xima Condecoraci\u00f3n que se otorga a quienes entregan su vida al servicio del municipio<\/strong><\/li>\n\n\n\n<li><strong>\u201cUn ejemplo de lo que somos capaces cuando trabajamos por el bien de La Piedad\u201d: Samuel Hidalgo<\/strong><\/li>\n<\/ul>\n\n\n\n<p>El Gobierno Municipal de La Piedad otorg\u00f3 la Presea<em>&nbsp;\u201cJos\u00e9 Ma. Cavadas\u201d<\/em>, a la Dra. Natalia Alejandra Salinas Bravo, esta es la m\u00e1xima condecoraci\u00f3n que otorga el Ayuntamiento como reconocimiento a quienes han entregado su vida al servicio del municipio.<\/p>\n\n\n\n<p>En esta edici\u00f3n, la distinci\u00f3n fue conferida a la Dra. Natalia Salinas, por su invaluable labor en el impulso de modelos de formaci\u00f3n humana, liderazgo social y una s\u00f3lida vinculaci\u00f3n comunitaria que ha dejado una profunda huella en m\u00faltiples generaciones de piedadenses.<\/p>\n\n\n\n<p>A trav\u00e9s de su trayectoria, la Dra. Salinas ha demostrado un firme compromiso con el desarrollo educativo y social de nuestro municipio, promoviendo iniciativas que fortalecen el tejido comunitario y brindan oportunidades de crecimiento para j\u00f3venes y adultos.<\/p>\n\n\n\n<p>Durante la ceremonia, el Presidente de La Piedad, Samuel Hidalgo, mencion\u00f3 \u201cEsta condecoraci\u00f3n es el mayor honor que puede entregar este Ayuntamiento a un piedadense, es un s\u00edmbolo profundo de agradecimiento de toda una ciudad a quienes han servido con entrega y con \u00e9tica\u201d.<\/p>\n\n\n\n<p>El Gobierno Municipal felicita a la Dra. Natalia Salinas y reitera su compromiso de seguir impulsando acciones que reconozcan y promuevan el esfuerzo de quienes contribuyen al progreso y bienestar de nuestra comunidad.<\/p>\n","protected":false},"excerpt":{"rendered":"<p>El Gobierno Municipal de La Piedad otorg\u00f3 la Presea&nbsp;\u201cJos\u00e9 Ma. Cavadas\u201d, a la Dra. Natalia&#8230;<\/p>\n","protected":false},"author":1,"featured_media":13276,"comment_status":"open","ping_status":"open","sticky":false,"template":"","format":"standard","meta":{"jetpack_post_was_ever_published":false,"_jetpack_newsletter_access":"","_jetpack_dont_email_post_to_subs":false,"_jetpack_newsletter_tier_id":0,"_jetpack_memberships_contains_paywalled_content":false,"_jetpack_memberships_contains_paid_content":false,"footnotes":"","jetpack_publicize_message":"","jetpack_publicize_feature_enabled":true,"jetpack_social_post_already_shared":true,"jetpack_social_options":{"image_generator_settings":{"template":"highway","enabled":false},"version":2}},"categories":[1],"tags":[15,36],"class_list":["post-13271","post","type-post","status-publish","format-standard","has-post-thumbnail","hentry","category-la-piedad","tag-la-piedad","tag-principales"],"jetpack_publicize_connections":[],"jetpack_sharing_enabled":true,"featured_image_urls":{"full":["http:\/\/tvalaire.com\/wp-content\/uploads\/2026\/01\/WhatsApp-Image-2025-12-11-at-10.33.11-AM-1-1080x675-1.jpeg",1080,675,false],"thumbnail":["http:\/\/tvalaire.com\/wp-content\/uploads\/2026\/01\/WhatsApp-Image-2025-12-11-at-10.33.11-AM-1-1080x675-1-150x150.jpeg",150,150,true],"medium":["http:\/\/tvalaire.com\/wp-content\/uploads\/2026\/01\/WhatsApp-Image-2025-12-11-at-10.33.11-AM-1-1080x675-1-300x188.jpeg",300,188,true],"medium_large":["http:\/\/tvalaire.com\/wp-content\/uploads\/2026\/01\/WhatsApp-Image-2025-12-11-at-10.33.11-AM-1-1080x675-1-768x480.jpeg",640,400,true],"large":["http:\/\/tvalaire.com\/wp-content\/uploads\/2026\/01\/WhatsApp-Image-2025-12-11-at-10.33.11-AM-1-1080x675-1-1024x640.jpeg",640,400,true],"post-slider-thumb-size":["http:\/\/tvalaire.com\/wp-content\/uploads\/2026\/01\/WhatsApp-Image-2025-12-11-at-10.33.11-AM-1-1080x675-1-330x190.jpeg",330,190,true],"post-category-slider-size":["http:\/\/tvalaire.com\/wp-content\/uploads\/2026\/01\/WhatsApp-Image-2025-12-11-at-10.33.11-AM-1-1080x675-1-330x350.jpeg",330,350,true],"1536x1536":["http:\/\/tvalaire.com\/wp-content\/uploads\/2026\/01\/WhatsApp-Image-2025-12-11-at-10.33.11-AM-1-1080x675-1.jpeg",1080,675,false],"2048x2048":["http:\/\/tvalaire.com\/wp-content\/uploads\/2026\/01\/WhatsApp-Image-2025-12-11-at-10.33.11-AM-1-1080x675-1.jpeg",1080,675,false],"newsium-slider-full":["http:\/\/tvalaire.com\/wp-content\/uploads\/2026\/01\/WhatsApp-Image-2025-12-11-at-10.33.11-AM-1-1080x675-1.jpeg",1080,675,false],"newsium-featured":["http:\/\/tvalaire.com\/wp-content\/uploads\/2026\/01\/WhatsApp-Image-2025-12-11-at-10.33.11-AM-1-1080x675-1-1024x640.jpeg",1024,640,true],"newsium-medium":["http:\/\/tvalaire.com\/wp-content\/uploads\/2026\/01\/WhatsApp-Image-2025-12-11-at-10.33.11-AM-1-1080x675-1-720x475.jpeg",720,475,true]},"author_info":{"info":["tvalairenoti"]},"category_info":"<a href=\"http:\/\/tvalaire.com\/?cat=1\" rel=\"category\">La Piedad<\/a>","tag_info":"La Piedad","comment_count":"0","jetpack_featured_media_url":"http:\/\/tvalaire.com\/wp-content\/uploads\/2026\/01\/WhatsApp-Image-2025-12-11-at-10.33.11-AM-1-1080x675-1.jpeg","_links":{"self":[{"href":"http:\/\/tvalaire.com\/index.php?rest_route=\/wp\/v2\/posts\/13271"}],"collection":[{"href":"http:\/\/tvalaire.com\/index.php?rest_route=\/wp\/v2\/posts"}],"about":[{"href":"http:\/\/tvalaire.com\/index.php?rest_route=\/wp\/v2\/types\/post"}],"author":[{"embeddable":true,"href":"http:\/\/tvalaire.com\/index.php?rest_route=\/wp\/v2\/users\/1"}],"replies":[{"embeddable":true,"href":"http:\/\/tvalaire.com\/index.php?rest_route=%2Fwp%2Fv2%2Fcomments&post=13271"}],"version-history":[{"count":1,"href":"http:\/\/tvalaire.com\/index.php?rest_route=\/wp\/v2\/posts\/13271\/revisions"}],"predecessor-version":[{"id":13277,"href":"http:\/\/tvalaire.com\/index.php?rest_route=\/wp\/v2\/posts\/13271\/revisions\/13277"}],"wp:featuredmedia":[{"embeddable":true,"href":"http:\/\/tvalaire.com\/index.php?rest_route=\/wp\/v2\/media\/13276"}],"wp:attachment":[{"href":"http:\/\/tvalaire.com\/index.php?rest_route=%2Fwp%2Fv2%2Fmedia&parent=13271"}],"wp:term":[{"taxonomy":"category","embeddable":true,"href":"http:\/\/tvalaire.com\/index.php?rest_route=%2Fwp%2Fv2%2Fcategories&post=13271"},{"taxonomy":"post_tag","embeddable":true,"href":"http:\/\/tvalaire.com\/index.php?rest_route=%2Fwp%2Fv2%2Ftags&post=13271"}],"curies":[{"name":"wp","href":"https:\/\/api.w.org\/{rel}","templated":true}]}}