{"id":13250,"date":"2025-11-03T12:18:35","date_gmt":"2025-11-03T18:18:35","guid":{"rendered":"http:\/\/tvalaire.com\/?p=13250"},"modified":"2025-12-03T12:20:50","modified_gmt":"2025-12-03T18:20:50","slug":"almas-piedadenses-2025-deslumbra-a-mas-de-40-mil-asistentes","status":"publish","type":"post","link":"http:\/\/tvalaire.com\/?p=13250","title":{"rendered":"ALMAS PIEDADENSES 2025 DESLUMBRA A M\u00c1S DE 40 MIL ASISTENTES"},"content":{"rendered":"\n<figure class=\"wp-block-image size-full\"><img loading=\"lazy\" decoding=\"async\" width=\"590\" height=\"331\" src=\"http:\/\/tvalaire.com\/wp-content\/uploads\/2025\/12\/574465237_1232740992213610_2129072025819009978_n.jpg\" alt=\"\" class=\"wp-image-13252\" srcset=\"http:\/\/tvalaire.com\/wp-content\/uploads\/2025\/12\/574465237_1232740992213610_2129072025819009978_n.jpg 590w, http:\/\/tvalaire.com\/wp-content\/uploads\/2025\/12\/574465237_1232740992213610_2129072025819009978_n-300x168.jpg 300w\" sizes=\"(max-width: 590px) 100vw, 590px\" \/><\/figure>\n\n\n\n<p>El Gobierno Municipal de La Piedad, encabezado por el presidente Samuel Hidalgo, a trav\u00e9s de las direcciones de Promoci\u00f3n Econ\u00f3mica y Turismo, Cultura, Educaci\u00f3n, as\u00ed como del Sistema DIF y el INJUP, llev\u00f3 a cabo con gran \u00e9xito el Festival Almas Piedadenses 2025, con tres d\u00edas llenos de color, arte y tradici\u00f3n para conmemorar el D\u00eda de Muertos.<\/p>\n\n\n\n<p>\u201cLlevar nuestras tradiciones a los lugares emblem\u00e1ticos y espacios p\u00fablicos para que las familias los hagan suyos y los disfruten es uno de los objetivos principales. As\u00ed, el Centro Hist\u00f3rico, el Jard\u00edn de la Pur\u00edsima, el Parque Morelos y el nuevo Parque Metropolitano Jos\u00e9 Mar\u00eda Cabadas fueron sede de este grandioso festival, que adem\u00e1s impuls\u00f3 la econom\u00eda local en distintas zonas del municipio\u201d, expres\u00f3 el alcalde Samuel Hidalgo.<\/p>\n\n\n\n<p>Uno de los eventos m\u00e1s esperados fue el espect\u00e1culo \u201cLago de las Almas\u201d, que super\u00f3 todas las expectativas por su emotividad y puesta en escena. Asimismo, el p\u00fablico disfrut\u00f3 de las distintas expresiones culturales que dieron vida al festival: Tapete Monumental \u201cSendero de las Almas\u201d, el \u201cT\u00fanel de los Recuerdos\u201d, globos de Cantoya \u201cAscenso de las Almas\u201d y la presentaci\u00f3n musical del grupo Flor de Lirio, presentaciones en vivo que llenaron de vida y cultura cada rinc\u00f3n del festival.<\/p>\n\n\n\n<p>Durante las actividades del festival y las visitas al Pante\u00f3n Municipal los d\u00edas 1 y 2 de noviembre, se contabiliz\u00f3 una asistencia de m\u00e1s de 40 mil personas, reflejo del entusiasmo y la participaci\u00f3n de las familias piedadenses.<\/p>\n\n\n\n<p>Este festival no solo fortaleci\u00f3 las tradiciones, sino que tambi\u00e9n contribuy\u00f3 a mejorar los hogares y a que las familias vivan mejor, al generar un ambiente de uni\u00f3n, identidad y desarrollo econ\u00f3mico en toda la ciudad.<\/p>\n\n\n\n<figure class=\"wp-block-image size-full\"><img loading=\"lazy\" decoding=\"async\" width=\"590\" height=\"393\" src=\"http:\/\/tvalaire.com\/wp-content\/uploads\/2025\/12\/575163862_1232740978880278_3963168428114385505_n.jpg\" alt=\"\" class=\"wp-image-13254\" srcset=\"http:\/\/tvalaire.com\/wp-content\/uploads\/2025\/12\/575163862_1232740978880278_3963168428114385505_n.jpg 590w, http:\/\/tvalaire.com\/wp-content\/uploads\/2025\/12\/575163862_1232740978880278_3963168428114385505_n-300x200.jpg 300w\" sizes=\"(max-width: 590px) 100vw, 590px\" \/><\/figure>\n\n\n\n<figure class=\"wp-block-image size-full\"><img loading=\"lazy\" decoding=\"async\" width=\"590\" height=\"393\" src=\"http:\/\/tvalaire.com\/wp-content\/uploads\/2025\/12\/574032377_1232740995546943_645216529184528469_n.jpg\" alt=\"\" class=\"wp-image-13255\" srcset=\"http:\/\/tvalaire.com\/wp-content\/uploads\/2025\/12\/574032377_1232740995546943_645216529184528469_n.jpg 590w, http:\/\/tvalaire.com\/wp-content\/uploads\/2025\/12\/574032377_1232740995546943_645216529184528469_n-300x200.jpg 300w\" sizes=\"(max-width: 590px) 100vw, 590px\" \/><\/figure>\n\n\n\n<figure class=\"wp-block-image size-full\"><img loading=\"lazy\" decoding=\"async\" width=\"590\" height=\"464\" src=\"http:\/\/tvalaire.com\/wp-content\/uploads\/2025\/12\/574329901_1232740998880276_2045380743664283659_n.jpg\" alt=\"\" class=\"wp-image-13253\" srcset=\"http:\/\/tvalaire.com\/wp-content\/uploads\/2025\/12\/574329901_1232740998880276_2045380743664283659_n.jpg 590w, http:\/\/tvalaire.com\/wp-content\/uploads\/2025\/12\/574329901_1232740998880276_2045380743664283659_n-300x236.jpg 300w\" sizes=\"(max-width: 590px) 100vw, 590px\" \/><\/figure>\n","protected":false},"excerpt":{"rendered":"<p>El Gobierno Municipal de La Piedad, encabezado por el presidente Samuel Hidalgo, a trav\u00e9s de&#8230;<\/p>\n","protected":false},"author":1,"featured_media":13251,"comment_status":"open","ping_status":"open","sticky":false,"template":"","format":"standard","meta":{"jetpack_post_was_ever_published":false,"_jetpack_newsletter_access":"","_jetpack_dont_email_post_to_subs":false,"_jetpack_newsletter_tier_id":0,"_jetpack_memberships_contains_paywalled_content":false,"_jetpack_memberships_contains_paid_content":false,"footnotes":"","jetpack_publicize_message":"","jetpack_publicize_feature_enabled":true,"jetpack_social_post_already_shared":true,"jetpack_social_options":{"image_generator_settings":{"template":"highway","enabled":false},"version":2}},"categories":[1],"tags":[15,36],"class_list":["post-13250","post","type-post","status-publish","format-standard","has-post-thumbnail","hentry","category-la-piedad","tag-la-piedad","tag-principales"],"jetpack_publicize_connections":[],"jetpack_sharing_enabled":true,"featured_image_urls":{"full":["http:\/\/tvalaire.com\/wp-content\/uploads\/2025\/12\/WhatsApp-Image-2025-11-03-at-6.53.58-PM-1080x675-1.jpeg",1080,675,false],"thumbnail":["http:\/\/tvalaire.com\/wp-content\/uploads\/2025\/12\/WhatsApp-Image-2025-11-03-at-6.53.58-PM-1080x675-1-150x150.jpeg",150,150,true],"medium":["http:\/\/tvalaire.com\/wp-content\/uploads\/2025\/12\/WhatsApp-Image-2025-11-03-at-6.53.58-PM-1080x675-1-300x188.jpeg",300,188,true],"medium_large":["http:\/\/tvalaire.com\/wp-content\/uploads\/2025\/12\/WhatsApp-Image-2025-11-03-at-6.53.58-PM-1080x675-1-768x480.jpeg",640,400,true],"large":["http:\/\/tvalaire.com\/wp-content\/uploads\/2025\/12\/WhatsApp-Image-2025-11-03-at-6.53.58-PM-1080x675-1-1024x640.jpeg",640,400,true],"post-slider-thumb-size":["http:\/\/tvalaire.com\/wp-content\/uploads\/2025\/12\/WhatsApp-Image-2025-11-03-at-6.53.58-PM-1080x675-1-330x190.jpeg",330,190,true],"post-category-slider-size":["http:\/\/tvalaire.com\/wp-content\/uploads\/2025\/12\/WhatsApp-Image-2025-11-03-at-6.53.58-PM-1080x675-1-330x350.jpeg",330,350,true],"1536x1536":["http:\/\/tvalaire.com\/wp-content\/uploads\/2025\/12\/WhatsApp-Image-2025-11-03-at-6.53.58-PM-1080x675-1.jpeg",1080,675,false],"2048x2048":["http:\/\/tvalaire.com\/wp-content\/uploads\/2025\/12\/WhatsApp-Image-2025-11-03-at-6.53.58-PM-1080x675-1.jpeg",1080,675,false],"newsium-slider-full":["http:\/\/tvalaire.com\/wp-content\/uploads\/2025\/12\/WhatsApp-Image-2025-11-03-at-6.53.58-PM-1080x675-1.jpeg",1080,675,false],"newsium-featured":["http:\/\/tvalaire.com\/wp-content\/uploads\/2025\/12\/WhatsApp-Image-2025-11-03-at-6.53.58-PM-1080x675-1-1024x640.jpeg",1024,640,true],"newsium-medium":["http:\/\/tvalaire.com\/wp-content\/uploads\/2025\/12\/WhatsApp-Image-2025-11-03-at-6.53.58-PM-1080x675-1-720x475.jpeg",720,475,true]},"author_info":{"info":["tvalairenoti"]},"category_info":"<a href=\"http:\/\/tvalaire.com\/?cat=1\" rel=\"category\">La Piedad<\/a>","tag_info":"La Piedad","comment_count":"0","jetpack_featured_media_url":"http:\/\/tvalaire.com\/wp-content\/uploads\/2025\/12\/WhatsApp-Image-2025-11-03-at-6.53.58-PM-1080x675-1.jpeg","_links":{"self":[{"href":"http:\/\/tvalaire.com\/index.php?rest_route=\/wp\/v2\/posts\/13250"}],"collection":[{"href":"http:\/\/tvalaire.com\/index.php?rest_route=\/wp\/v2\/posts"}],"about":[{"href":"http:\/\/tvalaire.com\/index.php?rest_route=\/wp\/v2\/types\/post"}],"author":[{"embeddable":true,"href":"http:\/\/tvalaire.com\/index.php?rest_route=\/wp\/v2\/users\/1"}],"replies":[{"embeddable":true,"href":"http:\/\/tvalaire.com\/index.php?rest_route=%2Fwp%2Fv2%2Fcomments&post=13250"}],"version-history":[{"count":2,"href":"http:\/\/tvalaire.com\/index.php?rest_route=\/wp\/v2\/posts\/13250\/revisions"}],"predecessor-version":[{"id":13258,"href":"http:\/\/tvalaire.com\/index.php?rest_route=\/wp\/v2\/posts\/13250\/revisions\/13258"}],"wp:featuredmedia":[{"embeddable":true,"href":"http:\/\/tvalaire.com\/index.php?rest_route=\/wp\/v2\/media\/13251"}],"wp:attachment":[{"href":"http:\/\/tvalaire.com\/index.php?rest_route=%2Fwp%2Fv2%2Fmedia&parent=13250"}],"wp:term":[{"taxonomy":"category","embeddable":true,"href":"http:\/\/tvalaire.com\/index.php?rest_route=%2Fwp%2Fv2%2Fcategories&post=13250"},{"taxonomy":"post_tag","embeddable":true,"href":"http:\/\/tvalaire.com\/index.php?rest_route=%2Fwp%2Fv2%2Ftags&post=13250"}],"curies":[{"name":"wp","href":"https:\/\/api.w.org\/{rel}","templated":true}]}}