{"id":13224,"date":"2025-11-30T12:00:28","date_gmt":"2025-11-30T18:00:28","guid":{"rendered":"http:\/\/tvalaire.com\/?p=13224"},"modified":"2025-12-03T12:02:51","modified_gmt":"2025-12-03T18:02:51","slug":"familias-piedadenses-beneficiados-con-el-programa-para-tu-hogar","status":"publish","type":"post","link":"http:\/\/tvalaire.com\/?p=13224","title":{"rendered":"FAMILIAS PIEDADENSES BENEFICIADOS CON EL PROGRAMA \u201cPARA TU HOGAR\u201d"},"content":{"rendered":"\n<p>A trav\u00e9s del Gobierno Municipal de La Piedad, el Presidente Municipal Samuel Hidalgo, realiz\u00f3 la entrega del programa \u201cPara tu Hogar\u201d, donde 21 familias piedadenses se beneficiaron con este subsidio, mismo que les ayudar\u00e1 a mejorar su espacio de trabajo y su hogar.<\/p>\n\n\n\n<p>\u201cEstas entregas tienen el objetivo de darle a las familias, herramientas que sean de gran utilidad para las actividades que desempe\u00f1an a diario. Tenemos un compromiso claro con los piedadenses, por ello, seguiremos trabajando para que m\u00e1s personas accedan a estos apoyos\u201d, coment\u00f3 el Edil.<\/p>\n\n\n\n<p>Dentro de lo que se entreg\u00f3, fue lo siguiente: tinacos, bases de tinaco,&nbsp; termosolares ,bombas de agua, calefactor , motosierra, motobomba, desbrozadoras, fumigadoras, bombas de mochila , plantas de luz , rollos de alambre de p\u00faas,&nbsp; hachas de mano , carretillas y&nbsp; cubetas de pintura.<\/p>\n\n\n\n<p>Por lo que, gracias a estos programas se han logrado beneficiar a m\u00e1s de 240 familias en lo que va del a\u00f1o, logrando un ahorro significativo del 30%, en el cual el Gobierno de La Piedad aporta una parte del costo total de los productos.<\/p>\n\n\n\n<p>As\u00ed mismo, se exhorta a la poblaci\u00f3n a formar parte de estos programas, a trav\u00e9s de la Direcci\u00f3n de Desarrollo Social, ubicada en la calle Mariano Jim\u00e9nez #115, colonia Centro, en un horario de 9:00 de la ma\u00f1ana a 3:00 de la tarde.<\/p>\n","protected":false},"excerpt":{"rendered":"<p>A trav\u00e9s del Gobierno Municipal de La Piedad, el Presidente Municipal Samuel Hidalgo, realiz\u00f3 la&#8230;<\/p>\n","protected":false},"author":1,"featured_media":13225,"comment_status":"open","ping_status":"open","sticky":false,"template":"","format":"standard","meta":{"jetpack_post_was_ever_published":false,"_jetpack_newsletter_access":"","_jetpack_dont_email_post_to_subs":false,"_jetpack_newsletter_tier_id":0,"_jetpack_memberships_contains_paywalled_content":false,"_jetpack_memberships_contains_paid_content":false,"footnotes":"","jetpack_publicize_message":"","jetpack_publicize_feature_enabled":true,"jetpack_social_post_already_shared":true,"jetpack_social_options":{"image_generator_settings":{"template":"highway","enabled":false},"version":2}},"categories":[1],"tags":[15,36],"class_list":["post-13224","post","type-post","status-publish","format-standard","has-post-thumbnail","hentry","category-la-piedad","tag-la-piedad","tag-principales"],"jetpack_publicize_connections":[],"jetpack_sharing_enabled":true,"featured_image_urls":{"full":["http:\/\/tvalaire.com\/wp-content\/uploads\/2025\/12\/WhatsApp-Image-2025-11-25-at-9.40.49-AM-2-1080x675-1.jpeg",1080,675,false],"thumbnail":["http:\/\/tvalaire.com\/wp-content\/uploads\/2025\/12\/WhatsApp-Image-2025-11-25-at-9.40.49-AM-2-1080x675-1-150x150.jpeg",150,150,true],"medium":["http:\/\/tvalaire.com\/wp-content\/uploads\/2025\/12\/WhatsApp-Image-2025-11-25-at-9.40.49-AM-2-1080x675-1-300x188.jpeg",300,188,true],"medium_large":["http:\/\/tvalaire.com\/wp-content\/uploads\/2025\/12\/WhatsApp-Image-2025-11-25-at-9.40.49-AM-2-1080x675-1-768x480.jpeg",640,400,true],"large":["http:\/\/tvalaire.com\/wp-content\/uploads\/2025\/12\/WhatsApp-Image-2025-11-25-at-9.40.49-AM-2-1080x675-1-1024x640.jpeg",640,400,true],"post-slider-thumb-size":["http:\/\/tvalaire.com\/wp-content\/uploads\/2025\/12\/WhatsApp-Image-2025-11-25-at-9.40.49-AM-2-1080x675-1-330x190.jpeg",330,190,true],"post-category-slider-size":["http:\/\/tvalaire.com\/wp-content\/uploads\/2025\/12\/WhatsApp-Image-2025-11-25-at-9.40.49-AM-2-1080x675-1-330x350.jpeg",330,350,true],"1536x1536":["http:\/\/tvalaire.com\/wp-content\/uploads\/2025\/12\/WhatsApp-Image-2025-11-25-at-9.40.49-AM-2-1080x675-1.jpeg",1080,675,false],"2048x2048":["http:\/\/tvalaire.com\/wp-content\/uploads\/2025\/12\/WhatsApp-Image-2025-11-25-at-9.40.49-AM-2-1080x675-1.jpeg",1080,675,false],"newsium-slider-full":["http:\/\/tvalaire.com\/wp-content\/uploads\/2025\/12\/WhatsApp-Image-2025-11-25-at-9.40.49-AM-2-1080x675-1.jpeg",1080,675,false],"newsium-featured":["http:\/\/tvalaire.com\/wp-content\/uploads\/2025\/12\/WhatsApp-Image-2025-11-25-at-9.40.49-AM-2-1080x675-1-1024x640.jpeg",1024,640,true],"newsium-medium":["http:\/\/tvalaire.com\/wp-content\/uploads\/2025\/12\/WhatsApp-Image-2025-11-25-at-9.40.49-AM-2-1080x675-1-720x475.jpeg",720,475,true]},"author_info":{"info":["tvalairenoti"]},"category_info":"<a href=\"http:\/\/tvalaire.com\/?cat=1\" rel=\"category\">La Piedad<\/a>","tag_info":"La Piedad","comment_count":"0","jetpack_featured_media_url":"http:\/\/tvalaire.com\/wp-content\/uploads\/2025\/12\/WhatsApp-Image-2025-11-25-at-9.40.49-AM-2-1080x675-1.jpeg","_links":{"self":[{"href":"http:\/\/tvalaire.com\/index.php?rest_route=\/wp\/v2\/posts\/13224"}],"collection":[{"href":"http:\/\/tvalaire.com\/index.php?rest_route=\/wp\/v2\/posts"}],"about":[{"href":"http:\/\/tvalaire.com\/index.php?rest_route=\/wp\/v2\/types\/post"}],"author":[{"embeddable":true,"href":"http:\/\/tvalaire.com\/index.php?rest_route=\/wp\/v2\/users\/1"}],"replies":[{"embeddable":true,"href":"http:\/\/tvalaire.com\/index.php?rest_route=%2Fwp%2Fv2%2Fcomments&post=13224"}],"version-history":[{"count":1,"href":"http:\/\/tvalaire.com\/index.php?rest_route=\/wp\/v2\/posts\/13224\/revisions"}],"predecessor-version":[{"id":13226,"href":"http:\/\/tvalaire.com\/index.php?rest_route=\/wp\/v2\/posts\/13224\/revisions\/13226"}],"wp:featuredmedia":[{"embeddable":true,"href":"http:\/\/tvalaire.com\/index.php?rest_route=\/wp\/v2\/media\/13225"}],"wp:attachment":[{"href":"http:\/\/tvalaire.com\/index.php?rest_route=%2Fwp%2Fv2%2Fmedia&parent=13224"}],"wp:term":[{"taxonomy":"category","embeddable":true,"href":"http:\/\/tvalaire.com\/index.php?rest_route=%2Fwp%2Fv2%2Fcategories&post=13224"},{"taxonomy":"post_tag","embeddable":true,"href":"http:\/\/tvalaire.com\/index.php?rest_route=%2Fwp%2Fv2%2Ftags&post=13224"}],"curies":[{"name":"wp","href":"https:\/\/api.w.org\/{rel}","templated":true}]}}