{"id":1321,"date":"2017-04-19T09:28:19","date_gmt":"2017-04-19T14:28:19","guid":{"rendered":"http:\/\/tvalaire.com\/?p=1321"},"modified":"2017-04-19T09:28:19","modified_gmt":"2017-04-19T14:28:19","slug":"la-piedad-sera-sede-de-reunion-regional-de-directores-de-promocion-economica","status":"publish","type":"post","link":"http:\/\/tvalaire.com\/?p=1321","title":{"rendered":"LA PIEDAD SER\u00c1 SEDE DE REUNI\u00d3N REGIONAL DE DIRECTORES DE PROMOCI\u00d3N ECON\u00d3MICA"},"content":{"rendered":"<p class=\"xmsonormal\" style=\"text-align: center; background: white;\" align=\"center\">\n<p class=\"xmsonormal\" style=\"text-align: justify; background: white; font-variant-ligatures: normal; font-variant-caps: normal; orphans: 2; widows: 2; -webkit-text-stroke-width: 0px; text-decoration-style: initial; text-decoration-color: initial; word-spacing: 0px;\"><span style=\"font-family: 'Arial','sans-serif'; color: #212121;\">Directores de Promoci\u00f3n y Fomento Econ\u00f3mico de la regi\u00f3n, se reunir\u00e1n este viernes 21 en la ciudad, en donde analizar\u00e1n diversos temas como el de la inclusi\u00f3n laboral de personas en estado de vulnerabilidad y el aeropuerto de carga que se ha previsto para La Piedad.<\/span><\/p>\n<p class=\"xmsonormal\" style=\"text-align: justify; background: white;\"><span style=\"font-family: 'Arial','sans-serif'; color: #212121;\">La reuni\u00f3n se llevar\u00e1 a cabo este viernes 21 de abril en el Centro Comunitario de la colonia Vasco de Quiroga a partir de las 10:00 horas, en donde se contar\u00e1 con la presencia de directores de Promoci\u00f3n y Fomento Econ\u00f3mico, as\u00ed como directores de los Institutos Municipales de Planeaci\u00f3n de 20 municipios que forman parte de este Estado.<\/span><\/p>\n<p class=\"xmsonormal\" style=\"text-align: justify; background: white;\"><span style=\"font-family: 'Arial','sans-serif'; color: #212121;\">De acuerdo al programa que se tiene contemplado, se prev\u00e9 la presentaci\u00f3n de un diagn\u00f3stico sobre la inclusi\u00f3n laboral de personas en estado de vulnerabilidad, la vinculaci\u00f3n que debe existir con las empresas y se dar\u00e1 a conocer el proyecto PRODUCE.<\/span><\/p>\n<p class=\"xmsonormal\" style=\"text-align: justify; background: white;\"><span style=\"font-family: 'Arial','sans-serif'; color: #212121;\">Otro de las temas de inter\u00e9s, ser\u00e1 el del aeropuerto de carga que se tiene previsto para esta ciudad, entre otros.<\/span><\/p>\n<p class=\"xmsonormal\" style=\"text-align: justify; background: white;\"><span style=\"font-family: 'Arial','sans-serif'; color: #212121;\">Dentro de los municipios que forman parte de la regi\u00f3n se encuentran los de Zacapu, Uruapan, Ocampo, Morelia, Apatzing\u00e1n, Pur\u00e9pero, Ecuandureo, Zit\u00e1cuaro, Zamora, Sahuayo, La Piedad y otras poblaciones.<\/span><\/p>\n","protected":false},"excerpt":{"rendered":"<p>Directores de Promoci\u00f3n y Fomento Econ\u00f3mico de la regi\u00f3n, se reunir\u00e1n este viernes 21 en&#8230;<\/p>\n","protected":false},"author":1,"featured_media":1319,"comment_status":"open","ping_status":"open","sticky":false,"template":"","format":"standard","meta":{"jetpack_post_was_ever_published":false,"_jetpack_newsletter_access":"","_jetpack_dont_email_post_to_subs":false,"_jetpack_newsletter_tier_id":0,"_jetpack_memberships_contains_paywalled_content":false,"_jetpack_memberships_contains_paid_content":false,"footnotes":"","jetpack_publicize_message":"","jetpack_publicize_feature_enabled":true,"jetpack_social_post_already_shared":false,"jetpack_social_options":{"image_generator_settings":{"template":"highway","enabled":false},"version":2}},"categories":[1],"tags":[15,36],"class_list":["post-1321","post","type-post","status-publish","format-standard","has-post-thumbnail","hentry","category-la-piedad","tag-la-piedad","tag-principales"],"jetpack_publicize_connections":[],"jetpack_sharing_enabled":true,"featured_image_urls":{"full":["http:\/\/tvalaire.com\/wp-content\/uploads\/2017\/04\/LA-PIEDAD-SER\u00c1-SEDE-DE-REUNI\u00d3N-REGIONAL-DE-DIRECTORES-DE-PROMOCI\u00d3N-ECON\u00d3MICA.jpg",1100,733,false],"thumbnail":["http:\/\/tvalaire.com\/wp-content\/uploads\/2017\/04\/LA-PIEDAD-SER\u00c1-SEDE-DE-REUNI\u00d3N-REGIONAL-DE-DIRECTORES-DE-PROMOCI\u00d3N-ECON\u00d3MICA-150x150.jpg",150,150,true],"medium":["http:\/\/tvalaire.com\/wp-content\/uploads\/2017\/04\/LA-PIEDAD-SER\u00c1-SEDE-DE-REUNI\u00d3N-REGIONAL-DE-DIRECTORES-DE-PROMOCI\u00d3N-ECON\u00d3MICA-300x200.jpg",300,200,true],"medium_large":["http:\/\/tvalaire.com\/wp-content\/uploads\/2017\/04\/LA-PIEDAD-SER\u00c1-SEDE-DE-REUNI\u00d3N-REGIONAL-DE-DIRECTORES-DE-PROMOCI\u00d3N-ECON\u00d3MICA-768x512.jpg",640,427,true],"large":["http:\/\/tvalaire.com\/wp-content\/uploads\/2017\/04\/LA-PIEDAD-SER\u00c1-SEDE-DE-REUNI\u00d3N-REGIONAL-DE-DIRECTORES-DE-PROMOCI\u00d3N-ECON\u00d3MICA-1024x682.jpg",640,426,true],"post-slider-thumb-size":["http:\/\/tvalaire.com\/wp-content\/uploads\/2017\/04\/LA-PIEDAD-SER\u00c1-SEDE-DE-REUNI\u00d3N-REGIONAL-DE-DIRECTORES-DE-PROMOCI\u00d3N-ECON\u00d3MICA.jpg",285,190,false],"post-category-slider-size":["http:\/\/tvalaire.com\/wp-content\/uploads\/2017\/04\/LA-PIEDAD-SER\u00c1-SEDE-DE-REUNI\u00d3N-REGIONAL-DE-DIRECTORES-DE-PROMOCI\u00d3N-ECON\u00d3MICA.jpg",330,220,false],"1536x1536":["http:\/\/tvalaire.com\/wp-content\/uploads\/2017\/04\/LA-PIEDAD-SER\u00c1-SEDE-DE-REUNI\u00d3N-REGIONAL-DE-DIRECTORES-DE-PROMOCI\u00d3N-ECON\u00d3MICA.jpg",1100,733,false],"2048x2048":["http:\/\/tvalaire.com\/wp-content\/uploads\/2017\/04\/LA-PIEDAD-SER\u00c1-SEDE-DE-REUNI\u00d3N-REGIONAL-DE-DIRECTORES-DE-PROMOCI\u00d3N-ECON\u00d3MICA.jpg",1100,733,false],"newsium-slider-full":["http:\/\/tvalaire.com\/wp-content\/uploads\/2017\/04\/LA-PIEDAD-SER\u00c1-SEDE-DE-REUNI\u00d3N-REGIONAL-DE-DIRECTORES-DE-PROMOCI\u00d3N-ECON\u00d3MICA.jpg",1100,733,false],"newsium-featured":["http:\/\/tvalaire.com\/wp-content\/uploads\/2017\/04\/LA-PIEDAD-SER\u00c1-SEDE-DE-REUNI\u00d3N-REGIONAL-DE-DIRECTORES-DE-PROMOCI\u00d3N-ECON\u00d3MICA.jpg",1024,682,false],"newsium-medium":["http:\/\/tvalaire.com\/wp-content\/uploads\/2017\/04\/LA-PIEDAD-SER\u00c1-SEDE-DE-REUNI\u00d3N-REGIONAL-DE-DIRECTORES-DE-PROMOCI\u00d3N-ECON\u00d3MICA.jpg",713,475,false]},"author_info":{"info":["tvalairenoti"]},"category_info":"<a href=\"http:\/\/tvalaire.com\/?cat=1\" rel=\"category\">La Piedad<\/a>","tag_info":"La Piedad","comment_count":"0","jetpack_featured_media_url":"http:\/\/tvalaire.com\/wp-content\/uploads\/2017\/04\/LA-PIEDAD-SER\u00c1-SEDE-DE-REUNI\u00d3N-REGIONAL-DE-DIRECTORES-DE-PROMOCI\u00d3N-ECON\u00d3MICA.jpg","_links":{"self":[{"href":"http:\/\/tvalaire.com\/index.php?rest_route=\/wp\/v2\/posts\/1321"}],"collection":[{"href":"http:\/\/tvalaire.com\/index.php?rest_route=\/wp\/v2\/posts"}],"about":[{"href":"http:\/\/tvalaire.com\/index.php?rest_route=\/wp\/v2\/types\/post"}],"author":[{"embeddable":true,"href":"http:\/\/tvalaire.com\/index.php?rest_route=\/wp\/v2\/users\/1"}],"replies":[{"embeddable":true,"href":"http:\/\/tvalaire.com\/index.php?rest_route=%2Fwp%2Fv2%2Fcomments&post=1321"}],"version-history":[{"count":1,"href":"http:\/\/tvalaire.com\/index.php?rest_route=\/wp\/v2\/posts\/1321\/revisions"}],"predecessor-version":[{"id":1322,"href":"http:\/\/tvalaire.com\/index.php?rest_route=\/wp\/v2\/posts\/1321\/revisions\/1322"}],"wp:featuredmedia":[{"embeddable":true,"href":"http:\/\/tvalaire.com\/index.php?rest_route=\/wp\/v2\/media\/1319"}],"wp:attachment":[{"href":"http:\/\/tvalaire.com\/index.php?rest_route=%2Fwp%2Fv2%2Fmedia&parent=1321"}],"wp:term":[{"taxonomy":"category","embeddable":true,"href":"http:\/\/tvalaire.com\/index.php?rest_route=%2Fwp%2Fv2%2Fcategories&post=1321"},{"taxonomy":"post_tag","embeddable":true,"href":"http:\/\/tvalaire.com\/index.php?rest_route=%2Fwp%2Fv2%2Ftags&post=1321"}],"curies":[{"name":"wp","href":"https:\/\/api.w.org\/{rel}","templated":true}]}}