{"id":13206,"date":"2025-11-04T11:45:47","date_gmt":"2025-11-04T17:45:47","guid":{"rendered":"http:\/\/tvalaire.com\/?p=13206"},"modified":"2025-12-02T11:46:35","modified_gmt":"2025-12-02T17:46:35","slug":"desde-el-poder-legislativo-aportaremos-lo-que-el-plan-michoacan-por-la-paz-y-la-justicia-requiera-para-lograr-la-tranquilidad-que-michoacan-necesita-presidenta-del-congreso","status":"publish","type":"post","link":"http:\/\/tvalaire.com\/?p=13206","title":{"rendered":"Desde el Poder Legislativo aportaremos lo que el Plan Michoac\u00e1n por la Paz y la Justicia requiera para lograr la tranquilidad que Michoac\u00e1n necesita: Presidenta del Congreso"},"content":{"rendered":"\n<p><strong>Morelia Michoac\u00e1n, a 04 de noviembre del 2025.-&nbsp;<\/strong>Desde el Congreso de Michoac\u00e1n se respaldar\u00e1 todo lo que sea necesario para que el Plan Michoac\u00e1n por la Paz y la Justicia, anunciado por la presidenta Claudia Sheinbaum, remarc\u00f3 la presidenta del Congreso del Estado, la diputada Giulianna Bugarini Torres.<\/p>\n\n\n\n<p>Esto con la finalidad de que el estado avance de manera s\u00f3lida hacia la construcci\u00f3n de la paz y el fortalecimiento de las instituciones, remarc\u00f3.<\/p>\n\n\n\n<p>A su vez, Bugarini Torres, destac\u00f3 que uno de los puntos que ayudar\u00e1n a que la construcci\u00f3n de la paz se alcance con \u00e9xito es que se tomar\u00e1 en cuenta la voz de las michoacanas y michoacanos, esto a partir del sentir que expongan en las distintas regiones, sectores y autoridades de los dem\u00e1s niveles de gobierno.<\/p>\n\n\n\n<p>\u201cMichoac\u00e1n nos necesita unidos para enfrentar los retos que implica la actual coyuntura, y por eso desde el Poder Legislativo se acompa\u00f1ar\u00e1 con las acciones que sean necesarias para que las michoacanas y michoacanos se sientan seguros\u201d, enfatiz\u00f3 la presidenta del Congreso.<\/p>\n\n\n\n<p>Bugarini Torres apunt\u00f3 que a su vez se respaldar\u00e1n desde el Congreso las acciones que emprenda tambi\u00e9n por parte del Ejecutivo del Estado para sumar a esta estrategia que busca abonar a la justicia y la paz, tanto en Uruapan como en Michoac\u00e1n.<\/p>\n\n\n\n<p>En este sentido pidi\u00f3 a las distintas fuerzas pol\u00edticas representadas en el Congreso local est\u00e9n tambi\u00e9n abiertos y sensibles a construir desde el Legislativo las propuestas que Michoac\u00e1n necesita.<\/p>\n\n\n\n<p><\/p>\n","protected":false},"excerpt":{"rendered":"<p>Morelia Michoac\u00e1n, a 04 de noviembre del 2025.-&nbsp;Desde el Congreso de Michoac\u00e1n se respaldar\u00e1 todo&#8230;<\/p>\n","protected":false},"author":1,"featured_media":13207,"comment_status":"open","ping_status":"open","sticky":false,"template":"","format":"standard","meta":{"jetpack_post_was_ever_published":false,"_jetpack_newsletter_access":"","_jetpack_dont_email_post_to_subs":false,"_jetpack_newsletter_tier_id":0,"_jetpack_memberships_contains_paywalled_content":false,"_jetpack_memberships_contains_paid_content":false,"footnotes":"","jetpack_publicize_message":"","jetpack_publicize_feature_enabled":true,"jetpack_social_post_already_shared":true,"jetpack_social_options":{"image_generator_settings":{"template":"highway","enabled":false},"version":2}},"categories":[31],"tags":[37,36],"class_list":["post-13206","post","type-post","status-publish","format-standard","has-post-thumbnail","hentry","category-estado","tag-estado","tag-principales"],"jetpack_publicize_connections":[],"jetpack_sharing_enabled":true,"featured_image_urls":{"full":["http:\/\/tvalaire.com\/wp-content\/uploads\/2025\/12\/IMG-20251104-WA0010-1024x683.jpg.webp",1024,683,false],"thumbnail":["http:\/\/tvalaire.com\/wp-content\/uploads\/2025\/12\/IMG-20251104-WA0010-1024x683.jpg-150x150.webp",150,150,true],"medium":["http:\/\/tvalaire.com\/wp-content\/uploads\/2025\/12\/IMG-20251104-WA0010-1024x683.jpg-300x200.webp",300,200,true],"medium_large":["http:\/\/tvalaire.com\/wp-content\/uploads\/2025\/12\/IMG-20251104-WA0010-1024x683.jpg-768x512.webp",640,427,true],"large":["http:\/\/tvalaire.com\/wp-content\/uploads\/2025\/12\/IMG-20251104-WA0010-1024x683.jpg.webp",640,427,false],"post-slider-thumb-size":["http:\/\/tvalaire.com\/wp-content\/uploads\/2025\/12\/IMG-20251104-WA0010-1024x683.jpg-330x190.webp",330,190,true],"post-category-slider-size":["http:\/\/tvalaire.com\/wp-content\/uploads\/2025\/12\/IMG-20251104-WA0010-1024x683.jpg-330x350.webp",330,350,true],"1536x1536":["http:\/\/tvalaire.com\/wp-content\/uploads\/2025\/12\/IMG-20251104-WA0010-1024x683.jpg.webp",1024,683,false],"2048x2048":["http:\/\/tvalaire.com\/wp-content\/uploads\/2025\/12\/IMG-20251104-WA0010-1024x683.jpg.webp",1024,683,false],"newsium-slider-full":["http:\/\/tvalaire.com\/wp-content\/uploads\/2025\/12\/IMG-20251104-WA0010-1024x683.jpg.webp",1024,683,false],"newsium-featured":["http:\/\/tvalaire.com\/wp-content\/uploads\/2025\/12\/IMG-20251104-WA0010-1024x683.jpg.webp",1024,683,false],"newsium-medium":["http:\/\/tvalaire.com\/wp-content\/uploads\/2025\/12\/IMG-20251104-WA0010-1024x683.jpg-720x475.webp",720,475,true]},"author_info":{"info":["tvalairenoti"]},"category_info":"<a href=\"http:\/\/tvalaire.com\/?cat=31\" rel=\"category\">Estado<\/a>","tag_info":"Estado","comment_count":"0","jetpack_featured_media_url":"http:\/\/tvalaire.com\/wp-content\/uploads\/2025\/12\/IMG-20251104-WA0010-1024x683.jpg.webp","_links":{"self":[{"href":"http:\/\/tvalaire.com\/index.php?rest_route=\/wp\/v2\/posts\/13206"}],"collection":[{"href":"http:\/\/tvalaire.com\/index.php?rest_route=\/wp\/v2\/posts"}],"about":[{"href":"http:\/\/tvalaire.com\/index.php?rest_route=\/wp\/v2\/types\/post"}],"author":[{"embeddable":true,"href":"http:\/\/tvalaire.com\/index.php?rest_route=\/wp\/v2\/users\/1"}],"replies":[{"embeddable":true,"href":"http:\/\/tvalaire.com\/index.php?rest_route=%2Fwp%2Fv2%2Fcomments&post=13206"}],"version-history":[{"count":1,"href":"http:\/\/tvalaire.com\/index.php?rest_route=\/wp\/v2\/posts\/13206\/revisions"}],"predecessor-version":[{"id":13208,"href":"http:\/\/tvalaire.com\/index.php?rest_route=\/wp\/v2\/posts\/13206\/revisions\/13208"}],"wp:featuredmedia":[{"embeddable":true,"href":"http:\/\/tvalaire.com\/index.php?rest_route=\/wp\/v2\/media\/13207"}],"wp:attachment":[{"href":"http:\/\/tvalaire.com\/index.php?rest_route=%2Fwp%2Fv2%2Fmedia&parent=13206"}],"wp:term":[{"taxonomy":"category","embeddable":true,"href":"http:\/\/tvalaire.com\/index.php?rest_route=%2Fwp%2Fv2%2Fcategories&post=13206"},{"taxonomy":"post_tag","embeddable":true,"href":"http:\/\/tvalaire.com\/index.php?rest_route=%2Fwp%2Fv2%2Ftags&post=13206"}],"curies":[{"name":"wp","href":"https:\/\/api.w.org\/{rel}","templated":true}]}}