{"id":13184,"date":"2025-10-07T18:18:38","date_gmt":"2025-10-08T00:18:38","guid":{"rendered":"http:\/\/tvalaire.com\/?p=13184"},"modified":"2025-11-03T18:20:51","modified_gmt":"2025-11-04T00:20:51","slug":"se-invita-a-la-poblacion-a-evitar-vandalizar-espacios-publicos","status":"publish","type":"post","link":"http:\/\/tvalaire.com\/?p=13184","title":{"rendered":"SE INVITA A LA POBLACI\u00d3N A EVITAR VANDALIZAR ESPACIOS P\u00daBLICOS"},"content":{"rendered":"\n<ul class=\"wp-block-list\">\n<li><strong>Siempre somos respetuosos de la libertad de expresi\u00f3n: Alcalde<\/strong><\/li>\n<\/ul>\n\n\n\n<p>El Gobierno Municipal de La Piedad, encabezado por el presidente Samuel Hidalgo Gallardo, invita a la poblaci\u00f3n en general a cuidar, respetar y proteger los espacios p\u00fablicos que son de todos los ciudadanos, ya que se vieron vandalizadas la Unidad Deportiva de Ciudad del Sol y la Unidad Deportiva \u201cHumberto Romero P\u00e9rez\u201d.<\/p>\n\n\n\n<p>Hidalgo Gallardo, destac\u00f3 que la administraci\u00f3n a su cargo siempre ha sido y ser\u00e1 respetuosa de la libertad de expresi\u00f3n de los ciudadanos de este municipio, por lo que exhorta a la poblaci\u00f3n que las manifestaciones de ideas sean en este mismo sentido de respeto, tolerancia y empat\u00eda.<\/p>\n\n\n\n<p>\u201cEn esta administraci\u00f3n estamos en contra de los conflictos que sean negativos para el v\u00ednculo familiar en todas sus manifestaciones, por lo que nos reiteramos y estamos convencidos que, si las expresiones p\u00fablicas son en un entorno de cordialidad y respeto, se tendr\u00e1n mejores resultados para quien as\u00ed las manifiesta\u201d, coment\u00f3 el Alcalde.<\/p>\n\n\n\n<p>Agreg\u00f3 que los inmuebles p\u00fablicos destinados para la activaci\u00f3n f\u00edsica que fueron vandalizados con el tema de Palestina, solo representa un gasto imprevisto para el erario municipal y al mismo tiempo considerar medidas contra quien sea sorprendido realizando este tipo de manifestaciones en espacios que son de la poblaci\u00f3n.<\/p>\n","protected":false},"excerpt":{"rendered":"<p>El Gobierno Municipal de La Piedad, encabezado por el presidente Samuel Hidalgo Gallardo, invita a&#8230;<\/p>\n","protected":false},"author":1,"featured_media":13185,"comment_status":"open","ping_status":"open","sticky":false,"template":"","format":"standard","meta":{"jetpack_post_was_ever_published":false,"_jetpack_newsletter_access":"","_jetpack_dont_email_post_to_subs":false,"_jetpack_newsletter_tier_id":0,"_jetpack_memberships_contains_paywalled_content":false,"_jetpack_memberships_contains_paid_content":false,"footnotes":"","jetpack_publicize_message":"","jetpack_publicize_feature_enabled":true,"jetpack_social_post_already_shared":true,"jetpack_social_options":{"image_generator_settings":{"template":"highway","enabled":false},"version":2}},"categories":[1],"tags":[15,36],"class_list":["post-13184","post","type-post","status-publish","format-standard","has-post-thumbnail","hentry","category-la-piedad","tag-la-piedad","tag-principales"],"jetpack_publicize_connections":[],"jetpack_sharing_enabled":true,"featured_image_urls":{"full":["http:\/\/tvalaire.com\/wp-content\/uploads\/2025\/11\/WhatsApp-Image-2025-10-09-at-1.12.48-PM-980x735-1.jpeg",980,735,false],"thumbnail":["http:\/\/tvalaire.com\/wp-content\/uploads\/2025\/11\/WhatsApp-Image-2025-10-09-at-1.12.48-PM-980x735-1-150x150.jpeg",150,150,true],"medium":["http:\/\/tvalaire.com\/wp-content\/uploads\/2025\/11\/WhatsApp-Image-2025-10-09-at-1.12.48-PM-980x735-1-300x225.jpeg",300,225,true],"medium_large":["http:\/\/tvalaire.com\/wp-content\/uploads\/2025\/11\/WhatsApp-Image-2025-10-09-at-1.12.48-PM-980x735-1-768x576.jpeg",640,480,true],"large":["http:\/\/tvalaire.com\/wp-content\/uploads\/2025\/11\/WhatsApp-Image-2025-10-09-at-1.12.48-PM-980x735-1.jpeg",640,480,false],"post-slider-thumb-size":["http:\/\/tvalaire.com\/wp-content\/uploads\/2025\/11\/WhatsApp-Image-2025-10-09-at-1.12.48-PM-980x735-1-330x190.jpeg",330,190,true],"post-category-slider-size":["http:\/\/tvalaire.com\/wp-content\/uploads\/2025\/11\/WhatsApp-Image-2025-10-09-at-1.12.48-PM-980x735-1-330x350.jpeg",330,350,true],"1536x1536":["http:\/\/tvalaire.com\/wp-content\/uploads\/2025\/11\/WhatsApp-Image-2025-10-09-at-1.12.48-PM-980x735-1.jpeg",980,735,false],"2048x2048":["http:\/\/tvalaire.com\/wp-content\/uploads\/2025\/11\/WhatsApp-Image-2025-10-09-at-1.12.48-PM-980x735-1.jpeg",980,735,false],"newsium-slider-full":["http:\/\/tvalaire.com\/wp-content\/uploads\/2025\/11\/WhatsApp-Image-2025-10-09-at-1.12.48-PM-980x735-1.jpeg",980,735,false],"newsium-featured":["http:\/\/tvalaire.com\/wp-content\/uploads\/2025\/11\/WhatsApp-Image-2025-10-09-at-1.12.48-PM-980x735-1.jpeg",980,735,false],"newsium-medium":["http:\/\/tvalaire.com\/wp-content\/uploads\/2025\/11\/WhatsApp-Image-2025-10-09-at-1.12.48-PM-980x735-1-720x475.jpeg",720,475,true]},"author_info":{"info":["tvalairenoti"]},"category_info":"<a href=\"http:\/\/tvalaire.com\/?cat=1\" rel=\"category\">La Piedad<\/a>","tag_info":"La Piedad","comment_count":"0","jetpack_featured_media_url":"http:\/\/tvalaire.com\/wp-content\/uploads\/2025\/11\/WhatsApp-Image-2025-10-09-at-1.12.48-PM-980x735-1.jpeg","_links":{"self":[{"href":"http:\/\/tvalaire.com\/index.php?rest_route=\/wp\/v2\/posts\/13184"}],"collection":[{"href":"http:\/\/tvalaire.com\/index.php?rest_route=\/wp\/v2\/posts"}],"about":[{"href":"http:\/\/tvalaire.com\/index.php?rest_route=\/wp\/v2\/types\/post"}],"author":[{"embeddable":true,"href":"http:\/\/tvalaire.com\/index.php?rest_route=\/wp\/v2\/users\/1"}],"replies":[{"embeddable":true,"href":"http:\/\/tvalaire.com\/index.php?rest_route=%2Fwp%2Fv2%2Fcomments&post=13184"}],"version-history":[{"count":1,"href":"http:\/\/tvalaire.com\/index.php?rest_route=\/wp\/v2\/posts\/13184\/revisions"}],"predecessor-version":[{"id":13186,"href":"http:\/\/tvalaire.com\/index.php?rest_route=\/wp\/v2\/posts\/13184\/revisions\/13186"}],"wp:featuredmedia":[{"embeddable":true,"href":"http:\/\/tvalaire.com\/index.php?rest_route=\/wp\/v2\/media\/13185"}],"wp:attachment":[{"href":"http:\/\/tvalaire.com\/index.php?rest_route=%2Fwp%2Fv2%2Fmedia&parent=13184"}],"wp:term":[{"taxonomy":"category","embeddable":true,"href":"http:\/\/tvalaire.com\/index.php?rest_route=%2Fwp%2Fv2%2Fcategories&post=13184"},{"taxonomy":"post_tag","embeddable":true,"href":"http:\/\/tvalaire.com\/index.php?rest_route=%2Fwp%2Fv2%2Ftags&post=13184"}],"curies":[{"name":"wp","href":"https:\/\/api.w.org\/{rel}","templated":true}]}}