{"id":13181,"date":"2025-10-15T16:23:10","date_gmt":"2025-10-15T22:23:10","guid":{"rendered":"http:\/\/tvalaire.com\/?p=13181"},"modified":"2025-11-03T16:24:19","modified_gmt":"2025-11-03T22:24:19","slug":"promueve-gobierno-campana-de-vacunacion-contra-el-sarampion","status":"publish","type":"post","link":"http:\/\/tvalaire.com\/?p=13181","title":{"rendered":"PROMUEVE GOBIERNO CAMPA\u00d1A DE VACUNACI\u00d3N CONTRA EL SARAMPI\u00d3N"},"content":{"rendered":"\n<ul class=\"wp-block-list\">\n<li><strong>La actividad se realizar\u00e1 a partir del lunes 13<\/strong><\/li>\n\n\n\n<li><strong>Proteger al mayor n\u00famero ciudadanos es el principal objetivo<\/strong><\/li>\n<\/ul>\n\n\n\n<p>Con la intenci\u00f3n de reforzar el esquema de vacunaci\u00f3n en la poblaci\u00f3n piedadense, el Gobierno Municipal en colaboraci\u00f3n con instituciones de salud, invitan a la Campa\u00f1a Municipal de Vacunaci\u00f3n que se llevar\u00e1 a cabo el pr\u00f3ximo lunes 13.<\/p>\n\n\n\n<p>La actividad se tiene programada a partir de las 09:00 de la ma\u00f1ana por las calles de la zona centro de la ciudad y en donde estar\u00e1 aplicando el biol\u00f3gico contra el Sarampi\u00f3n.<\/p>\n\n\n\n<p>Cabe mencionar que posterior a la actividad que se realizar\u00e1 el lunes, brigadas conformadas por enfermeras, m\u00e9dicos y personal de apoyo del Gobierno Municipal, estar\u00e1n visitando colonias de la ciudad, para realizar la aplicaci\u00f3n del medicamento.<\/p>\n\n\n\n<p>\u201cEl principal objetivo de la campa\u00f1a es que en nuestro municipio se pueda crear una barrera contra el contagio del sarampi\u00f3n y de esta manera proteger a la poblaci\u00f3n\u201d, mencion\u00f3 el alcalde Samuel Hidalgo.<\/p>\n\n\n\n<p>De acuerdo a la informaci\u00f3n proporcionada por autoridades de salud, ser\u00e1 a partir de la edad de los seis meses y hasta los 49 a\u00f1os, que se podr\u00e1 aplicar la vacuna y as\u00ed inmunizar al mayor n\u00famero de habitantes contra el Sarampi\u00f3n.<\/p>\n\n\n\n<p>Asimismo, se hace un llamado a la poblaci\u00f3n a permanecer pendiente de su salud y, sobre todo, si presenta alg\u00fan s\u00edntoma como fiebre, tos, conjuntivitis u ojos rojos y erupci\u00f3n cut\u00e1nea acudir de manera inmediata a la unidad de salud m\u00e1s cercana.<\/p>\n\n\n\n<p>Tambi\u00e9n la ciudadan\u00eda puede visitar los espacios de la Red Municipal de Salud, que est\u00e1n habilitados en los Centros Comunitarios de algunas colonias del municipio.<\/p>\n","protected":false},"excerpt":{"rendered":"<p>Con la intenci\u00f3n de reforzar el esquema de vacunaci\u00f3n en la poblaci\u00f3n piedadense, el Gobierno&#8230;<\/p>\n","protected":false},"author":1,"featured_media":13182,"comment_status":"open","ping_status":"open","sticky":false,"template":"","format":"standard","meta":{"jetpack_post_was_ever_published":false,"_jetpack_newsletter_access":"","_jetpack_dont_email_post_to_subs":false,"_jetpack_newsletter_tier_id":0,"_jetpack_memberships_contains_paywalled_content":false,"_jetpack_memberships_contains_paid_content":false,"footnotes":"","jetpack_publicize_message":"","jetpack_publicize_feature_enabled":true,"jetpack_social_post_already_shared":true,"jetpack_social_options":{"image_generator_settings":{"template":"highway","enabled":false},"version":2}},"categories":[1],"tags":[15,36],"class_list":["post-13181","post","type-post","status-publish","format-standard","has-post-thumbnail","hentry","category-la-piedad","tag-la-piedad","tag-principales"],"jetpack_publicize_connections":[],"jetpack_sharing_enabled":true,"featured_image_urls":{"full":["http:\/\/tvalaire.com\/wp-content\/uploads\/2025\/11\/Campana-de-Vacunacion-Sarampion-2025-980x980-1.jpg",980,980,false],"thumbnail":["http:\/\/tvalaire.com\/wp-content\/uploads\/2025\/11\/Campana-de-Vacunacion-Sarampion-2025-980x980-1-150x150.jpg",150,150,true],"medium":["http:\/\/tvalaire.com\/wp-content\/uploads\/2025\/11\/Campana-de-Vacunacion-Sarampion-2025-980x980-1-300x300.jpg",300,300,true],"medium_large":["http:\/\/tvalaire.com\/wp-content\/uploads\/2025\/11\/Campana-de-Vacunacion-Sarampion-2025-980x980-1-768x768.jpg",640,640,true],"large":["http:\/\/tvalaire.com\/wp-content\/uploads\/2025\/11\/Campana-de-Vacunacion-Sarampion-2025-980x980-1.jpg",640,640,false],"post-slider-thumb-size":["http:\/\/tvalaire.com\/wp-content\/uploads\/2025\/11\/Campana-de-Vacunacion-Sarampion-2025-980x980-1-330x190.jpg",330,190,true],"post-category-slider-size":["http:\/\/tvalaire.com\/wp-content\/uploads\/2025\/11\/Campana-de-Vacunacion-Sarampion-2025-980x980-1-330x350.jpg",330,350,true],"1536x1536":["http:\/\/tvalaire.com\/wp-content\/uploads\/2025\/11\/Campana-de-Vacunacion-Sarampion-2025-980x980-1.jpg",980,980,false],"2048x2048":["http:\/\/tvalaire.com\/wp-content\/uploads\/2025\/11\/Campana-de-Vacunacion-Sarampion-2025-980x980-1.jpg",980,980,false],"newsium-slider-full":["http:\/\/tvalaire.com\/wp-content\/uploads\/2025\/11\/Campana-de-Vacunacion-Sarampion-2025-980x980-1-980x845.jpg",980,845,true],"newsium-featured":["http:\/\/tvalaire.com\/wp-content\/uploads\/2025\/11\/Campana-de-Vacunacion-Sarampion-2025-980x980-1.jpg",980,980,false],"newsium-medium":["http:\/\/tvalaire.com\/wp-content\/uploads\/2025\/11\/Campana-de-Vacunacion-Sarampion-2025-980x980-1-720x475.jpg",720,475,true]},"author_info":{"info":["tvalairenoti"]},"category_info":"<a href=\"http:\/\/tvalaire.com\/?cat=1\" rel=\"category\">La Piedad<\/a>","tag_info":"La Piedad","comment_count":"0","jetpack_featured_media_url":"http:\/\/tvalaire.com\/wp-content\/uploads\/2025\/11\/Campana-de-Vacunacion-Sarampion-2025-980x980-1.jpg","_links":{"self":[{"href":"http:\/\/tvalaire.com\/index.php?rest_route=\/wp\/v2\/posts\/13181"}],"collection":[{"href":"http:\/\/tvalaire.com\/index.php?rest_route=\/wp\/v2\/posts"}],"about":[{"href":"http:\/\/tvalaire.com\/index.php?rest_route=\/wp\/v2\/types\/post"}],"author":[{"embeddable":true,"href":"http:\/\/tvalaire.com\/index.php?rest_route=\/wp\/v2\/users\/1"}],"replies":[{"embeddable":true,"href":"http:\/\/tvalaire.com\/index.php?rest_route=%2Fwp%2Fv2%2Fcomments&post=13181"}],"version-history":[{"count":1,"href":"http:\/\/tvalaire.com\/index.php?rest_route=\/wp\/v2\/posts\/13181\/revisions"}],"predecessor-version":[{"id":13183,"href":"http:\/\/tvalaire.com\/index.php?rest_route=\/wp\/v2\/posts\/13181\/revisions\/13183"}],"wp:featuredmedia":[{"embeddable":true,"href":"http:\/\/tvalaire.com\/index.php?rest_route=\/wp\/v2\/media\/13182"}],"wp:attachment":[{"href":"http:\/\/tvalaire.com\/index.php?rest_route=%2Fwp%2Fv2%2Fmedia&parent=13181"}],"wp:term":[{"taxonomy":"category","embeddable":true,"href":"http:\/\/tvalaire.com\/index.php?rest_route=%2Fwp%2Fv2%2Fcategories&post=13181"},{"taxonomy":"post_tag","embeddable":true,"href":"http:\/\/tvalaire.com\/index.php?rest_route=%2Fwp%2Fv2%2Ftags&post=13181"}],"curies":[{"name":"wp","href":"https:\/\/api.w.org\/{rel}","templated":true}]}}