{"id":13175,"date":"2025-10-16T16:21:11","date_gmt":"2025-10-16T22:21:11","guid":{"rendered":"http:\/\/tvalaire.com\/?p=13175"},"modified":"2025-11-03T16:22:39","modified_gmt":"2025-11-03T22:22:39","slug":"se-impulsa-la-activacion-fisica-de-mujeres-en-la-piedad","status":"publish","type":"post","link":"http:\/\/tvalaire.com\/?p=13175","title":{"rendered":"SE IMPULSA LA ACTIVACI\u00d3N F\u00cdSICA DE MUJERES EN LA PIEDAD"},"content":{"rendered":"\n<figure class=\"wp-block-image size-full\"><img loading=\"lazy\" decoding=\"async\" width=\"590\" height=\"429\" src=\"http:\/\/tvalaire.com\/wp-content\/uploads\/2025\/11\/565651605_1217553640399012_5254839169174978348_n.jpg\" alt=\"\" class=\"wp-image-13177\" srcset=\"http:\/\/tvalaire.com\/wp-content\/uploads\/2025\/11\/565651605_1217553640399012_5254839169174978348_n.jpg 590w, http:\/\/tvalaire.com\/wp-content\/uploads\/2025\/11\/565651605_1217553640399012_5254839169174978348_n-300x218.jpg 300w\" sizes=\"(max-width: 590px) 100vw, 590px\" \/><\/figure>\n\n\n\n<p><strong>Se invita a las mujeres piedadenses a visitar los m\u00f3dulos de atenci\u00f3n de la Jornada Anual de Salud<\/strong><\/p>\n\n\n\n<p>Como parte de las actividades de la Jornada Anual de Salud en favor de las mujeres, el Gobierno Municipal de La Piedad, a trav\u00e9s del Instituto Municipal de la Mujer (IMM), el Sistema para el Desarrollo Integral de la Familia (DIF) y la Secretar\u00eda de Salud del Estado, llev\u00f3 a cabo una activaci\u00f3n f\u00edsica bajo el lema \u201cSi t\u00fa est\u00e1s bien, todo est\u00e1 mejor\u201d.<\/p>\n\n\n\n<p>En el Centro Hist\u00f3rico de la ciudad, m\u00e1s de 200 mujeres se dieron cita para participar en esta celebraci\u00f3n con motivo del D\u00eda Internacional de la Lucha contra el C\u00e1ncer de Mama.<\/p>\n\n\n\n<p>El evento destac\u00f3 por el entusiasmo de las participantes, a quienes las autoridades invitaron a aprovechar los m\u00f3dulos de atenci\u00f3n y servicios disponibles. Asimismo, se extendi\u00f3 la invitaci\u00f3n a todas las mujeres del municipio para que acudan a la Plaza Principal y soliciten los servicios de salud que necesiten, como vacunaci\u00f3n, evaluaci\u00f3n de Papanicolaou, nutrici\u00f3n, corte de cabello, farmacia, optometr\u00eda, entre otros.<\/p>\n\n\n\n<figure class=\"wp-block-image size-full\"><img loading=\"lazy\" decoding=\"async\" width=\"585\" height=\"403\" src=\"http:\/\/tvalaire.com\/wp-content\/uploads\/2025\/11\/565177002_1217553727065670_2038877231262468232_n.jpg\" alt=\"\" class=\"wp-image-13178\" srcset=\"http:\/\/tvalaire.com\/wp-content\/uploads\/2025\/11\/565177002_1217553727065670_2038877231262468232_n.jpg 585w, http:\/\/tvalaire.com\/wp-content\/uploads\/2025\/11\/565177002_1217553727065670_2038877231262468232_n-300x207.jpg 300w\" sizes=\"(max-width: 585px) 100vw, 585px\" \/><\/figure>\n\n\n\n<figure class=\"wp-block-image size-full\"><img loading=\"lazy\" decoding=\"async\" width=\"590\" height=\"393\" src=\"http:\/\/tvalaire.com\/wp-content\/uploads\/2025\/11\/561760831_1217553700399006_6841386269075024560_n.jpg\" alt=\"\" class=\"wp-image-13179\" srcset=\"http:\/\/tvalaire.com\/wp-content\/uploads\/2025\/11\/561760831_1217553700399006_6841386269075024560_n.jpg 590w, http:\/\/tvalaire.com\/wp-content\/uploads\/2025\/11\/561760831_1217553700399006_6841386269075024560_n-300x200.jpg 300w\" sizes=\"(max-width: 590px) 100vw, 590px\" \/><\/figure>\n","protected":false},"excerpt":{"rendered":"<p>Se invita a las mujeres piedadenses a visitar los m\u00f3dulos de atenci\u00f3n de la Jornada&#8230;<\/p>\n","protected":false},"author":1,"featured_media":13176,"comment_status":"open","ping_status":"open","sticky":false,"template":"","format":"standard","meta":{"jetpack_post_was_ever_published":false,"_jetpack_newsletter_access":"","_jetpack_dont_email_post_to_subs":false,"_jetpack_newsletter_tier_id":0,"_jetpack_memberships_contains_paywalled_content":false,"_jetpack_memberships_contains_paid_content":false,"footnotes":"","jetpack_publicize_message":"","jetpack_publicize_feature_enabled":true,"jetpack_social_post_already_shared":true,"jetpack_social_options":{"image_generator_settings":{"template":"highway","enabled":false},"version":2}},"categories":[1],"tags":[15,36],"class_list":["post-13175","post","type-post","status-publish","format-standard","has-post-thumbnail","hentry","category-la-piedad","tag-la-piedad","tag-principales"],"jetpack_publicize_connections":[],"jetpack_sharing_enabled":true,"featured_image_urls":{"full":["http:\/\/tvalaire.com\/wp-content\/uploads\/2025\/11\/WhatsApp-Image-2025-10-16-at-7.51.14-PM-1080x675-1.jpeg",1080,675,false],"thumbnail":["http:\/\/tvalaire.com\/wp-content\/uploads\/2025\/11\/WhatsApp-Image-2025-10-16-at-7.51.14-PM-1080x675-1-150x150.jpeg",150,150,true],"medium":["http:\/\/tvalaire.com\/wp-content\/uploads\/2025\/11\/WhatsApp-Image-2025-10-16-at-7.51.14-PM-1080x675-1-300x188.jpeg",300,188,true],"medium_large":["http:\/\/tvalaire.com\/wp-content\/uploads\/2025\/11\/WhatsApp-Image-2025-10-16-at-7.51.14-PM-1080x675-1-768x480.jpeg",640,400,true],"large":["http:\/\/tvalaire.com\/wp-content\/uploads\/2025\/11\/WhatsApp-Image-2025-10-16-at-7.51.14-PM-1080x675-1-1024x640.jpeg",640,400,true],"post-slider-thumb-size":["http:\/\/tvalaire.com\/wp-content\/uploads\/2025\/11\/WhatsApp-Image-2025-10-16-at-7.51.14-PM-1080x675-1-330x190.jpeg",330,190,true],"post-category-slider-size":["http:\/\/tvalaire.com\/wp-content\/uploads\/2025\/11\/WhatsApp-Image-2025-10-16-at-7.51.14-PM-1080x675-1-330x350.jpeg",330,350,true],"1536x1536":["http:\/\/tvalaire.com\/wp-content\/uploads\/2025\/11\/WhatsApp-Image-2025-10-16-at-7.51.14-PM-1080x675-1.jpeg",1080,675,false],"2048x2048":["http:\/\/tvalaire.com\/wp-content\/uploads\/2025\/11\/WhatsApp-Image-2025-10-16-at-7.51.14-PM-1080x675-1.jpeg",1080,675,false],"newsium-slider-full":["http:\/\/tvalaire.com\/wp-content\/uploads\/2025\/11\/WhatsApp-Image-2025-10-16-at-7.51.14-PM-1080x675-1.jpeg",1080,675,false],"newsium-featured":["http:\/\/tvalaire.com\/wp-content\/uploads\/2025\/11\/WhatsApp-Image-2025-10-16-at-7.51.14-PM-1080x675-1-1024x640.jpeg",1024,640,true],"newsium-medium":["http:\/\/tvalaire.com\/wp-content\/uploads\/2025\/11\/WhatsApp-Image-2025-10-16-at-7.51.14-PM-1080x675-1-720x475.jpeg",720,475,true]},"author_info":{"info":["tvalairenoti"]},"category_info":"<a href=\"http:\/\/tvalaire.com\/?cat=1\" rel=\"category\">La Piedad<\/a>","tag_info":"La Piedad","comment_count":"0","jetpack_featured_media_url":"http:\/\/tvalaire.com\/wp-content\/uploads\/2025\/11\/WhatsApp-Image-2025-10-16-at-7.51.14-PM-1080x675-1.jpeg","_links":{"self":[{"href":"http:\/\/tvalaire.com\/index.php?rest_route=\/wp\/v2\/posts\/13175"}],"collection":[{"href":"http:\/\/tvalaire.com\/index.php?rest_route=\/wp\/v2\/posts"}],"about":[{"href":"http:\/\/tvalaire.com\/index.php?rest_route=\/wp\/v2\/types\/post"}],"author":[{"embeddable":true,"href":"http:\/\/tvalaire.com\/index.php?rest_route=\/wp\/v2\/users\/1"}],"replies":[{"embeddable":true,"href":"http:\/\/tvalaire.com\/index.php?rest_route=%2Fwp%2Fv2%2Fcomments&post=13175"}],"version-history":[{"count":1,"href":"http:\/\/tvalaire.com\/index.php?rest_route=\/wp\/v2\/posts\/13175\/revisions"}],"predecessor-version":[{"id":13180,"href":"http:\/\/tvalaire.com\/index.php?rest_route=\/wp\/v2\/posts\/13175\/revisions\/13180"}],"wp:featuredmedia":[{"embeddable":true,"href":"http:\/\/tvalaire.com\/index.php?rest_route=\/wp\/v2\/media\/13176"}],"wp:attachment":[{"href":"http:\/\/tvalaire.com\/index.php?rest_route=%2Fwp%2Fv2%2Fmedia&parent=13175"}],"wp:term":[{"taxonomy":"category","embeddable":true,"href":"http:\/\/tvalaire.com\/index.php?rest_route=%2Fwp%2Fv2%2Fcategories&post=13175"},{"taxonomy":"post_tag","embeddable":true,"href":"http:\/\/tvalaire.com\/index.php?rest_route=%2Fwp%2Fv2%2Ftags&post=13175"}],"curies":[{"name":"wp","href":"https:\/\/api.w.org\/{rel}","templated":true}]}}