{"id":13172,"date":"2025-10-08T16:17:33","date_gmt":"2025-10-08T22:17:33","guid":{"rendered":"http:\/\/tvalaire.com\/?p=13172"},"modified":"2025-11-03T16:20:54","modified_gmt":"2025-11-03T22:20:54","slug":"arranca-la-jornada-anual-de-salud-contra-el-cancer-de-mama-en-la-piedad","status":"publish","type":"post","link":"http:\/\/tvalaire.com\/?p=13172","title":{"rendered":"ARRANCA LA JORNADA ANUAL DE SALUD CONTRA EL C\u00c1NCER DE MAMA EN LA PIEDAD"},"content":{"rendered":"\n<ul class=\"wp-block-list\">\n<li><strong>Del 16 al 22 de octubre, se brindar\u00e1n servicios m\u00e9dicos gratuitos en la Plaza Principal<\/strong><\/li>\n\n\n\n<li><strong>Gobierno de La Piedad promueve campa\u00f1as de prevenci\u00f3n y cuidado integral de la mujer<\/strong><\/li>\n<\/ul>\n\n\n\n<p>En el marco del D\u00eda Internacional de la Lucha contra el C\u00e1ncer de Mama, el Gobierno Municipal de La Piedad, a trav\u00e9s del Sistema DIF Municipal y el Instituto Municipal de la Mujer y en coordinaci\u00f3n con la Secretar\u00eda de Salud en el Estado y la Jurisdicci\u00f3n Sanitaria n\u00famero 6, dan inicio a la Jornada Anual de Salud, una campa\u00f1a enfocada en la prevenci\u00f3n, detecci\u00f3n oportuna y atenci\u00f3n integral de la salud femenina.<\/p>\n\n\n\n<p>La jornada se llevar\u00e1 a cabo del 16 al 22 de octubre en la Plaza Principal del municipio, donde se ofrecer\u00e1n servicios m\u00e9dicos gratuitos, con \u00e9nfasis en estudios para la detecci\u00f3n temprana del c\u00e1ncer de mama, como la mastograf\u00eda.<\/p>\n\n\n\n<p>Durante el arranque de actividades, la Presidenta del DIF Municipal, Sra. Margarita Montes Vel\u00e1zquez, hizo un llamado a las mujeres del municipio a participar en esta jornada preventiva y aprovechar los servicios disponibles. \u201cLa salud es una responsabilidad de todas y todos. Acudir a revisiones m\u00e9dicas peri\u00f3dicas puede marcar la diferencia. Esta jornada es gratuita y est\u00e1 pensada para ustedes\u201d, expres\u00f3.<\/p>\n\n\n\n<p>Las mastograf\u00edas estar\u00e1n disponibles en un horario de 9:00 de la ma\u00f1ana a 6:00 de la tarde, y est\u00e1n dirigidas a mujeres de entre 40 y 69 a\u00f1os de edad. Para realizarse el estudio, las interesadas deber\u00e1n acudir con: copia de INE, Copia de CURP y&nbsp; su aseo personal adecuado, sin uso de perfumes, cremas o desodorantes.<br><\/p>\n\n\n\n<p>Adem\u00e1s de la mastograf\u00eda, se brindar\u00e1n diversos servicios de salud gratuitos, en un horario de 9:00 a.m. a 2:00 p.m., entre ellos: Consulta m\u00e9dica general, Examen de Papanicolaou, Vacunaci\u00f3n, Farmacia, Optometr\u00eda y lentes a bajo costo, Atenci\u00f3n nutricional, Densitometr\u00eda, Asesor\u00eda y atenci\u00f3n del Instituto Municipal de la Mujer.<br><\/p>\n\n\n\n<p>Con estas acciones, el Gobierno Municipal de La Piedad reitera su compromiso con la salud y bienestar de la poblaci\u00f3n, especialmente de las mujeres, promoviendo campa\u00f1as de prevenci\u00f3n y cuidado integral.<\/p>\n\n\n\n<p><\/p>\n","protected":false},"excerpt":{"rendered":"<p>En el marco del D\u00eda Internacional de la Lucha contra el C\u00e1ncer de Mama, el&#8230;<\/p>\n","protected":false},"author":1,"featured_media":13173,"comment_status":"open","ping_status":"open","sticky":false,"template":"","format":"standard","meta":{"jetpack_post_was_ever_published":false,"_jetpack_newsletter_access":"","_jetpack_dont_email_post_to_subs":false,"_jetpack_newsletter_tier_id":0,"_jetpack_memberships_contains_paywalled_content":false,"_jetpack_memberships_contains_paid_content":false,"footnotes":"","jetpack_publicize_message":"","jetpack_publicize_feature_enabled":true,"jetpack_social_post_already_shared":true,"jetpack_social_options":{"image_generator_settings":{"template":"highway","enabled":false},"version":2}},"categories":[1],"tags":[15,36],"class_list":["post-13172","post","type-post","status-publish","format-standard","has-post-thumbnail","hentry","category-la-piedad","tag-la-piedad","tag-principales"],"jetpack_publicize_connections":[],"jetpack_sharing_enabled":true,"featured_image_urls":{"full":["http:\/\/tvalaire.com\/wp-content\/uploads\/2025\/11\/WhatsApp-Image-2025-10-16-at-2.48.44-PM-2-1080x675-1.jpeg",1080,675,false],"thumbnail":["http:\/\/tvalaire.com\/wp-content\/uploads\/2025\/11\/WhatsApp-Image-2025-10-16-at-2.48.44-PM-2-1080x675-1-150x150.jpeg",150,150,true],"medium":["http:\/\/tvalaire.com\/wp-content\/uploads\/2025\/11\/WhatsApp-Image-2025-10-16-at-2.48.44-PM-2-1080x675-1-300x188.jpeg",300,188,true],"medium_large":["http:\/\/tvalaire.com\/wp-content\/uploads\/2025\/11\/WhatsApp-Image-2025-10-16-at-2.48.44-PM-2-1080x675-1-768x480.jpeg",640,400,true],"large":["http:\/\/tvalaire.com\/wp-content\/uploads\/2025\/11\/WhatsApp-Image-2025-10-16-at-2.48.44-PM-2-1080x675-1-1024x640.jpeg",640,400,true],"post-slider-thumb-size":["http:\/\/tvalaire.com\/wp-content\/uploads\/2025\/11\/WhatsApp-Image-2025-10-16-at-2.48.44-PM-2-1080x675-1-330x190.jpeg",330,190,true],"post-category-slider-size":["http:\/\/tvalaire.com\/wp-content\/uploads\/2025\/11\/WhatsApp-Image-2025-10-16-at-2.48.44-PM-2-1080x675-1-330x350.jpeg",330,350,true],"1536x1536":["http:\/\/tvalaire.com\/wp-content\/uploads\/2025\/11\/WhatsApp-Image-2025-10-16-at-2.48.44-PM-2-1080x675-1.jpeg",1080,675,false],"2048x2048":["http:\/\/tvalaire.com\/wp-content\/uploads\/2025\/11\/WhatsApp-Image-2025-10-16-at-2.48.44-PM-2-1080x675-1.jpeg",1080,675,false],"newsium-slider-full":["http:\/\/tvalaire.com\/wp-content\/uploads\/2025\/11\/WhatsApp-Image-2025-10-16-at-2.48.44-PM-2-1080x675-1.jpeg",1080,675,false],"newsium-featured":["http:\/\/tvalaire.com\/wp-content\/uploads\/2025\/11\/WhatsApp-Image-2025-10-16-at-2.48.44-PM-2-1080x675-1-1024x640.jpeg",1024,640,true],"newsium-medium":["http:\/\/tvalaire.com\/wp-content\/uploads\/2025\/11\/WhatsApp-Image-2025-10-16-at-2.48.44-PM-2-1080x675-1-720x475.jpeg",720,475,true]},"author_info":{"info":["tvalairenoti"]},"category_info":"<a href=\"http:\/\/tvalaire.com\/?cat=1\" rel=\"category\">La Piedad<\/a>","tag_info":"La Piedad","comment_count":"0","jetpack_featured_media_url":"http:\/\/tvalaire.com\/wp-content\/uploads\/2025\/11\/WhatsApp-Image-2025-10-16-at-2.48.44-PM-2-1080x675-1.jpeg","_links":{"self":[{"href":"http:\/\/tvalaire.com\/index.php?rest_route=\/wp\/v2\/posts\/13172"}],"collection":[{"href":"http:\/\/tvalaire.com\/index.php?rest_route=\/wp\/v2\/posts"}],"about":[{"href":"http:\/\/tvalaire.com\/index.php?rest_route=\/wp\/v2\/types\/post"}],"author":[{"embeddable":true,"href":"http:\/\/tvalaire.com\/index.php?rest_route=\/wp\/v2\/users\/1"}],"replies":[{"embeddable":true,"href":"http:\/\/tvalaire.com\/index.php?rest_route=%2Fwp%2Fv2%2Fcomments&post=13172"}],"version-history":[{"count":1,"href":"http:\/\/tvalaire.com\/index.php?rest_route=\/wp\/v2\/posts\/13172\/revisions"}],"predecessor-version":[{"id":13174,"href":"http:\/\/tvalaire.com\/index.php?rest_route=\/wp\/v2\/posts\/13172\/revisions\/13174"}],"wp:featuredmedia":[{"embeddable":true,"href":"http:\/\/tvalaire.com\/index.php?rest_route=\/wp\/v2\/media\/13173"}],"wp:attachment":[{"href":"http:\/\/tvalaire.com\/index.php?rest_route=%2Fwp%2Fv2%2Fmedia&parent=13172"}],"wp:term":[{"taxonomy":"category","embeddable":true,"href":"http:\/\/tvalaire.com\/index.php?rest_route=%2Fwp%2Fv2%2Fcategories&post=13172"},{"taxonomy":"post_tag","embeddable":true,"href":"http:\/\/tvalaire.com\/index.php?rest_route=%2Fwp%2Fv2%2Ftags&post=13172"}],"curies":[{"name":"wp","href":"https:\/\/api.w.org\/{rel}","templated":true}]}}