{"id":13162,"date":"2025-10-24T16:08:06","date_gmt":"2025-10-24T22:08:06","guid":{"rendered":"http:\/\/tvalaire.com\/?p=13162"},"modified":"2025-11-03T16:13:27","modified_gmt":"2025-11-03T22:13:27","slug":"presentan-la-quinta-edicion-del-festivalalmas-piedadenses-2025","status":"publish","type":"post","link":"http:\/\/tvalaire.com\/?p=13162","title":{"rendered":"PRESENTAN LA QUINTA EDICI\u00d3N DEL FESTIVAL\u201cALMAS PIEDADENSES 2025\u201d"},"content":{"rendered":"\n<ul class=\"wp-block-list\">\n<li><strong>Del 31 de octubre al 2 de noviembre se celebrar\u00e1 el festival en honor al D\u00eda de Muertos<\/strong><\/li>\n\n\n\n<li><strong>La sede del festival ser\u00e1 en el Centro Hist\u00f3rico de La Piedad, Escuela de Artes, Jard\u00edn de la Pur\u00edsima y el Parque Metropolitano<\/strong><\/li>\n<\/ul>\n\n\n\n<p>El Gobierno Municipal de La Piedad present\u00f3 el programa de actividades del Festival \u201cAlmas Piedadenses\u201d, que este a\u00f1o llega a su quinta edici\u00f3n. Este evento se ha consolidado como una de las celebraciones m\u00e1s esperadas por las familias piedadenses, al rendir homenaje a las tradiciones mexicanas que nos dan identidad y arraigo.<\/p>\n\n\n\n<p>\u201cRealizamos estas actividades para que las familias puedan disfrutar de nuestras tradiciones mexicanas que nos dan identidad y sentido de pertenencia. En esta edici\u00f3n planeamos un d\u00eda de actividades en cada uno de nuestros espacios emblem\u00e1ticos: el Centro Hist\u00f3rico se llenar\u00e1 de color con tapetes y altares; en la Escuela de Artes y el Jard\u00edn de la Pur\u00edsima se podr\u00e1 apreciar el Altar Monumental elaborado por docentes y alumnos, y por primera vez, el Parque Metropolitano Jos\u00e9 Mar\u00eda Cavadas ser\u00e1 sede de actividades especiales\u201d, mencion\u00f3 Samuel Hidalgo, Presidente Municipal de La Piedad.<\/p>\n\n\n\n<p>Ser\u00e1n tres d\u00edas de intensa actividad cultural y art\u00edstica. El programa iniciar\u00e1 el jueves 31 de octubre con la instalaci\u00f3n de tapetes y altares en el Centro Hist\u00f3rico, adem\u00e1s de presentaciones musicales a cargo de alumnos y maestros de la Escuela de Artes.<\/p>\n\n\n\n<p>El viernes 1 de noviembre, el tradicional Desfile de Catrinas y Catrines recorrer\u00e1 las calles desde el Parque Morelos, seguido de la proyecci\u00f3n de una pel\u00edcula alusiva a la fecha. En la Escuela de Artes se podr\u00e1 admirar nuevamente el Altar Monumental, una expresi\u00f3n art\u00edstica que cada a\u00f1o representa la riqueza del D\u00eda de Muertos en nuestra regi\u00f3n.<\/p>\n\n\n\n<p>Finalmente, el s\u00e1bado 2 de noviembre, el Parque Metropolitano se convertir\u00e1 en escenario de diversas actividades, entre ellas la representaci\u00f3n del \u201cLago de las Almas\u201d, la instalaci\u00f3n de un tapete monumental en las escalinatas, y la presentaci\u00f3n musical del grupo Flor de Lirio, cerrando con un ambiente familiar y lleno de tradici\u00f3n.<\/p>\n","protected":false},"excerpt":{"rendered":"<p>El Gobierno Municipal de La Piedad present\u00f3 el programa de actividades del Festival \u201cAlmas Piedadenses\u201d,&#8230;<\/p>\n","protected":false},"author":1,"featured_media":13163,"comment_status":"open","ping_status":"open","sticky":false,"template":"","format":"standard","meta":{"jetpack_post_was_ever_published":false,"_jetpack_newsletter_access":"","_jetpack_dont_email_post_to_subs":true,"_jetpack_newsletter_tier_id":0,"_jetpack_memberships_contains_paywalled_content":false,"_jetpack_memberships_contains_paid_content":false,"footnotes":"","jetpack_publicize_message":"","jetpack_publicize_feature_enabled":true,"jetpack_social_post_already_shared":true,"jetpack_social_options":{"image_generator_settings":{"template":"highway","enabled":false},"version":2}},"categories":[1],"tags":[15,36],"class_list":["post-13162","post","type-post","status-publish","format-standard","has-post-thumbnail","hentry","category-la-piedad","tag-la-piedad","tag-principales"],"jetpack_publicize_connections":[],"jetpack_sharing_enabled":true,"featured_image_urls":{"full":["http:\/\/tvalaire.com\/wp-content\/uploads\/2025\/11\/WhatsApp-Image-2025-10-24-at-11.47.14-AM-2-953x675-1.jpeg",953,675,false],"thumbnail":["http:\/\/tvalaire.com\/wp-content\/uploads\/2025\/11\/WhatsApp-Image-2025-10-24-at-11.47.14-AM-2-953x675-1-150x150.jpeg",150,150,true],"medium":["http:\/\/tvalaire.com\/wp-content\/uploads\/2025\/11\/WhatsApp-Image-2025-10-24-at-11.47.14-AM-2-953x675-1-300x212.jpeg",300,212,true],"medium_large":["http:\/\/tvalaire.com\/wp-content\/uploads\/2025\/11\/WhatsApp-Image-2025-10-24-at-11.47.14-AM-2-953x675-1-768x544.jpeg",640,453,true],"large":["http:\/\/tvalaire.com\/wp-content\/uploads\/2025\/11\/WhatsApp-Image-2025-10-24-at-11.47.14-AM-2-953x675-1.jpeg",640,453,false],"post-slider-thumb-size":["http:\/\/tvalaire.com\/wp-content\/uploads\/2025\/11\/WhatsApp-Image-2025-10-24-at-11.47.14-AM-2-953x675-1-330x190.jpeg",330,190,true],"post-category-slider-size":["http:\/\/tvalaire.com\/wp-content\/uploads\/2025\/11\/WhatsApp-Image-2025-10-24-at-11.47.14-AM-2-953x675-1-330x350.jpeg",330,350,true],"1536x1536":["http:\/\/tvalaire.com\/wp-content\/uploads\/2025\/11\/WhatsApp-Image-2025-10-24-at-11.47.14-AM-2-953x675-1.jpeg",953,675,false],"2048x2048":["http:\/\/tvalaire.com\/wp-content\/uploads\/2025\/11\/WhatsApp-Image-2025-10-24-at-11.47.14-AM-2-953x675-1.jpeg",953,675,false],"newsium-slider-full":["http:\/\/tvalaire.com\/wp-content\/uploads\/2025\/11\/WhatsApp-Image-2025-10-24-at-11.47.14-AM-2-953x675-1.jpeg",953,675,false],"newsium-featured":["http:\/\/tvalaire.com\/wp-content\/uploads\/2025\/11\/WhatsApp-Image-2025-10-24-at-11.47.14-AM-2-953x675-1.jpeg",953,675,false],"newsium-medium":["http:\/\/tvalaire.com\/wp-content\/uploads\/2025\/11\/WhatsApp-Image-2025-10-24-at-11.47.14-AM-2-953x675-1-720x475.jpeg",720,475,true]},"author_info":{"info":["tvalairenoti"]},"category_info":"<a href=\"http:\/\/tvalaire.com\/?cat=1\" rel=\"category\">La Piedad<\/a>","tag_info":"La Piedad","comment_count":"0","jetpack_featured_media_url":"http:\/\/tvalaire.com\/wp-content\/uploads\/2025\/11\/WhatsApp-Image-2025-10-24-at-11.47.14-AM-2-953x675-1.jpeg","_links":{"self":[{"href":"http:\/\/tvalaire.com\/index.php?rest_route=\/wp\/v2\/posts\/13162"}],"collection":[{"href":"http:\/\/tvalaire.com\/index.php?rest_route=\/wp\/v2\/posts"}],"about":[{"href":"http:\/\/tvalaire.com\/index.php?rest_route=\/wp\/v2\/types\/post"}],"author":[{"embeddable":true,"href":"http:\/\/tvalaire.com\/index.php?rest_route=\/wp\/v2\/users\/1"}],"replies":[{"embeddable":true,"href":"http:\/\/tvalaire.com\/index.php?rest_route=%2Fwp%2Fv2%2Fcomments&post=13162"}],"version-history":[{"count":1,"href":"http:\/\/tvalaire.com\/index.php?rest_route=\/wp\/v2\/posts\/13162\/revisions"}],"predecessor-version":[{"id":13164,"href":"http:\/\/tvalaire.com\/index.php?rest_route=\/wp\/v2\/posts\/13162\/revisions\/13164"}],"wp:featuredmedia":[{"embeddable":true,"href":"http:\/\/tvalaire.com\/index.php?rest_route=\/wp\/v2\/media\/13163"}],"wp:attachment":[{"href":"http:\/\/tvalaire.com\/index.php?rest_route=%2Fwp%2Fv2%2Fmedia&parent=13162"}],"wp:term":[{"taxonomy":"category","embeddable":true,"href":"http:\/\/tvalaire.com\/index.php?rest_route=%2Fwp%2Fv2%2Fcategories&post=13162"},{"taxonomy":"post_tag","embeddable":true,"href":"http:\/\/tvalaire.com\/index.php?rest_route=%2Fwp%2Fv2%2Ftags&post=13162"}],"curies":[{"name":"wp","href":"https:\/\/api.w.org\/{rel}","templated":true}]}}