{"id":13156,"date":"2025-10-27T15:57:02","date_gmt":"2025-10-27T21:57:02","guid":{"rendered":"http:\/\/tvalaire.com\/?p=13156"},"modified":"2025-11-03T15:59:01","modified_gmt":"2025-11-03T21:59:01","slug":"el-panteon-municipal-jardines-del-otono-listo-para-recibir-a-visitantes-este-dia-de-muertos","status":"publish","type":"post","link":"http:\/\/tvalaire.com\/?p=13156","title":{"rendered":"EL PANTE\u00d3N MUNICIPAL \u201cJARDINES DEL OTO\u00d1O\u201d LISTO PARA RECIBIR A VISITANTES ESTE D\u00cdA DE MUERTOS"},"content":{"rendered":"\n<figure class=\"wp-block-image size-full\"><img loading=\"lazy\" decoding=\"async\" width=\"590\" height=\"392\" src=\"http:\/\/tvalaire.com\/wp-content\/uploads\/2025\/11\/571003229_1226862902801419_6557836277853203744_n.jpg\" alt=\"\" class=\"wp-image-13158\" srcset=\"http:\/\/tvalaire.com\/wp-content\/uploads\/2025\/11\/571003229_1226862902801419_6557836277853203744_n.jpg 590w, http:\/\/tvalaire.com\/wp-content\/uploads\/2025\/11\/571003229_1226862902801419_6557836277853203744_n-300x199.jpg 300w\" sizes=\"(max-width: 590px) 100vw, 590px\" \/><\/figure>\n\n\n\n<ul class=\"wp-block-list\">\n<li><strong>El 1 y 2 de noviembre los horarios de acceso ser\u00e1n de 7:00 am a 8:00 pm<\/strong><\/li>\n\n\n\n<li><strong>Gobierno de La Piedad exhorta a la poblaci\u00f3n a vivir las tradiciones con respeto, orden y limpieza<\/strong><\/li>\n<\/ul>\n\n\n\n<p>El Gobierno Municipal de La Piedad informa que el Pante\u00f3n Municipal \u201cJardines del Oto\u00f1o\u201d, ubicado en la colonia Ciudad del Sol, se encuentra listo para recibir a todas las familias que deseen visitar a sus seres queridos durante las festividades del D\u00eda de Muertos, con los siguientes horarios de acceso: el s\u00e1bado 1 y 2 de noviembre de 7:00 am a 8:00 pm.<\/p>\n\n\n\n<p>Con el objetivo de mantener el orden y facilitar la movilidad, el ingreso vehicular estar\u00e1 permitido \u00fanicamente para personas con discapacidad. En estos casos, el veh\u00edculo podr\u00e1 ingresar para dejar a la persona y deber\u00e1 salir inmediatamente del recinto; al concluir la visita, se permitir\u00e1 nuevamente el acceso para recoger a sus familiares.<\/p>\n\n\n\n<p>Asimismo, se comunica que los comerciantes interesados en instalar puntos de venta en las periferias del Pante\u00f3n Municipal deber\u00e1n presentarse en el lugar a las 10:00 de la ma\u00f1ana del d\u00eda 31 de octubre con el personal de la Direcci\u00f3n de Reglamentos, qui\u00e9n atender\u00e1 y autorizar\u00e1 las solicitudes correspondientes, ese mismo d\u00eda en el pante\u00f3n.<\/p>\n\n\n\n<p>El Gobierno Municipal exhorta a la poblaci\u00f3n a vivir estas tradiciones con respeto, orden y limpieza, preservando as\u00ed uno de los festejos m\u00e1s significativos de nuestra cultura mexicana.<\/p>\n\n\n\n<figure class=\"wp-block-image size-full\"><img loading=\"lazy\" decoding=\"async\" width=\"590\" height=\"392\" src=\"http:\/\/tvalaire.com\/wp-content\/uploads\/2025\/11\/573501959_1226862866134756_4397666702945825896_n.jpg\" alt=\"\" class=\"wp-image-13159\" srcset=\"http:\/\/tvalaire.com\/wp-content\/uploads\/2025\/11\/573501959_1226862866134756_4397666702945825896_n.jpg 590w, http:\/\/tvalaire.com\/wp-content\/uploads\/2025\/11\/573501959_1226862866134756_4397666702945825896_n-300x199.jpg 300w\" sizes=\"(max-width: 590px) 100vw, 590px\" \/><\/figure>\n","protected":false},"excerpt":{"rendered":"<p>El Gobierno Municipal de La Piedad informa que el Pante\u00f3n Municipal \u201cJardines del Oto\u00f1o\u201d, ubicado&#8230;<\/p>\n","protected":false},"author":1,"featured_media":13157,"comment_status":"open","ping_status":"open","sticky":false,"template":"","format":"standard","meta":{"jetpack_post_was_ever_published":false,"_jetpack_newsletter_access":"","_jetpack_dont_email_post_to_subs":false,"_jetpack_newsletter_tier_id":0,"_jetpack_memberships_contains_paywalled_content":false,"_jetpack_memberships_contains_paid_content":false,"footnotes":"","jetpack_publicize_message":"","jetpack_publicize_feature_enabled":true,"jetpack_social_post_already_shared":true,"jetpack_social_options":{"image_generator_settings":{"template":"highway","enabled":false},"version":2}},"categories":[1],"tags":[15,36],"class_list":["post-13156","post","type-post","status-publish","format-standard","has-post-thumbnail","hentry","category-la-piedad","tag-la-piedad","tag-principales"],"jetpack_publicize_connections":[],"jetpack_sharing_enabled":true,"featured_image_urls":{"full":["http:\/\/tvalaire.com\/wp-content\/uploads\/2025\/11\/WhatsApp-Image-2025-10-27-at-2.16.14-PM-980x652-1.jpeg",980,652,false],"thumbnail":["http:\/\/tvalaire.com\/wp-content\/uploads\/2025\/11\/WhatsApp-Image-2025-10-27-at-2.16.14-PM-980x652-1-150x150.jpeg",150,150,true],"medium":["http:\/\/tvalaire.com\/wp-content\/uploads\/2025\/11\/WhatsApp-Image-2025-10-27-at-2.16.14-PM-980x652-1-300x200.jpeg",300,200,true],"medium_large":["http:\/\/tvalaire.com\/wp-content\/uploads\/2025\/11\/WhatsApp-Image-2025-10-27-at-2.16.14-PM-980x652-1-768x511.jpeg",640,426,true],"large":["http:\/\/tvalaire.com\/wp-content\/uploads\/2025\/11\/WhatsApp-Image-2025-10-27-at-2.16.14-PM-980x652-1.jpeg",640,426,false],"post-slider-thumb-size":["http:\/\/tvalaire.com\/wp-content\/uploads\/2025\/11\/WhatsApp-Image-2025-10-27-at-2.16.14-PM-980x652-1-330x190.jpeg",330,190,true],"post-category-slider-size":["http:\/\/tvalaire.com\/wp-content\/uploads\/2025\/11\/WhatsApp-Image-2025-10-27-at-2.16.14-PM-980x652-1-330x350.jpeg",330,350,true],"1536x1536":["http:\/\/tvalaire.com\/wp-content\/uploads\/2025\/11\/WhatsApp-Image-2025-10-27-at-2.16.14-PM-980x652-1.jpeg",980,652,false],"2048x2048":["http:\/\/tvalaire.com\/wp-content\/uploads\/2025\/11\/WhatsApp-Image-2025-10-27-at-2.16.14-PM-980x652-1.jpeg",980,652,false],"newsium-slider-full":["http:\/\/tvalaire.com\/wp-content\/uploads\/2025\/11\/WhatsApp-Image-2025-10-27-at-2.16.14-PM-980x652-1.jpeg",980,652,false],"newsium-featured":["http:\/\/tvalaire.com\/wp-content\/uploads\/2025\/11\/WhatsApp-Image-2025-10-27-at-2.16.14-PM-980x652-1.jpeg",980,652,false],"newsium-medium":["http:\/\/tvalaire.com\/wp-content\/uploads\/2025\/11\/WhatsApp-Image-2025-10-27-at-2.16.14-PM-980x652-1-720x475.jpeg",720,475,true]},"author_info":{"info":["tvalairenoti"]},"category_info":"<a href=\"http:\/\/tvalaire.com\/?cat=1\" rel=\"category\">La Piedad<\/a>","tag_info":"La Piedad","comment_count":"0","jetpack_featured_media_url":"http:\/\/tvalaire.com\/wp-content\/uploads\/2025\/11\/WhatsApp-Image-2025-10-27-at-2.16.14-PM-980x652-1.jpeg","_links":{"self":[{"href":"http:\/\/tvalaire.com\/index.php?rest_route=\/wp\/v2\/posts\/13156"}],"collection":[{"href":"http:\/\/tvalaire.com\/index.php?rest_route=\/wp\/v2\/posts"}],"about":[{"href":"http:\/\/tvalaire.com\/index.php?rest_route=\/wp\/v2\/types\/post"}],"author":[{"embeddable":true,"href":"http:\/\/tvalaire.com\/index.php?rest_route=\/wp\/v2\/users\/1"}],"replies":[{"embeddable":true,"href":"http:\/\/tvalaire.com\/index.php?rest_route=%2Fwp%2Fv2%2Fcomments&post=13156"}],"version-history":[{"count":1,"href":"http:\/\/tvalaire.com\/index.php?rest_route=\/wp\/v2\/posts\/13156\/revisions"}],"predecessor-version":[{"id":13160,"href":"http:\/\/tvalaire.com\/index.php?rest_route=\/wp\/v2\/posts\/13156\/revisions\/13160"}],"wp:featuredmedia":[{"embeddable":true,"href":"http:\/\/tvalaire.com\/index.php?rest_route=\/wp\/v2\/media\/13157"}],"wp:attachment":[{"href":"http:\/\/tvalaire.com\/index.php?rest_route=%2Fwp%2Fv2%2Fmedia&parent=13156"}],"wp:term":[{"taxonomy":"category","embeddable":true,"href":"http:\/\/tvalaire.com\/index.php?rest_route=%2Fwp%2Fv2%2Fcategories&post=13156"},{"taxonomy":"post_tag","embeddable":true,"href":"http:\/\/tvalaire.com\/index.php?rest_route=%2Fwp%2Fv2%2Ftags&post=13156"}],"curies":[{"name":"wp","href":"https:\/\/api.w.org\/{rel}","templated":true}]}}