{"id":1311,"date":"2017-04-18T21:32:01","date_gmt":"2017-04-19T02:32:01","guid":{"rendered":"http:\/\/tvalaire.com\/?p=1311"},"modified":"2017-04-18T21:32:01","modified_gmt":"2017-04-19T02:32:01","slug":"los-sentimientos-sobresalieron-en-la-segunda-eliminatoria-del-concurso-de-canto-infantil-que-organizo-el-dif-municipal","status":"publish","type":"post","link":"http:\/\/tvalaire.com\/?p=1311","title":{"rendered":"LOS SENTIMIENTOS SOBRESALIERON EN LA SEGUNDA ELIMINATORIA DEL CONCURSO DE CANTO INFANTIL QUE ORGANIZ\u00d3 EL DIF MUNICIPAL"},"content":{"rendered":"<p>Alegr\u00eda y entusiasmo vivieron los Puruandirenses a trav\u00e9s de la voz de los ni\u00f1os que participaron en la segunda eliminatoria del Concurso de Canto Infantil que realiz\u00f3 el DIF Municipal que encabeza la Lic. Yolanda Ram\u00edrez Maga\u00f1a en la plaza principal, en el marco del D\u00eda del Ni\u00f1o, en donde participaron 15 infantes de los cuales fueron seleccionados cinco competidores que pasaron a la final, misma que ser\u00e1 realizada este pr\u00f3ximo domingo 23 de abril.<br \/>\n\u201cFelicito a todos los ni\u00f1os, porque para nosotros todos son ganadores, quisimos hacerles este evento que es una actividad sana, donde ellos pueden expresar sus sentimientos y transmitieron el gusto por esta rama cultural\u201d se\u00f1al\u00f3 Yolanda Ram\u00edrez.<br \/>\nEn el mismo marco el Presidente Municipal V\u00edctor V\u00e1zquez resalt\u00f3 que \u201cagradecemos al jurado calificador por su participaci\u00f3n, sabemos que no es nada f\u00e1cil porque tenemos mucho talento en los ni\u00f1os. Aprovecho para invitarlos a la inauguraci\u00f3n del mejoramiento de este espacio p\u00fablico, este pr\u00f3ximo jueves a las 7:30 de la noche, tendremos un evento sorpresa, esperamos contar con su presencia\u201d.<br \/>\nCabe destacar que el jurado estuvo integrado por el maestro Jos\u00e9 Ram\u00edrez Castillo, por la cantante Laura Maga\u00f1a Le\u00f3n y por el maestro Jorge Guiza D\u00edaz, quienes eligieron a Luis Herrera Alcaraz, Mar\u00eda Jos\u00e9 Cardoso Ortiz, Jennifer Espinoza Rico, Berenice Fuentes Ortega y un dueto de ni\u00f1as LizethServin Piceno e Ivelyn Le\u00f3n Servin, para que pasen a la final.<\/p>\n<p><img loading=\"lazy\" decoding=\"async\" class=\"alignnone size-medium wp-image-1315\" src=\"http:\/\/tvalaire.com\/wp-content\/uploads\/2017\/04\/LOS-SENTIMIENTOS-SOBRESALIERON-EN-LA-SEGUNDA-ELIMINATORIA-DEL-CONCURSO-DE-CANTO-INFANTIL-QUE-ORGANIZ\u00d3-EL-DIF-MUNICIPAL-5-300x199.jpg\" alt=\"\" width=\"300\" height=\"199\" srcset=\"http:\/\/tvalaire.com\/wp-content\/uploads\/2017\/04\/LOS-SENTIMIENTOS-SOBRESALIERON-EN-LA-SEGUNDA-ELIMINATORIA-DEL-CONCURSO-DE-CANTO-INFANTIL-QUE-ORGANIZ\u00d3-EL-DIF-MUNICIPAL-5-300x199.jpg 300w, http:\/\/tvalaire.com\/wp-content\/uploads\/2017\/04\/LOS-SENTIMIENTOS-SOBRESALIERON-EN-LA-SEGUNDA-ELIMINATORIA-DEL-CONCURSO-DE-CANTO-INFANTIL-QUE-ORGANIZ\u00d3-EL-DIF-MUNICIPAL-5-768x509.jpg 768w, http:\/\/tvalaire.com\/wp-content\/uploads\/2017\/04\/LOS-SENTIMIENTOS-SOBRESALIERON-EN-LA-SEGUNDA-ELIMINATORIA-DEL-CONCURSO-DE-CANTO-INFANTIL-QUE-ORGANIZ\u00d3-EL-DIF-MUNICIPAL-5-1024x678.jpg 1024w, http:\/\/tvalaire.com\/wp-content\/uploads\/2017\/04\/LOS-SENTIMIENTOS-SOBRESALIERON-EN-LA-SEGUNDA-ELIMINATORIA-DEL-CONCURSO-DE-CANTO-INFANTIL-QUE-ORGANIZ\u00d3-EL-DIF-MUNICIPAL-5.jpg 2048w\" sizes=\"(max-width: 300px) 100vw, 300px\" \/><\/p>\n<p><img loading=\"lazy\" decoding=\"async\" class=\"alignnone size-medium wp-image-1313\" src=\"http:\/\/tvalaire.com\/wp-content\/uploads\/2017\/04\/LOS-SENTIMIENTOS-SOBRESALIERON-EN-LA-SEGUNDA-ELIMINATORIA-DEL-CONCURSO-DE-CANTO-INFANTIL-QUE-ORGANIZ\u00d3-EL-DIF-MUNICIPAL-3-199x300.jpg\" alt=\"\" width=\"199\" height=\"300\" srcset=\"http:\/\/tvalaire.com\/wp-content\/uploads\/2017\/04\/LOS-SENTIMIENTOS-SOBRESALIERON-EN-LA-SEGUNDA-ELIMINATORIA-DEL-CONCURSO-DE-CANTO-INFANTIL-QUE-ORGANIZ\u00d3-EL-DIF-MUNICIPAL-3-199x300.jpg 199w, http:\/\/tvalaire.com\/wp-content\/uploads\/2017\/04\/LOS-SENTIMIENTOS-SOBRESALIERON-EN-LA-SEGUNDA-ELIMINATORIA-DEL-CONCURSO-DE-CANTO-INFANTIL-QUE-ORGANIZ\u00d3-EL-DIF-MUNICIPAL-3-768x1160.jpg 768w, http:\/\/tvalaire.com\/wp-content\/uploads\/2017\/04\/LOS-SENTIMIENTOS-SOBRESALIERON-EN-LA-SEGUNDA-ELIMINATORIA-DEL-CONCURSO-DE-CANTO-INFANTIL-QUE-ORGANIZ\u00d3-EL-DIF-MUNICIPAL-3-678x1024.jpg 678w, http:\/\/tvalaire.com\/wp-content\/uploads\/2017\/04\/LOS-SENTIMIENTOS-SOBRESALIERON-EN-LA-SEGUNDA-ELIMINATORIA-DEL-CONCURSO-DE-CANTO-INFANTIL-QUE-ORGANIZ\u00d3-EL-DIF-MUNICIPAL-3.jpg 1356w\" sizes=\"(max-width: 199px) 100vw, 199px\" \/><\/p>\n<p><img loading=\"lazy\" decoding=\"async\" class=\"alignnone size-medium wp-image-1312\" src=\"http:\/\/tvalaire.com\/wp-content\/uploads\/2017\/04\/LOS-SENTIMIENTOS-SOBRESALIERON-EN-LA-SEGUNDA-ELIMINATORIA-DEL-CONCURSO-DE-CANTO-INFANTIL-QUE-ORGANIZ\u00d3-EL-DIF-MUNICIPAL-2-300x199.jpg\" alt=\"\" width=\"300\" height=\"199\" srcset=\"http:\/\/tvalaire.com\/wp-content\/uploads\/2017\/04\/LOS-SENTIMIENTOS-SOBRESALIERON-EN-LA-SEGUNDA-ELIMINATORIA-DEL-CONCURSO-DE-CANTO-INFANTIL-QUE-ORGANIZ\u00d3-EL-DIF-MUNICIPAL-2-300x199.jpg 300w, http:\/\/tvalaire.com\/wp-content\/uploads\/2017\/04\/LOS-SENTIMIENTOS-SOBRESALIERON-EN-LA-SEGUNDA-ELIMINATORIA-DEL-CONCURSO-DE-CANTO-INFANTIL-QUE-ORGANIZ\u00d3-EL-DIF-MUNICIPAL-2-768x509.jpg 768w, http:\/\/tvalaire.com\/wp-content\/uploads\/2017\/04\/LOS-SENTIMIENTOS-SOBRESALIERON-EN-LA-SEGUNDA-ELIMINATORIA-DEL-CONCURSO-DE-CANTO-INFANTIL-QUE-ORGANIZ\u00d3-EL-DIF-MUNICIPAL-2-1024x678.jpg 1024w, http:\/\/tvalaire.com\/wp-content\/uploads\/2017\/04\/LOS-SENTIMIENTOS-SOBRESALIERON-EN-LA-SEGUNDA-ELIMINATORIA-DEL-CONCURSO-DE-CANTO-INFANTIL-QUE-ORGANIZ\u00d3-EL-DIF-MUNICIPAL-2.jpg 2048w\" sizes=\"(max-width: 300px) 100vw, 300px\" \/><\/p>\n","protected":false},"excerpt":{"rendered":"<p>Alegr\u00eda y entusiasmo vivieron los Puruandirenses a trav\u00e9s de la voz de los ni\u00f1os que&#8230;<\/p>\n","protected":false},"author":1,"featured_media":1314,"comment_status":"open","ping_status":"open","sticky":false,"template":"","format":"standard","meta":{"jetpack_post_was_ever_published":false,"_jetpack_newsletter_access":"","_jetpack_dont_email_post_to_subs":false,"_jetpack_newsletter_tier_id":0,"_jetpack_memberships_contains_paywalled_content":false,"_jetpack_memberships_contains_paid_content":false,"footnotes":"","jetpack_publicize_message":"","jetpack_publicize_feature_enabled":true,"jetpack_social_post_already_shared":false,"jetpack_social_options":{"image_generator_settings":{"template":"highway","enabled":false},"version":2}},"categories":[4],"tags":[36,24],"class_list":["post-1311","post","type-post","status-publish","format-standard","has-post-thumbnail","hentry","category-puruandiro","tag-principales","tag-puruandiro"],"jetpack_publicize_connections":[],"jetpack_sharing_enabled":true,"featured_image_urls":{"full":["http:\/\/tvalaire.com\/wp-content\/uploads\/2017\/04\/LOS-SENTIMIENTOS-SOBRESALIERON-EN-LA-SEGUNDA-ELIMINATORIA-DEL-CONCURSO-DE-CANTO-INFANTIL-QUE-ORGANIZ\u00d3-EL-DIF-MUNICIPAL-4.jpg",2048,1356,false],"thumbnail":["http:\/\/tvalaire.com\/wp-content\/uploads\/2017\/04\/LOS-SENTIMIENTOS-SOBRESALIERON-EN-LA-SEGUNDA-ELIMINATORIA-DEL-CONCURSO-DE-CANTO-INFANTIL-QUE-ORGANIZ\u00d3-EL-DIF-MUNICIPAL-4-150x150.jpg",150,150,true],"medium":["http:\/\/tvalaire.com\/wp-content\/uploads\/2017\/04\/LOS-SENTIMIENTOS-SOBRESALIERON-EN-LA-SEGUNDA-ELIMINATORIA-DEL-CONCURSO-DE-CANTO-INFANTIL-QUE-ORGANIZ\u00d3-EL-DIF-MUNICIPAL-4-300x199.jpg",300,199,true],"medium_large":["http:\/\/tvalaire.com\/wp-content\/uploads\/2017\/04\/LOS-SENTIMIENTOS-SOBRESALIERON-EN-LA-SEGUNDA-ELIMINATORIA-DEL-CONCURSO-DE-CANTO-INFANTIL-QUE-ORGANIZ\u00d3-EL-DIF-MUNICIPAL-4-768x509.jpg",640,424,true],"large":["http:\/\/tvalaire.com\/wp-content\/uploads\/2017\/04\/LOS-SENTIMIENTOS-SOBRESALIERON-EN-LA-SEGUNDA-ELIMINATORIA-DEL-CONCURSO-DE-CANTO-INFANTIL-QUE-ORGANIZ\u00d3-EL-DIF-MUNICIPAL-4-1024x678.jpg",640,424,true],"post-slider-thumb-size":["http:\/\/tvalaire.com\/wp-content\/uploads\/2017\/04\/LOS-SENTIMIENTOS-SOBRESALIERON-EN-LA-SEGUNDA-ELIMINATORIA-DEL-CONCURSO-DE-CANTO-INFANTIL-QUE-ORGANIZ\u00d3-EL-DIF-MUNICIPAL-4.jpg",287,190,false],"post-category-slider-size":["http:\/\/tvalaire.com\/wp-content\/uploads\/2017\/04\/LOS-SENTIMIENTOS-SOBRESALIERON-EN-LA-SEGUNDA-ELIMINATORIA-DEL-CONCURSO-DE-CANTO-INFANTIL-QUE-ORGANIZ\u00d3-EL-DIF-MUNICIPAL-4.jpg",330,218,false],"1536x1536":["http:\/\/tvalaire.com\/wp-content\/uploads\/2017\/04\/LOS-SENTIMIENTOS-SOBRESALIERON-EN-LA-SEGUNDA-ELIMINATORIA-DEL-CONCURSO-DE-CANTO-INFANTIL-QUE-ORGANIZ\u00d3-EL-DIF-MUNICIPAL-4.jpg",1536,1017,false],"2048x2048":["http:\/\/tvalaire.com\/wp-content\/uploads\/2017\/04\/LOS-SENTIMIENTOS-SOBRESALIERON-EN-LA-SEGUNDA-ELIMINATORIA-DEL-CONCURSO-DE-CANTO-INFANTIL-QUE-ORGANIZ\u00d3-EL-DIF-MUNICIPAL-4.jpg",2048,1356,false],"newsium-slider-full":["http:\/\/tvalaire.com\/wp-content\/uploads\/2017\/04\/LOS-SENTIMIENTOS-SOBRESALIERON-EN-LA-SEGUNDA-ELIMINATORIA-DEL-CONCURSO-DE-CANTO-INFANTIL-QUE-ORGANIZ\u00d3-EL-DIF-MUNICIPAL-4.jpg",1276,845,false],"newsium-featured":["http:\/\/tvalaire.com\/wp-content\/uploads\/2017\/04\/LOS-SENTIMIENTOS-SOBRESALIERON-EN-LA-SEGUNDA-ELIMINATORIA-DEL-CONCURSO-DE-CANTO-INFANTIL-QUE-ORGANIZ\u00d3-EL-DIF-MUNICIPAL-4.jpg",1024,678,false],"newsium-medium":["http:\/\/tvalaire.com\/wp-content\/uploads\/2017\/04\/LOS-SENTIMIENTOS-SOBRESALIERON-EN-LA-SEGUNDA-ELIMINATORIA-DEL-CONCURSO-DE-CANTO-INFANTIL-QUE-ORGANIZ\u00d3-EL-DIF-MUNICIPAL-4.jpg",717,475,false]},"author_info":{"info":["tvalairenoti"]},"category_info":"<a href=\"http:\/\/tvalaire.com\/?cat=4\" rel=\"category\">Puru\u00e1ndiro<\/a>","tag_info":"Puru\u00e1ndiro","comment_count":"0","jetpack_featured_media_url":"http:\/\/tvalaire.com\/wp-content\/uploads\/2017\/04\/LOS-SENTIMIENTOS-SOBRESALIERON-EN-LA-SEGUNDA-ELIMINATORIA-DEL-CONCURSO-DE-CANTO-INFANTIL-QUE-ORGANIZ\u00d3-EL-DIF-MUNICIPAL-4.jpg","_links":{"self":[{"href":"http:\/\/tvalaire.com\/index.php?rest_route=\/wp\/v2\/posts\/1311"}],"collection":[{"href":"http:\/\/tvalaire.com\/index.php?rest_route=\/wp\/v2\/posts"}],"about":[{"href":"http:\/\/tvalaire.com\/index.php?rest_route=\/wp\/v2\/types\/post"}],"author":[{"embeddable":true,"href":"http:\/\/tvalaire.com\/index.php?rest_route=\/wp\/v2\/users\/1"}],"replies":[{"embeddable":true,"href":"http:\/\/tvalaire.com\/index.php?rest_route=%2Fwp%2Fv2%2Fcomments&post=1311"}],"version-history":[{"count":1,"href":"http:\/\/tvalaire.com\/index.php?rest_route=\/wp\/v2\/posts\/1311\/revisions"}],"predecessor-version":[{"id":1316,"href":"http:\/\/tvalaire.com\/index.php?rest_route=\/wp\/v2\/posts\/1311\/revisions\/1316"}],"wp:featuredmedia":[{"embeddable":true,"href":"http:\/\/tvalaire.com\/index.php?rest_route=\/wp\/v2\/media\/1314"}],"wp:attachment":[{"href":"http:\/\/tvalaire.com\/index.php?rest_route=%2Fwp%2Fv2%2Fmedia&parent=1311"}],"wp:term":[{"taxonomy":"category","embeddable":true,"href":"http:\/\/tvalaire.com\/index.php?rest_route=%2Fwp%2Fv2%2Fcategories&post=1311"},{"taxonomy":"post_tag","embeddable":true,"href":"http:\/\/tvalaire.com\/index.php?rest_route=%2Fwp%2Fv2%2Ftags&post=1311"}],"curies":[{"name":"wp","href":"https:\/\/api.w.org\/{rel}","templated":true}]}}