{"id":13086,"date":"2025-09-13T11:08:52","date_gmt":"2025-09-13T17:08:52","guid":{"rendered":"http:\/\/tvalaire.com\/?p=13086"},"modified":"2025-10-06T11:10:57","modified_gmt":"2025-10-06T17:10:57","slug":"homenaje-a-los-ninos-heroes","status":"publish","type":"post","link":"http:\/\/tvalaire.com\/?p=13086","title":{"rendered":"HOMENAJE A LOS NI\u00d1OS HEROES"},"content":{"rendered":"\n<figure class=\"wp-block-image size-full\"><img loading=\"lazy\" decoding=\"async\" width=\"593\" height=\"395\" src=\"http:\/\/tvalaire.com\/wp-content\/uploads\/2025\/10\/546453539_1187863573368019_8243887838339192565_n.jpg\" alt=\"\" class=\"wp-image-13088\" srcset=\"http:\/\/tvalaire.com\/wp-content\/uploads\/2025\/10\/546453539_1187863573368019_8243887838339192565_n.jpg 593w, http:\/\/tvalaire.com\/wp-content\/uploads\/2025\/10\/546453539_1187863573368019_8243887838339192565_n-300x200.jpg 300w\" sizes=\"(max-width: 593px) 100vw, 593px\" \/><\/figure>\n\n\n\n<p>En el marco del 177 aniversario de la Gesta Heroica de los Ni\u00f1os H\u00e9roes, recordamos a aquellos j\u00f3venes que con entrega y amor por la patria marcaron la historia de nuestro pa\u00eds.<\/p>\n\n\n\n<p>Durante el acto c\u00edvico, el Presidente Municipal se\u00f1al\u00f3:<\/p>\n\n\n\n<p>\u201cHoy m\u00e1s que nunca necesitamos que nuestra juventud se enrole en los valores que nos lleven a construir una sociedad justa y productiva, para que juntos hagamos grande a La Piedad y a M\u00e9xico\u201d.<\/p>\n\n\n\n<figure class=\"wp-block-image size-full\"><img loading=\"lazy\" decoding=\"async\" width=\"400\" height=\"600\" src=\"http:\/\/tvalaire.com\/wp-content\/uploads\/2025\/10\/545356961_1187863683368008_8264142269731237882_n.jpg\" alt=\"\" class=\"wp-image-13089\" srcset=\"http:\/\/tvalaire.com\/wp-content\/uploads\/2025\/10\/545356961_1187863683368008_8264142269731237882_n.jpg 400w, http:\/\/tvalaire.com\/wp-content\/uploads\/2025\/10\/545356961_1187863683368008_8264142269731237882_n-200x300.jpg 200w\" sizes=\"(max-width: 400px) 100vw, 400px\" \/><\/figure>\n","protected":false},"excerpt":{"rendered":"<p>En el marco del 177 aniversario de la Gesta Heroica de los Ni\u00f1os H\u00e9roes, recordamos&#8230;<\/p>\n","protected":false},"author":1,"featured_media":13087,"comment_status":"open","ping_status":"open","sticky":false,"template":"","format":"standard","meta":{"jetpack_post_was_ever_published":false,"_jetpack_newsletter_access":"","_jetpack_dont_email_post_to_subs":false,"_jetpack_newsletter_tier_id":0,"_jetpack_memberships_contains_paywalled_content":false,"_jetpack_memberships_contains_paid_content":false,"footnotes":"","jetpack_publicize_message":"","jetpack_publicize_feature_enabled":true,"jetpack_social_post_already_shared":true,"jetpack_social_options":{"image_generator_settings":{"template":"highway","enabled":false},"version":2}},"categories":[1],"tags":[15,36],"class_list":["post-13086","post","type-post","status-publish","format-standard","has-post-thumbnail","hentry","category-la-piedad","tag-la-piedad","tag-principales"],"jetpack_publicize_connections":[],"jetpack_sharing_enabled":true,"featured_image_urls":{"full":["http:\/\/tvalaire.com\/wp-content\/uploads\/2025\/10\/547473972_1187863626701347_7314975211007573350_n.jpg",600,444,false],"thumbnail":["http:\/\/tvalaire.com\/wp-content\/uploads\/2025\/10\/547473972_1187863626701347_7314975211007573350_n-150x150.jpg",150,150,true],"medium":["http:\/\/tvalaire.com\/wp-content\/uploads\/2025\/10\/547473972_1187863626701347_7314975211007573350_n-300x222.jpg",300,222,true],"medium_large":["http:\/\/tvalaire.com\/wp-content\/uploads\/2025\/10\/547473972_1187863626701347_7314975211007573350_n.jpg",600,444,false],"large":["http:\/\/tvalaire.com\/wp-content\/uploads\/2025\/10\/547473972_1187863626701347_7314975211007573350_n.jpg",600,444,false],"post-slider-thumb-size":["http:\/\/tvalaire.com\/wp-content\/uploads\/2025\/10\/547473972_1187863626701347_7314975211007573350_n-330x190.jpg",330,190,true],"post-category-slider-size":["http:\/\/tvalaire.com\/wp-content\/uploads\/2025\/10\/547473972_1187863626701347_7314975211007573350_n-330x350.jpg",330,350,true],"1536x1536":["http:\/\/tvalaire.com\/wp-content\/uploads\/2025\/10\/547473972_1187863626701347_7314975211007573350_n.jpg",600,444,false],"2048x2048":["http:\/\/tvalaire.com\/wp-content\/uploads\/2025\/10\/547473972_1187863626701347_7314975211007573350_n.jpg",600,444,false],"newsium-slider-full":["http:\/\/tvalaire.com\/wp-content\/uploads\/2025\/10\/547473972_1187863626701347_7314975211007573350_n.jpg",600,444,false],"newsium-featured":["http:\/\/tvalaire.com\/wp-content\/uploads\/2025\/10\/547473972_1187863626701347_7314975211007573350_n.jpg",600,444,false],"newsium-medium":["http:\/\/tvalaire.com\/wp-content\/uploads\/2025\/10\/547473972_1187863626701347_7314975211007573350_n.jpg",600,444,false]},"author_info":{"info":["tvalairenoti"]},"category_info":"<a href=\"http:\/\/tvalaire.com\/?cat=1\" rel=\"category\">La Piedad<\/a>","tag_info":"La Piedad","comment_count":"0","jetpack_featured_media_url":"http:\/\/tvalaire.com\/wp-content\/uploads\/2025\/10\/547473972_1187863626701347_7314975211007573350_n.jpg","_links":{"self":[{"href":"http:\/\/tvalaire.com\/index.php?rest_route=\/wp\/v2\/posts\/13086"}],"collection":[{"href":"http:\/\/tvalaire.com\/index.php?rest_route=\/wp\/v2\/posts"}],"about":[{"href":"http:\/\/tvalaire.com\/index.php?rest_route=\/wp\/v2\/types\/post"}],"author":[{"embeddable":true,"href":"http:\/\/tvalaire.com\/index.php?rest_route=\/wp\/v2\/users\/1"}],"replies":[{"embeddable":true,"href":"http:\/\/tvalaire.com\/index.php?rest_route=%2Fwp%2Fv2%2Fcomments&post=13086"}],"version-history":[{"count":1,"href":"http:\/\/tvalaire.com\/index.php?rest_route=\/wp\/v2\/posts\/13086\/revisions"}],"predecessor-version":[{"id":13090,"href":"http:\/\/tvalaire.com\/index.php?rest_route=\/wp\/v2\/posts\/13086\/revisions\/13090"}],"wp:featuredmedia":[{"embeddable":true,"href":"http:\/\/tvalaire.com\/index.php?rest_route=\/wp\/v2\/media\/13087"}],"wp:attachment":[{"href":"http:\/\/tvalaire.com\/index.php?rest_route=%2Fwp%2Fv2%2Fmedia&parent=13086"}],"wp:term":[{"taxonomy":"category","embeddable":true,"href":"http:\/\/tvalaire.com\/index.php?rest_route=%2Fwp%2Fv2%2Fcategories&post=13086"},{"taxonomy":"post_tag","embeddable":true,"href":"http:\/\/tvalaire.com\/index.php?rest_route=%2Fwp%2Fv2%2Ftags&post=13086"}],"curies":[{"name":"wp","href":"https:\/\/api.w.org\/{rel}","templated":true}]}}