{"id":13082,"date":"2025-09-14T11:07:20","date_gmt":"2025-09-14T17:07:20","guid":{"rendered":"http:\/\/tvalaire.com\/?p=13082"},"modified":"2025-10-06T11:08:38","modified_gmt":"2025-10-06T17:08:38","slug":"reina-del-adulto-mayor-la-piedad-2025","status":"publish","type":"post","link":"http:\/\/tvalaire.com\/?p=13082","title":{"rendered":"REINA DEL ADULTO MAYOR LA PIEDAD 2025"},"content":{"rendered":"\n<figure class=\"wp-block-image size-full\"><img loading=\"lazy\" decoding=\"async\" width=\"589\" height=\"414\" src=\"http:\/\/tvalaire.com\/wp-content\/uploads\/2025\/10\/546420275_1188628249958218_807912910574046827_n.jpg\" alt=\"\" class=\"wp-image-13083\" srcset=\"http:\/\/tvalaire.com\/wp-content\/uploads\/2025\/10\/546420275_1188628249958218_807912910574046827_n.jpg 589w, http:\/\/tvalaire.com\/wp-content\/uploads\/2025\/10\/546420275_1188628249958218_807912910574046827_n-300x211.jpg 300w\" sizes=\"(max-width: 589px) 100vw, 589px\" \/><\/figure>\n\n\n\n<p>En <a><\/a>el marco de nuestras Fiestas Patrias 2025, celebramos con gran orgullo la Coronaci\u00f3n de la Reina del Adulto Mayor La Piedad 2025.<\/p>\n\n\n\n<p>Felicitamos a Teresa, nuestra distinguida reina, y a sus princesas Silvia y Candi, quienes representan la alegr\u00eda, entusiasmo y el esp\u00edritu que caracteriza a nuestros adultos mayores.<\/p>\n\n\n\n<p>Cada a\u00f1o, esta actividad nos llena de motivaci\u00f3n porque ellos nos contagian con su ejemplo de vida y con la energ\u00eda que transmiten en cada presentaci\u00f3n<\/p>\n\n\n\n<figure class=\"wp-block-image size-full\"><img loading=\"lazy\" decoding=\"async\" width=\"350\" height=\"585\" src=\"http:\/\/tvalaire.com\/wp-content\/uploads\/2025\/10\/547688820_1188628163291560_3469386607747137709_n.jpg\" alt=\"\" class=\"wp-image-13084\" srcset=\"http:\/\/tvalaire.com\/wp-content\/uploads\/2025\/10\/547688820_1188628163291560_3469386607747137709_n.jpg 350w, http:\/\/tvalaire.com\/wp-content\/uploads\/2025\/10\/547688820_1188628163291560_3469386607747137709_n-179x300.jpg 179w\" sizes=\"(max-width: 350px) 100vw, 350px\" \/><\/figure>\n","protected":false},"excerpt":{"rendered":"<p>En el marco de nuestras Fiestas Patrias 2025, celebramos con gran orgullo la Coronaci\u00f3n de&#8230;<\/p>\n","protected":false},"author":1,"featured_media":0,"comment_status":"open","ping_status":"open","sticky":false,"template":"","format":"standard","meta":{"jetpack_post_was_ever_published":false,"_jetpack_newsletter_access":"","_jetpack_dont_email_post_to_subs":false,"_jetpack_newsletter_tier_id":0,"_jetpack_memberships_contains_paywalled_content":false,"_jetpack_memberships_contains_paid_content":false,"footnotes":"","jetpack_publicize_message":"","jetpack_publicize_feature_enabled":true,"jetpack_social_post_already_shared":true,"jetpack_social_options":{"image_generator_settings":{"template":"highway","enabled":false},"version":2}},"categories":[1],"tags":[15,36],"class_list":["post-13082","post","type-post","status-publish","format-standard","hentry","category-la-piedad","tag-la-piedad","tag-principales"],"jetpack_publicize_connections":[],"jetpack_sharing_enabled":true,"featured_image_urls":{"full":"","thumbnail":"","medium":"","medium_large":"","large":"","post-slider-thumb-size":"","post-category-slider-size":"","1536x1536":"","2048x2048":"","newsium-slider-full":"","newsium-featured":"","newsium-medium":""},"author_info":{"info":["tvalairenoti"]},"category_info":"<a href=\"http:\/\/tvalaire.com\/?cat=1\" rel=\"category\">La Piedad<\/a>","tag_info":"La Piedad","comment_count":"0","jetpack_featured_media_url":"","_links":{"self":[{"href":"http:\/\/tvalaire.com\/index.php?rest_route=\/wp\/v2\/posts\/13082"}],"collection":[{"href":"http:\/\/tvalaire.com\/index.php?rest_route=\/wp\/v2\/posts"}],"about":[{"href":"http:\/\/tvalaire.com\/index.php?rest_route=\/wp\/v2\/types\/post"}],"author":[{"embeddable":true,"href":"http:\/\/tvalaire.com\/index.php?rest_route=\/wp\/v2\/users\/1"}],"replies":[{"embeddable":true,"href":"http:\/\/tvalaire.com\/index.php?rest_route=%2Fwp%2Fv2%2Fcomments&post=13082"}],"version-history":[{"count":1,"href":"http:\/\/tvalaire.com\/index.php?rest_route=\/wp\/v2\/posts\/13082\/revisions"}],"predecessor-version":[{"id":13085,"href":"http:\/\/tvalaire.com\/index.php?rest_route=\/wp\/v2\/posts\/13082\/revisions\/13085"}],"wp:attachment":[{"href":"http:\/\/tvalaire.com\/index.php?rest_route=%2Fwp%2Fv2%2Fmedia&parent=13082"}],"wp:term":[{"taxonomy":"category","embeddable":true,"href":"http:\/\/tvalaire.com\/index.php?rest_route=%2Fwp%2Fv2%2Fcategories&post=13082"},{"taxonomy":"post_tag","embeddable":true,"href":"http:\/\/tvalaire.com\/index.php?rest_route=%2Fwp%2Fv2%2Ftags&post=13082"}],"curies":[{"name":"wp","href":"https:\/\/api.w.org\/{rel}","templated":true}]}}