{"id":13049,"date":"2025-09-09T10:44:52","date_gmt":"2025-09-09T16:44:52","guid":{"rendered":"http:\/\/tvalaire.com\/?p=13049"},"modified":"2025-10-06T10:45:52","modified_gmt":"2025-10-06T16:45:52","slug":"gobierno-municipal-de-la-piedad-reconoce-a-artesanos-reboceros-en-su-dia","status":"publish","type":"post","link":"http:\/\/tvalaire.com\/?p=13049","title":{"rendered":"GOBIERNO MUNICIPAL DE LA PIEDAD RECONOCE A ARTESANOS REBOCEROS EN SU D\u00cdA"},"content":{"rendered":"\n<ul class=\"wp-block-list\">\n<li><strong>El Presidente Samuel Hidalgo entreg\u00f3 reconocimientos a quienes preservan la tradici\u00f3n textil piedadense<\/strong><\/li>\n\n\n\n<li><strong>El evento se realiz\u00f3 en la Escuela de Artes y estuvo acompa\u00f1ado por la exhibici\u00f3n del Rebozo m\u00e1s Grande del Mundo<\/strong><\/li>\n<\/ul>\n\n\n\n<p>El Gobierno Municipal de La Piedad, a trav\u00e9s de la Direcci\u00f3n de Cultura, reconoci\u00f3 a los artesanos reboceros en el marco del D\u00eda Municipal del Artesano Rebocero, conmemoraci\u00f3n que forma parte de los festejos patrios de cada a\u00f1o.<\/p>\n\n\n\n<p>La ceremonia inici\u00f3 con una misa en el Templo de la Pur\u00edsima y continu\u00f3 en la Escuela de Artes, donde el presidente municipal, Samuel Hidalgo, entreg\u00f3 reconocimientos a los artesanos que, con su trabajo, mantienen viva la identidad y tradici\u00f3n cultural de La Piedad y de M\u00e9xico.<\/p>\n\n\n\n<p>\u201cCon la creaci\u00f3n de sus textiles extraordinarios se convierten en testimonio viviente del legado cultural del municipio, por eso cada a\u00f1o con mucho orgullo les reconocemos su trabajo\u201d, expres\u00f3 el alcalde en su intervenci\u00f3n.<\/p>\n\n\n\n<p>Los artesanos y agrupaciones distinguidos fueron: Agrupaci\u00f3n Rebozos de Nuestro M\u00e9xico, Rebocer\u00eda Dur\u00e1n, Rebocer\u00eda L\u00f3pez, Rebocer\u00eda R\u00edos, Rebocer\u00eda Tafolla, Cooperativa Textil, Artes T\u00edpicas, Francisco Gudi\u00f1o Mart\u00ednez, Samuel Zambrano Arellano y el Comit\u00e9 Organizador de \u201cEl Rebozo m\u00e1s Grande del Mundo\u201d.<\/p>\n\n\n\n<p>En esta ocasi\u00f3n, el evento estuvo acompa\u00f1ado por la exhibici\u00f3n de la pieza textil denominada \u201cEl Rebozo m\u00e1s Grande del Mundo\u201d, con medidas de 25.25 metros de largo por 7.15 metros de ancho, elaborada con t\u00e9cnicas tradicionales del rebozo piedadense que se han transmitido de generaci\u00f3n en generaci\u00f3n.<\/p>\n\n\n\n<p>El Gobierno Municipal invita a las familias y a la ciudadan\u00eda en general a participar en los eventos culturales, deportivos, art\u00edsticos y c\u00edvicos que se desarrollar\u00e1n durante septiembre, mismos que ser\u00e1n difundidos a trav\u00e9s de las redes sociales y medios de comunicaci\u00f3n oficiales.<\/p>\n","protected":false},"excerpt":{"rendered":"<p>El Gobierno Municipal de La Piedad, a trav\u00e9s de la Direcci\u00f3n de Cultura, reconoci\u00f3 a&#8230;<\/p>\n","protected":false},"author":1,"featured_media":13050,"comment_status":"open","ping_status":"open","sticky":false,"template":"","format":"standard","meta":{"jetpack_post_was_ever_published":false,"_jetpack_newsletter_access":"","_jetpack_dont_email_post_to_subs":false,"_jetpack_newsletter_tier_id":0,"_jetpack_memberships_contains_paywalled_content":false,"_jetpack_memberships_contains_paid_content":false,"footnotes":"","jetpack_publicize_message":"","jetpack_publicize_feature_enabled":true,"jetpack_social_post_already_shared":true,"jetpack_social_options":{"image_generator_settings":{"template":"highway","enabled":false},"version":2}},"categories":[1],"tags":[15,36],"class_list":["post-13049","post","type-post","status-publish","format-standard","has-post-thumbnail","hentry","category-la-piedad","tag-la-piedad","tag-principales"],"jetpack_publicize_connections":[],"jetpack_sharing_enabled":true,"featured_image_urls":{"full":["http:\/\/tvalaire.com\/wp-content\/uploads\/2025\/10\/WhatsApp-Image-2025-09-06-at-3.36.09-PM-1080x675-1.jpeg",1080,675,false],"thumbnail":["http:\/\/tvalaire.com\/wp-content\/uploads\/2025\/10\/WhatsApp-Image-2025-09-06-at-3.36.09-PM-1080x675-1-150x150.jpeg",150,150,true],"medium":["http:\/\/tvalaire.com\/wp-content\/uploads\/2025\/10\/WhatsApp-Image-2025-09-06-at-3.36.09-PM-1080x675-1-300x188.jpeg",300,188,true],"medium_large":["http:\/\/tvalaire.com\/wp-content\/uploads\/2025\/10\/WhatsApp-Image-2025-09-06-at-3.36.09-PM-1080x675-1-768x480.jpeg",640,400,true],"large":["http:\/\/tvalaire.com\/wp-content\/uploads\/2025\/10\/WhatsApp-Image-2025-09-06-at-3.36.09-PM-1080x675-1-1024x640.jpeg",640,400,true],"post-slider-thumb-size":["http:\/\/tvalaire.com\/wp-content\/uploads\/2025\/10\/WhatsApp-Image-2025-09-06-at-3.36.09-PM-1080x675-1-330x190.jpeg",330,190,true],"post-category-slider-size":["http:\/\/tvalaire.com\/wp-content\/uploads\/2025\/10\/WhatsApp-Image-2025-09-06-at-3.36.09-PM-1080x675-1-330x350.jpeg",330,350,true],"1536x1536":["http:\/\/tvalaire.com\/wp-content\/uploads\/2025\/10\/WhatsApp-Image-2025-09-06-at-3.36.09-PM-1080x675-1.jpeg",1080,675,false],"2048x2048":["http:\/\/tvalaire.com\/wp-content\/uploads\/2025\/10\/WhatsApp-Image-2025-09-06-at-3.36.09-PM-1080x675-1.jpeg",1080,675,false],"newsium-slider-full":["http:\/\/tvalaire.com\/wp-content\/uploads\/2025\/10\/WhatsApp-Image-2025-09-06-at-3.36.09-PM-1080x675-1.jpeg",1080,675,false],"newsium-featured":["http:\/\/tvalaire.com\/wp-content\/uploads\/2025\/10\/WhatsApp-Image-2025-09-06-at-3.36.09-PM-1080x675-1-1024x640.jpeg",1024,640,true],"newsium-medium":["http:\/\/tvalaire.com\/wp-content\/uploads\/2025\/10\/WhatsApp-Image-2025-09-06-at-3.36.09-PM-1080x675-1-720x475.jpeg",720,475,true]},"author_info":{"info":["tvalairenoti"]},"category_info":"<a href=\"http:\/\/tvalaire.com\/?cat=1\" rel=\"category\">La Piedad<\/a>","tag_info":"La Piedad","comment_count":"0","jetpack_featured_media_url":"http:\/\/tvalaire.com\/wp-content\/uploads\/2025\/10\/WhatsApp-Image-2025-09-06-at-3.36.09-PM-1080x675-1.jpeg","_links":{"self":[{"href":"http:\/\/tvalaire.com\/index.php?rest_route=\/wp\/v2\/posts\/13049"}],"collection":[{"href":"http:\/\/tvalaire.com\/index.php?rest_route=\/wp\/v2\/posts"}],"about":[{"href":"http:\/\/tvalaire.com\/index.php?rest_route=\/wp\/v2\/types\/post"}],"author":[{"embeddable":true,"href":"http:\/\/tvalaire.com\/index.php?rest_route=\/wp\/v2\/users\/1"}],"replies":[{"embeddable":true,"href":"http:\/\/tvalaire.com\/index.php?rest_route=%2Fwp%2Fv2%2Fcomments&post=13049"}],"version-history":[{"count":1,"href":"http:\/\/tvalaire.com\/index.php?rest_route=\/wp\/v2\/posts\/13049\/revisions"}],"predecessor-version":[{"id":13051,"href":"http:\/\/tvalaire.com\/index.php?rest_route=\/wp\/v2\/posts\/13049\/revisions\/13051"}],"wp:featuredmedia":[{"embeddable":true,"href":"http:\/\/tvalaire.com\/index.php?rest_route=\/wp\/v2\/media\/13050"}],"wp:attachment":[{"href":"http:\/\/tvalaire.com\/index.php?rest_route=%2Fwp%2Fv2%2Fmedia&parent=13049"}],"wp:term":[{"taxonomy":"category","embeddable":true,"href":"http:\/\/tvalaire.com\/index.php?rest_route=%2Fwp%2Fv2%2Fcategories&post=13049"},{"taxonomy":"post_tag","embeddable":true,"href":"http:\/\/tvalaire.com\/index.php?rest_route=%2Fwp%2Fv2%2Ftags&post=13049"}],"curies":[{"name":"wp","href":"https:\/\/api.w.org\/{rel}","templated":true}]}}