{"id":13035,"date":"2025-09-19T10:35:46","date_gmt":"2025-09-19T16:35:46","guid":{"rendered":"http:\/\/tvalaire.com\/?p=13035"},"modified":"2025-10-06T10:37:40","modified_gmt":"2025-10-06T16:37:40","slug":"coro-de-los-ninos-cantores-se-presenta-en-la-piedad","status":"publish","type":"post","link":"http:\/\/tvalaire.com\/?p=13035","title":{"rendered":"CORO DE LOS NI\u00d1OS CANTORES SE PRESENTA EN LA PIEDAD"},"content":{"rendered":"\n<ul class=\"wp-block-list\">\n<li><strong>Este s\u00e1bado a partir de las 20:00 horas en el Santuario de Guadalupe<\/strong><\/li>\n<\/ul>\n\n\n\n<p>El Gobierno Municipal de La Piedad a trav\u00e9s de la Direcci\u00f3n de Cultura, hacen una cordial invitaci\u00f3n al p\u00fablico en general, para ser parte de la presentaci\u00f3n del Coro de los Ni\u00f1os Cantores de Morelia, que se realizar\u00e1 este s\u00e1bado 20.<\/p>\n\n\n\n<p>En el marco de las celebraciones de las Fiestas Patrias, el concierto se llevar\u00e1 a cabo en el Santuario de la Virgen de Guadalupe, en punto de las 20:00 horas.<\/p>\n\n\n\n<p>Una agrupaci\u00f3n reconocida por su calidad interpretativa, que es de mencionar son parte y orgullo del Conservatorio de las Rosas de la capital michoacana, el cual ha sido semillero de grandes artistas mexicanos. Cabe destacar que desde de 1944 la agrupaci\u00f3n fundada por Bernal Jim\u00e9nez y Cayetano Blanco, ha conquistado innumerables escenarios.<\/p>\n\n\n\n<p>Son 36 ni\u00f1as y ni\u00f1os que conforman el Coro, los cuales se presentar\u00e1n en el recinto cat\u00f3lico para ofrecer un repertorio de excelentes temas, que sin duda ser\u00e1n del disfrute de los asistentes.<\/p>\n\n\n\n<p>De esta manera, el Gobierno Municipal a cargo del presidente Samuel Hidalgo Gallardo, extiende una invitaci\u00f3n a la poblaci\u00f3n en general que tenga el gusto por este tipo de presentaciones y al mismo tiempo reitera su compromiso para seguir impulsando y promoviendo eventos de calidad y de talla internacional para que sean apreciados por los piedadenses. &nbsp;<\/p>\n","protected":false},"excerpt":{"rendered":"<p>El Gobierno Municipal de La Piedad a trav\u00e9s de la Direcci\u00f3n de Cultura, hacen una&#8230;<\/p>\n","protected":false},"author":1,"featured_media":13036,"comment_status":"open","ping_status":"open","sticky":false,"template":"","format":"standard","meta":{"jetpack_post_was_ever_published":false,"_jetpack_newsletter_access":"","_jetpack_dont_email_post_to_subs":false,"_jetpack_newsletter_tier_id":0,"_jetpack_memberships_contains_paywalled_content":false,"_jetpack_memberships_contains_paid_content":false,"footnotes":"","jetpack_publicize_message":"","jetpack_publicize_feature_enabled":true,"jetpack_social_post_already_shared":true,"jetpack_social_options":{"image_generator_settings":{"template":"highway","enabled":false},"version":2}},"categories":[1],"tags":[15,36],"class_list":["post-13035","post","type-post","status-publish","format-standard","has-post-thumbnail","hentry","category-la-piedad","tag-la-piedad","tag-principales"],"jetpack_publicize_connections":[],"jetpack_sharing_enabled":true,"featured_image_urls":{"full":["http:\/\/tvalaire.com\/wp-content\/uploads\/2025\/10\/WhatsApp-Image-2025-09-18-at-8.59.03-AM-980x980-1.jpeg",980,980,false],"thumbnail":["http:\/\/tvalaire.com\/wp-content\/uploads\/2025\/10\/WhatsApp-Image-2025-09-18-at-8.59.03-AM-980x980-1-150x150.jpeg",150,150,true],"medium":["http:\/\/tvalaire.com\/wp-content\/uploads\/2025\/10\/WhatsApp-Image-2025-09-18-at-8.59.03-AM-980x980-1-300x300.jpeg",300,300,true],"medium_large":["http:\/\/tvalaire.com\/wp-content\/uploads\/2025\/10\/WhatsApp-Image-2025-09-18-at-8.59.03-AM-980x980-1-768x768.jpeg",640,640,true],"large":["http:\/\/tvalaire.com\/wp-content\/uploads\/2025\/10\/WhatsApp-Image-2025-09-18-at-8.59.03-AM-980x980-1.jpeg",640,640,false],"post-slider-thumb-size":["http:\/\/tvalaire.com\/wp-content\/uploads\/2025\/10\/WhatsApp-Image-2025-09-18-at-8.59.03-AM-980x980-1-330x190.jpeg",330,190,true],"post-category-slider-size":["http:\/\/tvalaire.com\/wp-content\/uploads\/2025\/10\/WhatsApp-Image-2025-09-18-at-8.59.03-AM-980x980-1-330x350.jpeg",330,350,true],"1536x1536":["http:\/\/tvalaire.com\/wp-content\/uploads\/2025\/10\/WhatsApp-Image-2025-09-18-at-8.59.03-AM-980x980-1.jpeg",980,980,false],"2048x2048":["http:\/\/tvalaire.com\/wp-content\/uploads\/2025\/10\/WhatsApp-Image-2025-09-18-at-8.59.03-AM-980x980-1.jpeg",980,980,false],"newsium-slider-full":["http:\/\/tvalaire.com\/wp-content\/uploads\/2025\/10\/WhatsApp-Image-2025-09-18-at-8.59.03-AM-980x980-1-980x845.jpeg",980,845,true],"newsium-featured":["http:\/\/tvalaire.com\/wp-content\/uploads\/2025\/10\/WhatsApp-Image-2025-09-18-at-8.59.03-AM-980x980-1.jpeg",980,980,false],"newsium-medium":["http:\/\/tvalaire.com\/wp-content\/uploads\/2025\/10\/WhatsApp-Image-2025-09-18-at-8.59.03-AM-980x980-1-720x475.jpeg",720,475,true]},"author_info":{"info":["tvalairenoti"]},"category_info":"<a href=\"http:\/\/tvalaire.com\/?cat=1\" rel=\"category\">La Piedad<\/a>","tag_info":"La Piedad","comment_count":"0","jetpack_featured_media_url":"http:\/\/tvalaire.com\/wp-content\/uploads\/2025\/10\/WhatsApp-Image-2025-09-18-at-8.59.03-AM-980x980-1.jpeg","_links":{"self":[{"href":"http:\/\/tvalaire.com\/index.php?rest_route=\/wp\/v2\/posts\/13035"}],"collection":[{"href":"http:\/\/tvalaire.com\/index.php?rest_route=\/wp\/v2\/posts"}],"about":[{"href":"http:\/\/tvalaire.com\/index.php?rest_route=\/wp\/v2\/types\/post"}],"author":[{"embeddable":true,"href":"http:\/\/tvalaire.com\/index.php?rest_route=\/wp\/v2\/users\/1"}],"replies":[{"embeddable":true,"href":"http:\/\/tvalaire.com\/index.php?rest_route=%2Fwp%2Fv2%2Fcomments&post=13035"}],"version-history":[{"count":1,"href":"http:\/\/tvalaire.com\/index.php?rest_route=\/wp\/v2\/posts\/13035\/revisions"}],"predecessor-version":[{"id":13037,"href":"http:\/\/tvalaire.com\/index.php?rest_route=\/wp\/v2\/posts\/13035\/revisions\/13037"}],"wp:featuredmedia":[{"embeddable":true,"href":"http:\/\/tvalaire.com\/index.php?rest_route=\/wp\/v2\/media\/13036"}],"wp:attachment":[{"href":"http:\/\/tvalaire.com\/index.php?rest_route=%2Fwp%2Fv2%2Fmedia&parent=13035"}],"wp:term":[{"taxonomy":"category","embeddable":true,"href":"http:\/\/tvalaire.com\/index.php?rest_route=%2Fwp%2Fv2%2Fcategories&post=13035"},{"taxonomy":"post_tag","embeddable":true,"href":"http:\/\/tvalaire.com\/index.php?rest_route=%2Fwp%2Fv2%2Ftags&post=13035"}],"curies":[{"name":"wp","href":"https:\/\/api.w.org\/{rel}","templated":true}]}}