{"id":13029,"date":"2025-09-29T10:27:22","date_gmt":"2025-09-29T16:27:22","guid":{"rendered":"http:\/\/tvalaire.com\/?p=13029"},"modified":"2025-10-06T10:35:14","modified_gmt":"2025-10-06T16:35:14","slug":"__trashed","status":"publish","type":"post","link":"http:\/\/tvalaire.com\/?p=13029","title":{"rendered":"LA PIEDAD CELEBR\u00d3 EL FESTIVAL DEL TACO Y LA TORTA 2025"},"content":{"rendered":"\n<p><strong>M\u00e1s de 25 puestos ofrecieron gran variedad de platillos<\/strong><\/p>\n\n\n\n<p><strong>\u2022 \u201cCon estos eventos reafirmamos nuestro compromiso por impulsar el turismo y la econom\u00eda local\u201d: Samuel Hidalgo<\/strong><\/p>\n\n\n\n<p>El Gobierno Municipal de La Piedad, a trav\u00e9s de la Direcci\u00f3n de Promoci\u00f3n Econ\u00f3mica y Turismo, llev\u00f3 a cabo la cuarta edici\u00f3n del Festival Gastron\u00f3mico del Taco y la Torta 2025, uno de los eventos m\u00e1s esperados por las y los piedadenses.<\/p>\n\n\n\n<p>El Centro Hist\u00f3rico se llen\u00f3 de sabor, color y tradici\u00f3n con m\u00e1s de 25 puestos que ofrecieron tacos, tortas, postres y bebidas para todos los gustos. Este festival busca consolidarse como una actividad tradicional y, al mismo tiempo, fortalecer la econom\u00eda al dar espacio a los comerciantes locales.<\/p>\n\n\n\n<p>\u201cEstos eventos se realizan con el prop\u00f3sito de que las familias convivan y consuman lo nuestro. La gastronom\u00eda piedadense, variada y reconocida en la regi\u00f3n, nos permite reafirmar el compromiso de impulsar el turismo, la econom\u00eda y la identidad cultural de La Piedad\u201d, se\u00f1al\u00f3 el alcalde Samuel Hidalgo.<\/p>\n\n\n\n<p>En esta edici\u00f3n se entreg\u00f3 un reconocimiento al comerciante Juan Luis Aguirre, de tortas \u201cEl Tortazo\u201d, por sus m\u00e1s de 22 a\u00f1os ofreciendo sus reconocidas tortas en diversas presentaciones a piedadenses y visitantes. La m\u00fasica tambi\u00e9n fue parte del atractivo, con presentaciones en vivo que incluyeron desde rock hasta regional mexicano, creando un ambiente festivo y lleno de energ\u00eda.<\/p>\n\n\n\n<p>Con este evento, el Gobierno Municipal concluy\u00f3 el calendario de actividades culturales, deportivas y gastron\u00f3micas realizadas en el marco del mes patrio, que sumaron m\u00e1s de 60 en total.<\/p>\n","protected":false},"excerpt":{"rendered":"<p>M\u00e1s de 25 puestos ofrecieron gran variedad de platillos \u2022 \u201cCon estos eventos reafirmamos nuestro&#8230;<\/p>\n","protected":false},"author":1,"featured_media":13033,"comment_status":"open","ping_status":"open","sticky":false,"template":"","format":"standard","meta":{"jetpack_post_was_ever_published":false,"_jetpack_newsletter_access":"","_jetpack_dont_email_post_to_subs":false,"_jetpack_newsletter_tier_id":0,"_jetpack_memberships_contains_paywalled_content":false,"_jetpack_memberships_contains_paid_content":false,"footnotes":"","jetpack_publicize_message":"","jetpack_publicize_feature_enabled":true,"jetpack_social_post_already_shared":true,"jetpack_social_options":{"image_generator_settings":{"template":"highway","enabled":false},"version":2}},"categories":[1],"tags":[15,36],"class_list":["post-13029","post","type-post","status-publish","format-standard","has-post-thumbnail","hentry","category-la-piedad","tag-la-piedad","tag-principales"],"jetpack_publicize_connections":[],"jetpack_sharing_enabled":true,"featured_image_urls":{"full":["http:\/\/tvalaire.com\/wp-content\/uploads\/2025\/10\/WhatsApp-Image-2025-09-29-at-10.20.07-AM-1080x675-1-1.jpeg",1080,675,false],"thumbnail":["http:\/\/tvalaire.com\/wp-content\/uploads\/2025\/10\/WhatsApp-Image-2025-09-29-at-10.20.07-AM-1080x675-1-1-150x150.jpeg",150,150,true],"medium":["http:\/\/tvalaire.com\/wp-content\/uploads\/2025\/10\/WhatsApp-Image-2025-09-29-at-10.20.07-AM-1080x675-1-1-300x188.jpeg",300,188,true],"medium_large":["http:\/\/tvalaire.com\/wp-content\/uploads\/2025\/10\/WhatsApp-Image-2025-09-29-at-10.20.07-AM-1080x675-1-1-768x480.jpeg",640,400,true],"large":["http:\/\/tvalaire.com\/wp-content\/uploads\/2025\/10\/WhatsApp-Image-2025-09-29-at-10.20.07-AM-1080x675-1-1-1024x640.jpeg",640,400,true],"post-slider-thumb-size":["http:\/\/tvalaire.com\/wp-content\/uploads\/2025\/10\/WhatsApp-Image-2025-09-29-at-10.20.07-AM-1080x675-1-1-330x190.jpeg",330,190,true],"post-category-slider-size":["http:\/\/tvalaire.com\/wp-content\/uploads\/2025\/10\/WhatsApp-Image-2025-09-29-at-10.20.07-AM-1080x675-1-1-330x350.jpeg",330,350,true],"1536x1536":["http:\/\/tvalaire.com\/wp-content\/uploads\/2025\/10\/WhatsApp-Image-2025-09-29-at-10.20.07-AM-1080x675-1-1.jpeg",1080,675,false],"2048x2048":["http:\/\/tvalaire.com\/wp-content\/uploads\/2025\/10\/WhatsApp-Image-2025-09-29-at-10.20.07-AM-1080x675-1-1.jpeg",1080,675,false],"newsium-slider-full":["http:\/\/tvalaire.com\/wp-content\/uploads\/2025\/10\/WhatsApp-Image-2025-09-29-at-10.20.07-AM-1080x675-1-1.jpeg",1080,675,false],"newsium-featured":["http:\/\/tvalaire.com\/wp-content\/uploads\/2025\/10\/WhatsApp-Image-2025-09-29-at-10.20.07-AM-1080x675-1-1-1024x640.jpeg",1024,640,true],"newsium-medium":["http:\/\/tvalaire.com\/wp-content\/uploads\/2025\/10\/WhatsApp-Image-2025-09-29-at-10.20.07-AM-1080x675-1-1-720x475.jpeg",720,475,true]},"author_info":{"info":["tvalairenoti"]},"category_info":"<a href=\"http:\/\/tvalaire.com\/?cat=1\" rel=\"category\">La Piedad<\/a>","tag_info":"La Piedad","comment_count":"0","jetpack_featured_media_url":"http:\/\/tvalaire.com\/wp-content\/uploads\/2025\/10\/WhatsApp-Image-2025-09-29-at-10.20.07-AM-1080x675-1-1.jpeg","_links":{"self":[{"href":"http:\/\/tvalaire.com\/index.php?rest_route=\/wp\/v2\/posts\/13029"}],"collection":[{"href":"http:\/\/tvalaire.com\/index.php?rest_route=\/wp\/v2\/posts"}],"about":[{"href":"http:\/\/tvalaire.com\/index.php?rest_route=\/wp\/v2\/types\/post"}],"author":[{"embeddable":true,"href":"http:\/\/tvalaire.com\/index.php?rest_route=\/wp\/v2\/users\/1"}],"replies":[{"embeddable":true,"href":"http:\/\/tvalaire.com\/index.php?rest_route=%2Fwp%2Fv2%2Fcomments&post=13029"}],"version-history":[{"count":2,"href":"http:\/\/tvalaire.com\/index.php?rest_route=\/wp\/v2\/posts\/13029\/revisions"}],"predecessor-version":[{"id":13034,"href":"http:\/\/tvalaire.com\/index.php?rest_route=\/wp\/v2\/posts\/13029\/revisions\/13034"}],"wp:featuredmedia":[{"embeddable":true,"href":"http:\/\/tvalaire.com\/index.php?rest_route=\/wp\/v2\/media\/13033"}],"wp:attachment":[{"href":"http:\/\/tvalaire.com\/index.php?rest_route=%2Fwp%2Fv2%2Fmedia&parent=13029"}],"wp:term":[{"taxonomy":"category","embeddable":true,"href":"http:\/\/tvalaire.com\/index.php?rest_route=%2Fwp%2Fv2%2Fcategories&post=13029"},{"taxonomy":"post_tag","embeddable":true,"href":"http:\/\/tvalaire.com\/index.php?rest_route=%2Fwp%2Fv2%2Ftags&post=13029"}],"curies":[{"name":"wp","href":"https:\/\/api.w.org\/{rel}","templated":true}]}}