{"id":13026,"date":"2025-09-24T10:23:20","date_gmt":"2025-09-24T16:23:20","guid":{"rendered":"http:\/\/tvalaire.com\/?p=13026"},"modified":"2025-10-06T10:25:42","modified_gmt":"2025-10-06T16:25:42","slug":"gran-festival-del-taco-y-la-torta-este-domingo-en-la-piedad","status":"publish","type":"post","link":"http:\/\/tvalaire.com\/?p=13026","title":{"rendered":"GRAN FESTIVAL DEL TACO Y LA TORTA ESTE\u00a0DOMINGO EN LA PIEDAD"},"content":{"rendered":"\n<ul class=\"wp-block-list\">\n<li><strong>Domingo 28 de septiembre a partir de las 10:00 am<\/strong><\/li>\n\n\n\n<li><strong>M\u00e1s de 22 puestos gastron\u00f3micos, m\u00fasica en vivo y gran ambiente familiar<\/strong><\/li>\n<\/ul>\n\n\n\n<p>Este domingo 28 de septiembre a partir de las 10 de la ma\u00f1ana, se llevar\u00e1 a cabo en la Plaza Principal de La Piedad, el Festival del Taco y la Torta, donde las familias de la localidad podr\u00e1n disfrutar de m\u00e1s de 22 puestos gastron\u00f3micos, as\u00ed como m\u00fasica en vivo y un gran ambiente.<\/p>\n\n\n\n<p>\u201cEl Festival del Taco y la Torta, es un encuentro para las familias, donde pueden convivir y adem\u00e1s, impulsar el comercio local familiar de comerciantes de nuestro municipio. Estos festivales, incentivan la econom\u00eda y promueven la tan especial y \u00fanica gastronom\u00eda piedadense\u201d, expres\u00f3 Samuel Hidalgo, presidente de La Piedad.<\/p>\n\n\n\n<p>Se contar\u00e1 con la participaci\u00f3n m\u00fasical de la banda de rock \u201cLado V\u201d, as\u00ed como con la versatilidad del cantante \u201cLeonardo L\u00f3pez\u201d, adem\u00e1s, de la presentaci\u00f3n estelar del grupo norte\u00f1o \u201cLa Excelencia Norte\u00f1o\u201d, quienes pondr\u00e1n a bailar a todos los asistentes con su gran repertorio musical.<\/p>\n\n\n\n<p>Por ello, a trav\u00e9s de Gobierno Municipal de La Piedad, se exhorta a la poblaci\u00f3n a acudir a esta fiesta gastron\u00f3mica, donde de esta manera, se dar\u00e1n por concluidas las celebraciones en el marco de las fiestas septembrinas, agradeciendo, a todas las personas que participaron de manera c\u00edvica y respetuosa a cada uno de los eventos.<\/p>\n","protected":false},"excerpt":{"rendered":"<p>Este domingo 28 de septiembre a partir de las 10 de la ma\u00f1ana, se llevar\u00e1&#8230;<\/p>\n","protected":false},"author":1,"featured_media":13027,"comment_status":"open","ping_status":"open","sticky":false,"template":"","format":"standard","meta":{"jetpack_post_was_ever_published":false,"_jetpack_newsletter_access":"","_jetpack_dont_email_post_to_subs":false,"_jetpack_newsletter_tier_id":0,"_jetpack_memberships_contains_paywalled_content":false,"_jetpack_memberships_contains_paid_content":false,"footnotes":"","jetpack_publicize_message":"","jetpack_publicize_feature_enabled":true,"jetpack_social_post_already_shared":true,"jetpack_social_options":{"image_generator_settings":{"template":"highway","enabled":false},"version":2}},"categories":[1],"tags":[15,36],"class_list":["post-13026","post","type-post","status-publish","format-standard","has-post-thumbnail","hentry","category-la-piedad","tag-la-piedad","tag-principales"],"jetpack_publicize_connections":[],"jetpack_sharing_enabled":true,"featured_image_urls":{"full":["http:\/\/tvalaire.com\/wp-content\/uploads\/2025\/10\/WhatsApp-Image-2025-09-24-at-1.07.59-PM-1080x675-1.jpeg",1080,675,false],"thumbnail":["http:\/\/tvalaire.com\/wp-content\/uploads\/2025\/10\/WhatsApp-Image-2025-09-24-at-1.07.59-PM-1080x675-1-150x150.jpeg",150,150,true],"medium":["http:\/\/tvalaire.com\/wp-content\/uploads\/2025\/10\/WhatsApp-Image-2025-09-24-at-1.07.59-PM-1080x675-1-300x188.jpeg",300,188,true],"medium_large":["http:\/\/tvalaire.com\/wp-content\/uploads\/2025\/10\/WhatsApp-Image-2025-09-24-at-1.07.59-PM-1080x675-1-768x480.jpeg",640,400,true],"large":["http:\/\/tvalaire.com\/wp-content\/uploads\/2025\/10\/WhatsApp-Image-2025-09-24-at-1.07.59-PM-1080x675-1-1024x640.jpeg",640,400,true],"post-slider-thumb-size":["http:\/\/tvalaire.com\/wp-content\/uploads\/2025\/10\/WhatsApp-Image-2025-09-24-at-1.07.59-PM-1080x675-1-330x190.jpeg",330,190,true],"post-category-slider-size":["http:\/\/tvalaire.com\/wp-content\/uploads\/2025\/10\/WhatsApp-Image-2025-09-24-at-1.07.59-PM-1080x675-1-330x350.jpeg",330,350,true],"1536x1536":["http:\/\/tvalaire.com\/wp-content\/uploads\/2025\/10\/WhatsApp-Image-2025-09-24-at-1.07.59-PM-1080x675-1.jpeg",1080,675,false],"2048x2048":["http:\/\/tvalaire.com\/wp-content\/uploads\/2025\/10\/WhatsApp-Image-2025-09-24-at-1.07.59-PM-1080x675-1.jpeg",1080,675,false],"newsium-slider-full":["http:\/\/tvalaire.com\/wp-content\/uploads\/2025\/10\/WhatsApp-Image-2025-09-24-at-1.07.59-PM-1080x675-1.jpeg",1080,675,false],"newsium-featured":["http:\/\/tvalaire.com\/wp-content\/uploads\/2025\/10\/WhatsApp-Image-2025-09-24-at-1.07.59-PM-1080x675-1-1024x640.jpeg",1024,640,true],"newsium-medium":["http:\/\/tvalaire.com\/wp-content\/uploads\/2025\/10\/WhatsApp-Image-2025-09-24-at-1.07.59-PM-1080x675-1-720x475.jpeg",720,475,true]},"author_info":{"info":["tvalairenoti"]},"category_info":"<a href=\"http:\/\/tvalaire.com\/?cat=1\" rel=\"category\">La Piedad<\/a>","tag_info":"La Piedad","comment_count":"0","jetpack_featured_media_url":"http:\/\/tvalaire.com\/wp-content\/uploads\/2025\/10\/WhatsApp-Image-2025-09-24-at-1.07.59-PM-1080x675-1.jpeg","_links":{"self":[{"href":"http:\/\/tvalaire.com\/index.php?rest_route=\/wp\/v2\/posts\/13026"}],"collection":[{"href":"http:\/\/tvalaire.com\/index.php?rest_route=\/wp\/v2\/posts"}],"about":[{"href":"http:\/\/tvalaire.com\/index.php?rest_route=\/wp\/v2\/types\/post"}],"author":[{"embeddable":true,"href":"http:\/\/tvalaire.com\/index.php?rest_route=\/wp\/v2\/users\/1"}],"replies":[{"embeddable":true,"href":"http:\/\/tvalaire.com\/index.php?rest_route=%2Fwp%2Fv2%2Fcomments&post=13026"}],"version-history":[{"count":1,"href":"http:\/\/tvalaire.com\/index.php?rest_route=\/wp\/v2\/posts\/13026\/revisions"}],"predecessor-version":[{"id":13028,"href":"http:\/\/tvalaire.com\/index.php?rest_route=\/wp\/v2\/posts\/13026\/revisions\/13028"}],"wp:featuredmedia":[{"embeddable":true,"href":"http:\/\/tvalaire.com\/index.php?rest_route=\/wp\/v2\/media\/13027"}],"wp:attachment":[{"href":"http:\/\/tvalaire.com\/index.php?rest_route=%2Fwp%2Fv2%2Fmedia&parent=13026"}],"wp:term":[{"taxonomy":"category","embeddable":true,"href":"http:\/\/tvalaire.com\/index.php?rest_route=%2Fwp%2Fv2%2Fcategories&post=13026"},{"taxonomy":"post_tag","embeddable":true,"href":"http:\/\/tvalaire.com\/index.php?rest_route=%2Fwp%2Fv2%2Ftags&post=13026"}],"curies":[{"name":"wp","href":"https:\/\/api.w.org\/{rel}","templated":true}]}}