{"id":13021,"date":"2025-08-04T10:58:38","date_gmt":"2025-08-04T16:58:38","guid":{"rendered":"http:\/\/tvalaire.com\/?p=13021"},"modified":"2025-09-02T11:00:07","modified_gmt":"2025-09-02T17:00:07","slug":"buscadores-de-empleo-con-oportunidad-laboral","status":"publish","type":"post","link":"http:\/\/tvalaire.com\/?p=13021","title":{"rendered":"BUSCADORES DE EMPLEO CON OPORTUNIDAD LABORAL"},"content":{"rendered":"\n<ul class=\"wp-block-list\">\n<li><strong>M\u00e1s de 80 vacantes disponibles en diversas \u00e1reas empresariales<\/strong><\/li>\n\n\n\n<li><strong>El mi\u00e9rcoles 06 frente al Parque Morelos<\/strong><\/li>\n<\/ul>\n\n\n\n<p>Este mi\u00e9rcoles a partir de las 10:00 de la ma\u00f1ana el Gobierno Municipal de La Piedad, a trav\u00e9s de la Direcci\u00f3n de Promoci\u00f3n Econ\u00f3mica, invita a los buscadores de empleo a acudir a la Bolsa de Trabajo Itinerante que se instalar\u00e1 frente al Parque Morelos.<\/p>\n\n\n\n<p>En el jard\u00edn \u201cVenustiano Carranza\u201d, se instalar\u00e1 un m\u00f3dulo de atenci\u00f3n y recepci\u00f3n de documentos de personas que buscan empleo y las cuales tendr\u00e1n la oportunidad de postularse a las diferentes vacantes que se ofrecen. La atenci\u00f3n ser\u00e1 hasta las 14:00 horas. &nbsp;<\/p>\n\n\n\n<p>\u201cLa Bolsa de Trabajo, trabaja en colaboraci\u00f3n con empresa de la localidad y la regi\u00f3n a fin de ofertar puestos en varias \u00e1reas\u201d, se\u00f1al\u00f3 Noel Rinc\u00f3n S\u00e1nchez, titular de la dependencia de Gobierno.<\/p>\n\n\n\n<p>El funcionario destac\u00f3 que para esta ocasi\u00f3n se tienen m\u00e1s de 80 posibilidades para ser parte de empresas como Grupo Delta, Bafar, Mega Dulces de los Altos, Pepsico, El Mexicano, entre otras.<\/p>\n\n\n\n<p>De igual manera Rinc\u00f3n S\u00e1nchez, coment\u00f3 que, en la oficina a su cargo, los buscadores de empleo tambi\u00e9n pueden acudir de lunes a viernes de 08:00 de la ma\u00f1ana a 15:00 horas y solicitar informaci\u00f3n sobre vacantes.<\/p>\n\n\n\n<p>As\u00ed mismo, se\u00f1al\u00f3 que fuera de la oficina, ubicada en el Portal de Presidencia, se encuentra un t\u00f3tem de publicidad, en el que se colocan las vacantes existentes en diversas empresas de la localidad y el cual pueden revisar.<\/p>\n","protected":false},"excerpt":{"rendered":"<p>Este mi\u00e9rcoles a partir de las 10:00 de la ma\u00f1ana el Gobierno Municipal de La&#8230;<\/p>\n","protected":false},"author":1,"featured_media":13022,"comment_status":"open","ping_status":"open","sticky":false,"template":"","format":"standard","meta":{"jetpack_post_was_ever_published":false,"_jetpack_newsletter_access":"","_jetpack_dont_email_post_to_subs":false,"_jetpack_newsletter_tier_id":0,"_jetpack_memberships_contains_paywalled_content":false,"_jetpack_memberships_contains_paid_content":false,"footnotes":"","jetpack_publicize_message":"","jetpack_publicize_feature_enabled":true,"jetpack_social_post_already_shared":true,"jetpack_social_options":{"image_generator_settings":{"template":"highway","enabled":false},"version":2}},"categories":[1],"tags":[15,36],"class_list":["post-13021","post","type-post","status-publish","format-standard","has-post-thumbnail","hentry","category-la-piedad","tag-la-piedad","tag-principales"],"jetpack_publicize_connections":[],"jetpack_sharing_enabled":true,"featured_image_urls":{"full":["http:\/\/tvalaire.com\/wp-content\/uploads\/2025\/09\/Bolsa-de-Trabajo-Itinerante-980x980-1.jpg",980,980,false],"thumbnail":["http:\/\/tvalaire.com\/wp-content\/uploads\/2025\/09\/Bolsa-de-Trabajo-Itinerante-980x980-1-150x150.jpg",150,150,true],"medium":["http:\/\/tvalaire.com\/wp-content\/uploads\/2025\/09\/Bolsa-de-Trabajo-Itinerante-980x980-1-300x300.jpg",300,300,true],"medium_large":["http:\/\/tvalaire.com\/wp-content\/uploads\/2025\/09\/Bolsa-de-Trabajo-Itinerante-980x980-1-768x768.jpg",640,640,true],"large":["http:\/\/tvalaire.com\/wp-content\/uploads\/2025\/09\/Bolsa-de-Trabajo-Itinerante-980x980-1.jpg",640,640,false],"post-slider-thumb-size":["http:\/\/tvalaire.com\/wp-content\/uploads\/2025\/09\/Bolsa-de-Trabajo-Itinerante-980x980-1-330x190.jpg",330,190,true],"post-category-slider-size":["http:\/\/tvalaire.com\/wp-content\/uploads\/2025\/09\/Bolsa-de-Trabajo-Itinerante-980x980-1-330x350.jpg",330,350,true],"1536x1536":["http:\/\/tvalaire.com\/wp-content\/uploads\/2025\/09\/Bolsa-de-Trabajo-Itinerante-980x980-1.jpg",980,980,false],"2048x2048":["http:\/\/tvalaire.com\/wp-content\/uploads\/2025\/09\/Bolsa-de-Trabajo-Itinerante-980x980-1.jpg",980,980,false],"newsium-slider-full":["http:\/\/tvalaire.com\/wp-content\/uploads\/2025\/09\/Bolsa-de-Trabajo-Itinerante-980x980-1-980x845.jpg",980,845,true],"newsium-featured":["http:\/\/tvalaire.com\/wp-content\/uploads\/2025\/09\/Bolsa-de-Trabajo-Itinerante-980x980-1.jpg",980,980,false],"newsium-medium":["http:\/\/tvalaire.com\/wp-content\/uploads\/2025\/09\/Bolsa-de-Trabajo-Itinerante-980x980-1-720x475.jpg",720,475,true]},"author_info":{"info":["tvalairenoti"]},"category_info":"<a href=\"http:\/\/tvalaire.com\/?cat=1\" rel=\"category\">La Piedad<\/a>","tag_info":"La Piedad","comment_count":"0","jetpack_featured_media_url":"http:\/\/tvalaire.com\/wp-content\/uploads\/2025\/09\/Bolsa-de-Trabajo-Itinerante-980x980-1.jpg","_links":{"self":[{"href":"http:\/\/tvalaire.com\/index.php?rest_route=\/wp\/v2\/posts\/13021"}],"collection":[{"href":"http:\/\/tvalaire.com\/index.php?rest_route=\/wp\/v2\/posts"}],"about":[{"href":"http:\/\/tvalaire.com\/index.php?rest_route=\/wp\/v2\/types\/post"}],"author":[{"embeddable":true,"href":"http:\/\/tvalaire.com\/index.php?rest_route=\/wp\/v2\/users\/1"}],"replies":[{"embeddable":true,"href":"http:\/\/tvalaire.com\/index.php?rest_route=%2Fwp%2Fv2%2Fcomments&post=13021"}],"version-history":[{"count":1,"href":"http:\/\/tvalaire.com\/index.php?rest_route=\/wp\/v2\/posts\/13021\/revisions"}],"predecessor-version":[{"id":13023,"href":"http:\/\/tvalaire.com\/index.php?rest_route=\/wp\/v2\/posts\/13021\/revisions\/13023"}],"wp:featuredmedia":[{"embeddable":true,"href":"http:\/\/tvalaire.com\/index.php?rest_route=\/wp\/v2\/media\/13022"}],"wp:attachment":[{"href":"http:\/\/tvalaire.com\/index.php?rest_route=%2Fwp%2Fv2%2Fmedia&parent=13021"}],"wp:term":[{"taxonomy":"category","embeddable":true,"href":"http:\/\/tvalaire.com\/index.php?rest_route=%2Fwp%2Fv2%2Fcategories&post=13021"},{"taxonomy":"post_tag","embeddable":true,"href":"http:\/\/tvalaire.com\/index.php?rest_route=%2Fwp%2Fv2%2Ftags&post=13021"}],"curies":[{"name":"wp","href":"https:\/\/api.w.org\/{rel}","templated":true}]}}