{"id":13012,"date":"2025-08-08T10:51:53","date_gmt":"2025-08-08T16:51:53","guid":{"rendered":"http:\/\/tvalaire.com\/?p=13012"},"modified":"2025-09-02T10:53:37","modified_gmt":"2025-09-02T16:53:37","slug":"alcalde-samuel-hidalgo-invita-a-su-primer-informe-de-gobierno","status":"publish","type":"post","link":"http:\/\/tvalaire.com\/?p=13012","title":{"rendered":"ALCALDE SAMUEL HIDALGO INVITA A SU PRIMER INFORME DE GOBIERNO"},"content":{"rendered":"\n<ul class=\"wp-block-list\">\n<li><strong>S\u00e1bado 09 en punto de las 18:30 horas en el Centro Hist\u00f3rico<\/strong><\/li>\n\n\n\n<li><strong>Hay objetivo de continuidad en favor de la poblaci\u00f3n: Alcalde<\/strong><\/li>\n<\/ul>\n\n\n\n<p>El Gobierno Municipal de La Piedad, que encabeza el alcalde Samuel Hidalgo Gallardo, hace una invitaci\u00f3n a la poblaci\u00f3n en general para que este pr\u00f3ximo s\u00e1bado en punto de las 18:30 horas, acudan al Centro Hist\u00f3rico de la ciudad en donde podr\u00e1n enterarse de las acciones realizadas en favor de todos.<\/p>\n\n\n\n<p>Este primer Informe de Gobierno, corresponde a la Administraci\u00f3n 2024 \u2013 2027 y en \u00e9l, y de acuerdo a lo que marca la Ley Municipal de La Piedad y la del Estado de Michoac\u00e1n, el Presidente tendr\u00e1 la oportunidad de informar los logros alcanzados en este primer a\u00f1o de Gobierno.<\/p>\n\n\n\n<p>Ah\u00ed, la ciudadan\u00eda podr\u00e1 conocer de voz del propio Alcalde los resultados que se tienen a la fecha en temas de espacios p\u00fablicos para la familia, como el nuevo Parque Metropolitano y el nuevo Teatro al Aire Libre.<\/p>\n\n\n\n<p>Sumado a estas acciones, el Presidente presentar\u00e1 tambi\u00e9n otros resultados en temas de salud, econom\u00eda, educaci\u00f3n, obras p\u00fablicas, programas sociales, movilidad, entre otros logros alcanzados.&nbsp;<\/p>\n\n\n\n<p>La invitaci\u00f3n de Hidalgo Gallardo es para hacer de La Piedad un mejor municipio, el cual sea un mejor lugar para vivir y en el que las gestiones y acciones tengan una continuidad pensada para proyectar de esta manera una mejor calidad de vida y al mismo fortalecer a las familias piedadenses.<\/p>\n","protected":false},"excerpt":{"rendered":"<p>El Gobierno Municipal de La Piedad, que encabeza el alcalde Samuel Hidalgo Gallardo, hace una&#8230;<\/p>\n","protected":false},"author":1,"featured_media":13013,"comment_status":"open","ping_status":"open","sticky":false,"template":"","format":"standard","meta":{"jetpack_post_was_ever_published":false,"_jetpack_newsletter_access":"","_jetpack_dont_email_post_to_subs":false,"_jetpack_newsletter_tier_id":0,"_jetpack_memberships_contains_paywalled_content":false,"_jetpack_memberships_contains_paid_content":false,"footnotes":"","jetpack_publicize_message":"","jetpack_publicize_feature_enabled":true,"jetpack_social_post_already_shared":true,"jetpack_social_options":{"image_generator_settings":{"template":"highway","enabled":false},"version":2}},"categories":[1],"tags":[15,36],"class_list":["post-13012","post","type-post","status-publish","format-standard","has-post-thumbnail","hentry","category-la-piedad","tag-la-piedad","tag-principales"],"jetpack_publicize_connections":[],"jetpack_sharing_enabled":true,"featured_image_urls":{"full":["http:\/\/tvalaire.com\/wp-content\/uploads\/2025\/09\/WhatsApp-Image-2025-08-07-at-11.45.24-AM-1-906x675-1.jpeg",906,675,false],"thumbnail":["http:\/\/tvalaire.com\/wp-content\/uploads\/2025\/09\/WhatsApp-Image-2025-08-07-at-11.45.24-AM-1-906x675-1-150x150.jpeg",150,150,true],"medium":["http:\/\/tvalaire.com\/wp-content\/uploads\/2025\/09\/WhatsApp-Image-2025-08-07-at-11.45.24-AM-1-906x675-1-300x224.jpeg",300,224,true],"medium_large":["http:\/\/tvalaire.com\/wp-content\/uploads\/2025\/09\/WhatsApp-Image-2025-08-07-at-11.45.24-AM-1-906x675-1-768x572.jpeg",640,477,true],"large":["http:\/\/tvalaire.com\/wp-content\/uploads\/2025\/09\/WhatsApp-Image-2025-08-07-at-11.45.24-AM-1-906x675-1.jpeg",640,477,false],"post-slider-thumb-size":["http:\/\/tvalaire.com\/wp-content\/uploads\/2025\/09\/WhatsApp-Image-2025-08-07-at-11.45.24-AM-1-906x675-1-330x190.jpeg",330,190,true],"post-category-slider-size":["http:\/\/tvalaire.com\/wp-content\/uploads\/2025\/09\/WhatsApp-Image-2025-08-07-at-11.45.24-AM-1-906x675-1-330x350.jpeg",330,350,true],"1536x1536":["http:\/\/tvalaire.com\/wp-content\/uploads\/2025\/09\/WhatsApp-Image-2025-08-07-at-11.45.24-AM-1-906x675-1.jpeg",906,675,false],"2048x2048":["http:\/\/tvalaire.com\/wp-content\/uploads\/2025\/09\/WhatsApp-Image-2025-08-07-at-11.45.24-AM-1-906x675-1.jpeg",906,675,false],"newsium-slider-full":["http:\/\/tvalaire.com\/wp-content\/uploads\/2025\/09\/WhatsApp-Image-2025-08-07-at-11.45.24-AM-1-906x675-1.jpeg",906,675,false],"newsium-featured":["http:\/\/tvalaire.com\/wp-content\/uploads\/2025\/09\/WhatsApp-Image-2025-08-07-at-11.45.24-AM-1-906x675-1.jpeg",906,675,false],"newsium-medium":["http:\/\/tvalaire.com\/wp-content\/uploads\/2025\/09\/WhatsApp-Image-2025-08-07-at-11.45.24-AM-1-906x675-1-720x475.jpeg",720,475,true]},"author_info":{"info":["tvalairenoti"]},"category_info":"<a href=\"http:\/\/tvalaire.com\/?cat=1\" rel=\"category\">La Piedad<\/a>","tag_info":"La Piedad","comment_count":"0","jetpack_featured_media_url":"http:\/\/tvalaire.com\/wp-content\/uploads\/2025\/09\/WhatsApp-Image-2025-08-07-at-11.45.24-AM-1-906x675-1.jpeg","_links":{"self":[{"href":"http:\/\/tvalaire.com\/index.php?rest_route=\/wp\/v2\/posts\/13012"}],"collection":[{"href":"http:\/\/tvalaire.com\/index.php?rest_route=\/wp\/v2\/posts"}],"about":[{"href":"http:\/\/tvalaire.com\/index.php?rest_route=\/wp\/v2\/types\/post"}],"author":[{"embeddable":true,"href":"http:\/\/tvalaire.com\/index.php?rest_route=\/wp\/v2\/users\/1"}],"replies":[{"embeddable":true,"href":"http:\/\/tvalaire.com\/index.php?rest_route=%2Fwp%2Fv2%2Fcomments&post=13012"}],"version-history":[{"count":1,"href":"http:\/\/tvalaire.com\/index.php?rest_route=\/wp\/v2\/posts\/13012\/revisions"}],"predecessor-version":[{"id":13014,"href":"http:\/\/tvalaire.com\/index.php?rest_route=\/wp\/v2\/posts\/13012\/revisions\/13014"}],"wp:featuredmedia":[{"embeddable":true,"href":"http:\/\/tvalaire.com\/index.php?rest_route=\/wp\/v2\/media\/13013"}],"wp:attachment":[{"href":"http:\/\/tvalaire.com\/index.php?rest_route=%2Fwp%2Fv2%2Fmedia&parent=13012"}],"wp:term":[{"taxonomy":"category","embeddable":true,"href":"http:\/\/tvalaire.com\/index.php?rest_route=%2Fwp%2Fv2%2Fcategories&post=13012"},{"taxonomy":"post_tag","embeddable":true,"href":"http:\/\/tvalaire.com\/index.php?rest_route=%2Fwp%2Fv2%2Ftags&post=13012"}],"curies":[{"name":"wp","href":"https:\/\/api.w.org\/{rel}","templated":true}]}}