{"id":13003,"date":"2025-08-21T10:44:30","date_gmt":"2025-08-21T16:44:30","guid":{"rendered":"http:\/\/tvalaire.com\/?p=13003"},"modified":"2025-09-02T10:45:21","modified_gmt":"2025-09-02T16:45:21","slug":"invitan-a-curso-de-primero-auxilios-dirigido-a-mujeres","status":"publish","type":"post","link":"http:\/\/tvalaire.com\/?p=13003","title":{"rendered":"INVITAN A CURSO DE PRIMERO AUXILIOS DIRIGIDO A MUJERES"},"content":{"rendered":"\n<ul class=\"wp-block-list\">\n<li><strong>Mi\u00e9rcoles 13, mi\u00e9rcoles 20 y jueves 21 se realizan los cursos<\/strong><\/li>\n\n\n\n<li><strong>Interesadas pueden solicitar m\u00e1s informaci\u00f3n en el Instituto de la Mujer<\/strong><\/li>\n<\/ul>\n\n\n\n<p>A trav\u00e9s del Instituto Municipal de la Mujer (IMM) el Gobierno de La Piedad, que encabeza el alcalde Samuel Hidalgo Gallardo, hace una cordial invitaci\u00f3n a las mujeres de la ciudad para que acudan al curso de primeros auxilios que se tiene programado para este mes.<\/p>\n\n\n\n<p>La actividad se llevar\u00e1 a cabo por parte de los param\u00e9dicos certificados de la corporaci\u00f3n de Radio Auxilio Voluntario, quienes ser\u00e1n los encargados de ense\u00f1ar las t\u00e9cnicas y maniobras a madres primerizas y todas las mujeres en general para quienes en esta ocasi\u00f3n est\u00e1 dirigido el curso.<\/p>\n\n\n\n<p>De acuerdo con la informaci\u00f3n proporcionada por la encargada de las pol\u00edticas p\u00fablicas de las mujeres en la ciudad F\u00e1tima Guzm\u00e1n L\u00f3pez, se\u00f1al\u00f3 que, en atenci\u00f3n a la instrucci\u00f3n expresa del Presidente, se han dispuesto fechas para acercar la capacitaci\u00f3n al mayor n\u00famero de mujeres del municipio.<\/p>\n\n\n\n<p>La funcionaria coment\u00f3 que los Centros Comunitarios ser\u00e1n habilitados en diferentes fechas, para que las mujeres puedan acudir y aprender los primeros auxilios b\u00e1sicos en caso de ser necesarios.<\/p>\n\n\n\n<p>En el Centro Comunitario de la colonia Camelinas la cita es el mi\u00e9rcoles 13 a partir de las 17:30 horas, en el mismo espacio, pero en el de la colonia M\u00e9xico, la actividad se desarrollar\u00e1 el mi\u00e9rcoles 20 a las 19:00 horas.<\/p>\n\n\n\n<p>Para concluir con este ciclo de actividades en favor de la salud, el \u00faltimo curso se llevar\u00e1 a cabo en la Unidad Deportiva \u201cHumberto Romero P\u00e9rez\u201d, la que tambi\u00e9n se conoce como \u201cUnidad de abajo\u201d, ah\u00ed, la instrucci\u00f3n ser\u00e1 el jueves 21 a las 09:00 de la ma\u00f1ana.<\/p>\n\n\n\n<p>Guzm\u00e1n L\u00f3pez, destac\u00f3 que el curso ser\u00e1 sin costo alguno para las asistentes y con el principal objetivo de que ellas tengan la informaci\u00f3n necesaria para poder responder de manera adecuada ante alguna situaci\u00f3n de emergencia.<\/p>\n","protected":false},"excerpt":{"rendered":"<p>A trav\u00e9s del Instituto Municipal de la Mujer (IMM) el Gobierno de La Piedad, que&#8230;<\/p>\n","protected":false},"author":1,"featured_media":13004,"comment_status":"open","ping_status":"open","sticky":false,"template":"","format":"standard","meta":{"jetpack_post_was_ever_published":false,"_jetpack_newsletter_access":"","_jetpack_dont_email_post_to_subs":false,"_jetpack_newsletter_tier_id":0,"_jetpack_memberships_contains_paywalled_content":false,"_jetpack_memberships_contains_paid_content":false,"footnotes":"","jetpack_publicize_message":"","jetpack_publicize_feature_enabled":true,"jetpack_social_post_already_shared":true,"jetpack_social_options":{"image_generator_settings":{"template":"highway","enabled":false},"version":2}},"categories":[1],"tags":[15,36],"class_list":["post-13003","post","type-post","status-publish","format-standard","has-post-thumbnail","hentry","category-la-piedad","tag-la-piedad","tag-principales"],"jetpack_publicize_connections":[],"jetpack_sharing_enabled":true,"featured_image_urls":{"full":["http:\/\/tvalaire.com\/wp-content\/uploads\/2025\/09\/536928029_1169252468562463_8049440396672982946_n.jpg",526,526,false],"thumbnail":["http:\/\/tvalaire.com\/wp-content\/uploads\/2025\/09\/536928029_1169252468562463_8049440396672982946_n-150x150.jpg",150,150,true],"medium":["http:\/\/tvalaire.com\/wp-content\/uploads\/2025\/09\/536928029_1169252468562463_8049440396672982946_n-300x300.jpg",300,300,true],"medium_large":["http:\/\/tvalaire.com\/wp-content\/uploads\/2025\/09\/536928029_1169252468562463_8049440396672982946_n.jpg",526,526,false],"large":["http:\/\/tvalaire.com\/wp-content\/uploads\/2025\/09\/536928029_1169252468562463_8049440396672982946_n.jpg",526,526,false],"post-slider-thumb-size":["http:\/\/tvalaire.com\/wp-content\/uploads\/2025\/09\/536928029_1169252468562463_8049440396672982946_n-330x190.jpg",330,190,true],"post-category-slider-size":["http:\/\/tvalaire.com\/wp-content\/uploads\/2025\/09\/536928029_1169252468562463_8049440396672982946_n-330x350.jpg",330,350,true],"1536x1536":["http:\/\/tvalaire.com\/wp-content\/uploads\/2025\/09\/536928029_1169252468562463_8049440396672982946_n.jpg",526,526,false],"2048x2048":["http:\/\/tvalaire.com\/wp-content\/uploads\/2025\/09\/536928029_1169252468562463_8049440396672982946_n.jpg",526,526,false],"newsium-slider-full":["http:\/\/tvalaire.com\/wp-content\/uploads\/2025\/09\/536928029_1169252468562463_8049440396672982946_n.jpg",526,526,false],"newsium-featured":["http:\/\/tvalaire.com\/wp-content\/uploads\/2025\/09\/536928029_1169252468562463_8049440396672982946_n.jpg",526,526,false],"newsium-medium":["http:\/\/tvalaire.com\/wp-content\/uploads\/2025\/09\/536928029_1169252468562463_8049440396672982946_n-526x475.jpg",526,475,true]},"author_info":{"info":["tvalairenoti"]},"category_info":"<a href=\"http:\/\/tvalaire.com\/?cat=1\" rel=\"category\">La Piedad<\/a>","tag_info":"La Piedad","comment_count":"0","jetpack_featured_media_url":"http:\/\/tvalaire.com\/wp-content\/uploads\/2025\/09\/536928029_1169252468562463_8049440396672982946_n.jpg","_links":{"self":[{"href":"http:\/\/tvalaire.com\/index.php?rest_route=\/wp\/v2\/posts\/13003"}],"collection":[{"href":"http:\/\/tvalaire.com\/index.php?rest_route=\/wp\/v2\/posts"}],"about":[{"href":"http:\/\/tvalaire.com\/index.php?rest_route=\/wp\/v2\/types\/post"}],"author":[{"embeddable":true,"href":"http:\/\/tvalaire.com\/index.php?rest_route=\/wp\/v2\/users\/1"}],"replies":[{"embeddable":true,"href":"http:\/\/tvalaire.com\/index.php?rest_route=%2Fwp%2Fv2%2Fcomments&post=13003"}],"version-history":[{"count":1,"href":"http:\/\/tvalaire.com\/index.php?rest_route=\/wp\/v2\/posts\/13003\/revisions"}],"predecessor-version":[{"id":13005,"href":"http:\/\/tvalaire.com\/index.php?rest_route=\/wp\/v2\/posts\/13003\/revisions\/13005"}],"wp:featuredmedia":[{"embeddable":true,"href":"http:\/\/tvalaire.com\/index.php?rest_route=\/wp\/v2\/media\/13004"}],"wp:attachment":[{"href":"http:\/\/tvalaire.com\/index.php?rest_route=%2Fwp%2Fv2%2Fmedia&parent=13003"}],"wp:term":[{"taxonomy":"category","embeddable":true,"href":"http:\/\/tvalaire.com\/index.php?rest_route=%2Fwp%2Fv2%2Fcategories&post=13003"},{"taxonomy":"post_tag","embeddable":true,"href":"http:\/\/tvalaire.com\/index.php?rest_route=%2Fwp%2Fv2%2Ftags&post=13003"}],"curies":[{"name":"wp","href":"https:\/\/api.w.org\/{rel}","templated":true}]}}