{"id":13000,"date":"2025-08-20T10:42:21","date_gmt":"2025-08-20T16:42:21","guid":{"rendered":"http:\/\/tvalaire.com\/?p=13000"},"modified":"2025-09-02T10:43:25","modified_gmt":"2025-09-02T16:43:25","slug":"del-21-al-24-de-agostoferia-de-regreso-a-clases-2025","status":"publish","type":"post","link":"http:\/\/tvalaire.com\/?p=13000","title":{"rendered":"DEL 21 AL 24 DE AGOSTO\u201cFERIA DE REGRESO A CLASES 2025\u201d"},"content":{"rendered":"\n<ul class=\"wp-block-list\">\n<li><strong>M\u00e1s de 25 comerciantes ofreciendo productos para el nuevo ciclo escolar<\/strong><\/li>\n\n\n\n<li><strong>Podr\u00e1n encontrar: uniformes, mochilas, calzado escolar, papeler\u00eda, accesorios escolares y material did\u00e1ctico<\/strong><\/li>\n<\/ul>\n\n\n\n<p>Del 21 al 26 de agosto, se llevar\u00e1 a cabo en la Plaza Principal, la \u201cFeria de Regreso a clases 2025\u201d, donde a trav\u00e9s de la Direcci\u00f3n de Promoci\u00f3n Econ\u00f3mica, el Gobierno Municipal de La Piedad en coordinaci\u00f3n con PROFECO, impulsar\u00e1n la econom\u00eda de distintos comerciantes piedadenses.<\/p>\n\n\n\n<p>Por su parte, Noel Rinc\u00f3n, titular de la direcci\u00f3n de Promoci\u00f3n Econ\u00f3mica, hizo hincapi\u00e9 en que a trav\u00e9s de esta feria, los m\u00e1s de 25 expositores de la localidad podr\u00e1n ofertar sus productos para este regreso a clases, a trav\u00e9s de precios justos que beneficien a los consumidores.<\/p>\n\n\n\n<p>Por ello, invitan a la poblaci\u00f3n a apoyar el comercio local, donde podr\u00e1n encontrar: zapatos y tenis escolares, uniformes, mochilas, papeler\u00eda, accesorios escolares y material did\u00e1ctico; que ser\u00e1n de gran utilidad para el nuevo ciclo escolar de los estudiantes.<\/p>\n\n\n\n<p>Adem\u00e1s, se contar\u00e1 con la Unidad M\u00f3vil de Servicios M\u00e9dicos del DIF, misma que de manera gratuita, ofrecer\u00e1 los servicios de consulta dental, nutricional, psicol\u00f3gica, as\u00ed como atenci\u00f3n de m\u00e9dico general y servicio de farmacia a bajo costo, as\u00ed como el servicio de corte de pelo, y servicio de optometr\u00eda a bajo costo.<\/p>\n","protected":false},"excerpt":{"rendered":"<p>Del 21 al 26 de agosto, se llevar\u00e1 a cabo en la Plaza Principal, la&#8230;<\/p>\n","protected":false},"author":1,"featured_media":13001,"comment_status":"open","ping_status":"open","sticky":false,"template":"","format":"standard","meta":{"jetpack_post_was_ever_published":false,"_jetpack_newsletter_access":"","_jetpack_dont_email_post_to_subs":false,"_jetpack_newsletter_tier_id":0,"_jetpack_memberships_contains_paywalled_content":false,"_jetpack_memberships_contains_paid_content":false,"footnotes":"","jetpack_publicize_message":"","jetpack_publicize_feature_enabled":true,"jetpack_social_post_already_shared":true,"jetpack_social_options":{"image_generator_settings":{"template":"highway","enabled":false},"version":2}},"categories":[1],"tags":[15,36],"class_list":["post-13000","post","type-post","status-publish","format-standard","has-post-thumbnail","hentry","category-la-piedad","tag-la-piedad","tag-principales"],"jetpack_publicize_connections":[],"jetpack_sharing_enabled":true,"featured_image_urls":{"full":["http:\/\/tvalaire.com\/wp-content\/uploads\/2025\/09\/Banner-Regreso-a-clases-980x653-1.jpg",980,653,false],"thumbnail":["http:\/\/tvalaire.com\/wp-content\/uploads\/2025\/09\/Banner-Regreso-a-clases-980x653-1-150x150.jpg",150,150,true],"medium":["http:\/\/tvalaire.com\/wp-content\/uploads\/2025\/09\/Banner-Regreso-a-clases-980x653-1-300x200.jpg",300,200,true],"medium_large":["http:\/\/tvalaire.com\/wp-content\/uploads\/2025\/09\/Banner-Regreso-a-clases-980x653-1-768x512.jpg",640,427,true],"large":["http:\/\/tvalaire.com\/wp-content\/uploads\/2025\/09\/Banner-Regreso-a-clases-980x653-1.jpg",640,426,false],"post-slider-thumb-size":["http:\/\/tvalaire.com\/wp-content\/uploads\/2025\/09\/Banner-Regreso-a-clases-980x653-1-330x190.jpg",330,190,true],"post-category-slider-size":["http:\/\/tvalaire.com\/wp-content\/uploads\/2025\/09\/Banner-Regreso-a-clases-980x653-1-330x350.jpg",330,350,true],"1536x1536":["http:\/\/tvalaire.com\/wp-content\/uploads\/2025\/09\/Banner-Regreso-a-clases-980x653-1.jpg",980,653,false],"2048x2048":["http:\/\/tvalaire.com\/wp-content\/uploads\/2025\/09\/Banner-Regreso-a-clases-980x653-1.jpg",980,653,false],"newsium-slider-full":["http:\/\/tvalaire.com\/wp-content\/uploads\/2025\/09\/Banner-Regreso-a-clases-980x653-1.jpg",980,653,false],"newsium-featured":["http:\/\/tvalaire.com\/wp-content\/uploads\/2025\/09\/Banner-Regreso-a-clases-980x653-1.jpg",980,653,false],"newsium-medium":["http:\/\/tvalaire.com\/wp-content\/uploads\/2025\/09\/Banner-Regreso-a-clases-980x653-1-720x475.jpg",720,475,true]},"author_info":{"info":["tvalairenoti"]},"category_info":"<a href=\"http:\/\/tvalaire.com\/?cat=1\" rel=\"category\">La Piedad<\/a>","tag_info":"La Piedad","comment_count":"0","jetpack_featured_media_url":"http:\/\/tvalaire.com\/wp-content\/uploads\/2025\/09\/Banner-Regreso-a-clases-980x653-1.jpg","_links":{"self":[{"href":"http:\/\/tvalaire.com\/index.php?rest_route=\/wp\/v2\/posts\/13000"}],"collection":[{"href":"http:\/\/tvalaire.com\/index.php?rest_route=\/wp\/v2\/posts"}],"about":[{"href":"http:\/\/tvalaire.com\/index.php?rest_route=\/wp\/v2\/types\/post"}],"author":[{"embeddable":true,"href":"http:\/\/tvalaire.com\/index.php?rest_route=\/wp\/v2\/users\/1"}],"replies":[{"embeddable":true,"href":"http:\/\/tvalaire.com\/index.php?rest_route=%2Fwp%2Fv2%2Fcomments&post=13000"}],"version-history":[{"count":1,"href":"http:\/\/tvalaire.com\/index.php?rest_route=\/wp\/v2\/posts\/13000\/revisions"}],"predecessor-version":[{"id":13002,"href":"http:\/\/tvalaire.com\/index.php?rest_route=\/wp\/v2\/posts\/13000\/revisions\/13002"}],"wp:featuredmedia":[{"embeddable":true,"href":"http:\/\/tvalaire.com\/index.php?rest_route=\/wp\/v2\/media\/13001"}],"wp:attachment":[{"href":"http:\/\/tvalaire.com\/index.php?rest_route=%2Fwp%2Fv2%2Fmedia&parent=13000"}],"wp:term":[{"taxonomy":"category","embeddable":true,"href":"http:\/\/tvalaire.com\/index.php?rest_route=%2Fwp%2Fv2%2Fcategories&post=13000"},{"taxonomy":"post_tag","embeddable":true,"href":"http:\/\/tvalaire.com\/index.php?rest_route=%2Fwp%2Fv2%2Ftags&post=13000"}],"curies":[{"name":"wp","href":"https:\/\/api.w.org\/{rel}","templated":true}]}}