{"id":1300,"date":"2017-04-17T15:13:20","date_gmt":"2017-04-17T20:13:20","guid":{"rendered":"http:\/\/tvalaire.com\/?p=1300"},"modified":"2017-04-17T15:13:20","modified_gmt":"2017-04-17T20:13:20","slug":"avanzadas-gestiones-de-regularizacion-de-4-asentamientos-humanos-en-la-piedad","status":"publish","type":"post","link":"http:\/\/tvalaire.com\/?p=1300","title":{"rendered":"AVANZADAS GESTIONES DE REGULARIZACI\u00d3N DE 4 ASENTAMIENTOS HUMANOS EN LA PIEDAD"},"content":{"rendered":"<p class=\"x_MsoNormal\" align=\"center\">\n<p class=\"x_MsoNormal\" align=\"center\"><b><span lang=\"ES-MX\">\u00a0<\/span><\/b><b><span lang=\"ES-MX\">Se trata de las colonias, Nueva Guanajuatillo, Melchor Ocampo, Ejido Los Moreno y fraccionamiento Manuel J. Clouthier.<\/span><\/b><\/p>\n<p class=\"x_MsoNormal\"><span lang=\"ES-MX\">\u00a0<\/span><\/p>\n<p class=\"x_MsoNormal\"><span lang=\"ES-MX\">\u00a0<\/span><span lang=\"ES-MX\">Con un avance de un 80% se registran los tr\u00e1mites de regularizaci\u00f3n y escrituraci\u00f3n de cuatro asentamientos humanos en La Piedad como son; el de la Nueva Guanajuatillo, Melchor Ocampo, Ejido Los Moreno y el fraccionamiento Manuel J. Clouthier.<\/span><\/p>\n<p class=\"x_MsoNormal\"><span lang=\"ES-MX\">\u00a0<\/span><\/p>\n<p class=\"x_MsoNormal\"><span lang=\"ES-MX\">Personal de Urbanismo, comisionados por el Alcalde Juan Manuel Estrada Medina, sostuvieron una reuni\u00f3n en la ciudad de Morelia con el licenciado Ram\u00f3n Ponce, delegado en el Estado del Instituto Nacional del Suelo Sustentable (INSUS) y el arquitecto, Ren\u00e9 Alvarado, director de asentamientos humanos de la SEMARNACC con el fin de ver los avances de la escrituraci\u00f3n y regularizaci\u00f3n de los fraccionamiento antes mencionados.<\/span><\/p>\n<p class=\"x_MsoNormal\"><span lang=\"ES-MX\">\u00a0<\/span><\/p>\n<p class=\"x_MsoNormal\"><span lang=\"ES-MX\">Durante la reuni\u00f3n, se pudieron percatar son pocos los tr\u00e1mites que se requieren para que los habitantes de estos centros habitacionales puedan contar con la certeza jur\u00eddica de sus propiedades.<\/span><\/p>\n<p class=\"x_MsoNormal\"><span lang=\"ES-MX\">\u00a0<\/span><\/p>\n<p class=\"x_MsoNormal\"><span lang=\"ES-MX\">A decir del director de obras p\u00fablicas y urbanismo, Rafael Ram\u00edrez Lemus el avance que se registra es de un 80%, por lo que consider\u00f3 que dentro de poco, las familias que viven en estos espacios podr\u00e1n contar con la certeza jur\u00eddica de sus predios, gracias a las gestiones iniciadas por el Alcalde y a las que se les ha dado puntual seguimiento hasta lograr ver los resultados que la poblaci\u00f3n espera.<\/span><\/p>\n","protected":false},"excerpt":{"rendered":"<p>\u00a0Se trata de las colonias, Nueva Guanajuatillo, Melchor Ocampo, Ejido Los Moreno y fraccionamiento Manuel&#8230;<\/p>\n","protected":false},"author":1,"featured_media":1301,"comment_status":"open","ping_status":"open","sticky":false,"template":"","format":"standard","meta":{"jetpack_post_was_ever_published":false,"_jetpack_newsletter_access":"","_jetpack_dont_email_post_to_subs":false,"_jetpack_newsletter_tier_id":0,"_jetpack_memberships_contains_paywalled_content":false,"_jetpack_memberships_contains_paid_content":false,"footnotes":"","jetpack_publicize_message":"","jetpack_publicize_feature_enabled":true,"jetpack_social_post_already_shared":false,"jetpack_social_options":{"image_generator_settings":{"template":"highway","enabled":false},"version":2}},"categories":[1],"tags":[15,36],"class_list":["post-1300","post","type-post","status-publish","format-standard","has-post-thumbnail","hentry","category-la-piedad","tag-la-piedad","tag-principales"],"jetpack_publicize_connections":[],"jetpack_sharing_enabled":true,"featured_image_urls":{"full":["http:\/\/tvalaire.com\/wp-content\/uploads\/2017\/04\/1-3.jpg",2992,2000,false],"thumbnail":["http:\/\/tvalaire.com\/wp-content\/uploads\/2017\/04\/1-3-150x150.jpg",150,150,true],"medium":["http:\/\/tvalaire.com\/wp-content\/uploads\/2017\/04\/1-3-300x201.jpg",300,201,true],"medium_large":["http:\/\/tvalaire.com\/wp-content\/uploads\/2017\/04\/1-3-768x513.jpg",640,428,true],"large":["http:\/\/tvalaire.com\/wp-content\/uploads\/2017\/04\/1-3-1024x684.jpg",640,428,true],"post-slider-thumb-size":["http:\/\/tvalaire.com\/wp-content\/uploads\/2017\/04\/1-3.jpg",284,190,false],"post-category-slider-size":["http:\/\/tvalaire.com\/wp-content\/uploads\/2017\/04\/1-3.jpg",330,221,false],"1536x1536":["http:\/\/tvalaire.com\/wp-content\/uploads\/2017\/04\/1-3.jpg",1536,1027,false],"2048x2048":["http:\/\/tvalaire.com\/wp-content\/uploads\/2017\/04\/1-3.jpg",2048,1369,false],"newsium-slider-full":["http:\/\/tvalaire.com\/wp-content\/uploads\/2017\/04\/1-3.jpg",1264,845,false],"newsium-featured":["http:\/\/tvalaire.com\/wp-content\/uploads\/2017\/04\/1-3.jpg",1024,684,false],"newsium-medium":["http:\/\/tvalaire.com\/wp-content\/uploads\/2017\/04\/1-3.jpg",711,475,false]},"author_info":{"info":["tvalairenoti"]},"category_info":"<a href=\"http:\/\/tvalaire.com\/?cat=1\" rel=\"category\">La Piedad<\/a>","tag_info":"La Piedad","comment_count":"0","jetpack_featured_media_url":"http:\/\/tvalaire.com\/wp-content\/uploads\/2017\/04\/1-3.jpg","_links":{"self":[{"href":"http:\/\/tvalaire.com\/index.php?rest_route=\/wp\/v2\/posts\/1300"}],"collection":[{"href":"http:\/\/tvalaire.com\/index.php?rest_route=\/wp\/v2\/posts"}],"about":[{"href":"http:\/\/tvalaire.com\/index.php?rest_route=\/wp\/v2\/types\/post"}],"author":[{"embeddable":true,"href":"http:\/\/tvalaire.com\/index.php?rest_route=\/wp\/v2\/users\/1"}],"replies":[{"embeddable":true,"href":"http:\/\/tvalaire.com\/index.php?rest_route=%2Fwp%2Fv2%2Fcomments&post=1300"}],"version-history":[{"count":1,"href":"http:\/\/tvalaire.com\/index.php?rest_route=\/wp\/v2\/posts\/1300\/revisions"}],"predecessor-version":[{"id":1302,"href":"http:\/\/tvalaire.com\/index.php?rest_route=\/wp\/v2\/posts\/1300\/revisions\/1302"}],"wp:featuredmedia":[{"embeddable":true,"href":"http:\/\/tvalaire.com\/index.php?rest_route=\/wp\/v2\/media\/1301"}],"wp:attachment":[{"href":"http:\/\/tvalaire.com\/index.php?rest_route=%2Fwp%2Fv2%2Fmedia&parent=1300"}],"wp:term":[{"taxonomy":"category","embeddable":true,"href":"http:\/\/tvalaire.com\/index.php?rest_route=%2Fwp%2Fv2%2Fcategories&post=1300"},{"taxonomy":"post_tag","embeddable":true,"href":"http:\/\/tvalaire.com\/index.php?rest_route=%2Fwp%2Fv2%2Ftags&post=1300"}],"curies":[{"name":"wp","href":"https:\/\/api.w.org\/{rel}","templated":true}]}}