{"id":12989,"date":"2025-08-28T10:11:09","date_gmt":"2025-08-28T16:11:09","guid":{"rendered":"http:\/\/tvalaire.com\/?p=12989"},"modified":"2025-09-02T10:13:27","modified_gmt":"2025-09-02T16:13:27","slug":"mas-impulso-a-la-educacion-a-traves-de-las-becas-municipales-samuel-hidalgo","status":"publish","type":"post","link":"http:\/\/tvalaire.com\/?p=12989","title":{"rendered":"M\u00c1S IMPULSO A LA EDUCACI\u00d3N A TRAV\u00c9S DE LAS BECAS MUNICIPALES: SAMUEL HIDALGO"},"content":{"rendered":"\n<ul class=\"wp-block-list\">\n<li><strong>Fechas para nuevas becas de acuerdo al nivel escolar del 3 al 12 de septiembre<\/strong><\/li>\n\n\n\n<li><strong>Pueden consultar<\/strong><strong>\u00a0los requisitos en el siguiente link https:\/\/shre.ink\/tWx2<\/strong><\/li>\n<\/ul>\n\n\n\n<p>Con el objetivo de contribuir e impulsar la educaci\u00f3n de ni\u00f1os, adolescentes y j\u00f3venes, el Gobierno Municipal de La Piedad, a trav\u00e9s de la Direcci\u00f3n de Educaci\u00f3n, emite la convocatoria para ser beneficiario de la Beca Municipal para el ciclo escolar 2025 \u2013&nbsp; 2026.<\/p>\n\n\n\n<p>Los estudiantes de los niveles educativos de Primaria, Secundaria, Preparatoria y Universidad, que quieran solicitar una beca por primera vez, deben revisar los requisitos de la convocatoria y entregarlos en la fecha se\u00f1alada de acuerdo al nivel educativo del interesado.<\/p>\n\n\n\n<p>Por su parte el alcalde Samuel Hidalgo Gallardo, mencion\u00f3 que se trata de acciones concretas para impulsar la educaci\u00f3n de los estudiantes que con su esfuerzo obtienen buenas calificaciones, al mismo tiempo que se colabora con la econom\u00eda familiar del beneficiario.<\/p>\n\n\n\n<p>Los nuevos ingresos deben acudir a la oficina de Educaci\u00f3n que se ubica en Mariano Jim\u00e9nez #115 en un horario de 09:30 de la ma\u00f1ana a 2:30 de la tarde. A partir del 03 de septiembre de septiembre, las fichas para atender los nuevos ingresos se entregar\u00e1n en el portal de Presidencia a partir de las 8:30 de la ma\u00f1ana el mismo d\u00eda.<\/p>\n\n\n\n<p>Las fechas para los estudiantes que renovar\u00e1n la beca, es a partir del 17 de septiembre, atendiendo la fecha destinada de acuerdo al nivel educativo. Es importante destacar que los estudiantes que ya hayan estado dentro del programa de Becas Municipales y no renovaron o cambiaron de instituci\u00f3n, o cambiaron de nivel deben cumplir con los requisitos de nuevo ingreso. Asimismo, cabe subrayar que es importante revisar la convocatoria en el siguiente enlace&nbsp;<a href=\"https:\/\/shre.ink\/tWx2\">https:\/\/shre.ink\/tWx2<\/a>&nbsp;, cualquier duda que se tenga sobre el tema, se puede resolver en el tel\u00e9fono 352 52 2 71 30 extensi\u00f3n 5 de la Direcci\u00f3n de Educaci\u00f3n.<\/p>\n","protected":false},"excerpt":{"rendered":"<p>Con el objetivo de contribuir e impulsar la educaci\u00f3n de ni\u00f1os, adolescentes y j\u00f3venes, el&#8230;<\/p>\n","protected":false},"author":1,"featured_media":12990,"comment_status":"open","ping_status":"open","sticky":false,"template":"","format":"standard","meta":{"jetpack_post_was_ever_published":false,"_jetpack_newsletter_access":"","_jetpack_dont_email_post_to_subs":false,"_jetpack_newsletter_tier_id":0,"_jetpack_memberships_contains_paywalled_content":false,"_jetpack_memberships_contains_paid_content":false,"footnotes":"","jetpack_publicize_message":"","jetpack_publicize_feature_enabled":true,"jetpack_social_post_already_shared":true,"jetpack_social_options":{"image_generator_settings":{"template":"highway","enabled":false},"version":2}},"categories":[1],"tags":[15,36],"class_list":["post-12989","post","type-post","status-publish","format-standard","has-post-thumbnail","hentry","category-la-piedad","tag-la-piedad","tag-principales"],"jetpack_publicize_connections":[],"jetpack_sharing_enabled":true,"featured_image_urls":{"full":["http:\/\/tvalaire.com\/wp-content\/uploads\/2025\/09\/539656182_1174174784736898_4815280719238644107_n.jpg",960,540,false],"thumbnail":["http:\/\/tvalaire.com\/wp-content\/uploads\/2025\/09\/539656182_1174174784736898_4815280719238644107_n-150x150.jpg",150,150,true],"medium":["http:\/\/tvalaire.com\/wp-content\/uploads\/2025\/09\/539656182_1174174784736898_4815280719238644107_n-300x169.jpg",300,169,true],"medium_large":["http:\/\/tvalaire.com\/wp-content\/uploads\/2025\/09\/539656182_1174174784736898_4815280719238644107_n-768x432.jpg",640,360,true],"large":["http:\/\/tvalaire.com\/wp-content\/uploads\/2025\/09\/539656182_1174174784736898_4815280719238644107_n.jpg",640,360,false],"post-slider-thumb-size":["http:\/\/tvalaire.com\/wp-content\/uploads\/2025\/09\/539656182_1174174784736898_4815280719238644107_n-330x190.jpg",330,190,true],"post-category-slider-size":["http:\/\/tvalaire.com\/wp-content\/uploads\/2025\/09\/539656182_1174174784736898_4815280719238644107_n-330x350.jpg",330,350,true],"1536x1536":["http:\/\/tvalaire.com\/wp-content\/uploads\/2025\/09\/539656182_1174174784736898_4815280719238644107_n.jpg",960,540,false],"2048x2048":["http:\/\/tvalaire.com\/wp-content\/uploads\/2025\/09\/539656182_1174174784736898_4815280719238644107_n.jpg",960,540,false],"newsium-slider-full":["http:\/\/tvalaire.com\/wp-content\/uploads\/2025\/09\/539656182_1174174784736898_4815280719238644107_n.jpg",960,540,false],"newsium-featured":["http:\/\/tvalaire.com\/wp-content\/uploads\/2025\/09\/539656182_1174174784736898_4815280719238644107_n.jpg",960,540,false],"newsium-medium":["http:\/\/tvalaire.com\/wp-content\/uploads\/2025\/09\/539656182_1174174784736898_4815280719238644107_n-720x475.jpg",720,475,true]},"author_info":{"info":["tvalairenoti"]},"category_info":"<a href=\"http:\/\/tvalaire.com\/?cat=1\" rel=\"category\">La Piedad<\/a>","tag_info":"La Piedad","comment_count":"0","jetpack_featured_media_url":"http:\/\/tvalaire.com\/wp-content\/uploads\/2025\/09\/539656182_1174174784736898_4815280719238644107_n.jpg","_links":{"self":[{"href":"http:\/\/tvalaire.com\/index.php?rest_route=\/wp\/v2\/posts\/12989"}],"collection":[{"href":"http:\/\/tvalaire.com\/index.php?rest_route=\/wp\/v2\/posts"}],"about":[{"href":"http:\/\/tvalaire.com\/index.php?rest_route=\/wp\/v2\/types\/post"}],"author":[{"embeddable":true,"href":"http:\/\/tvalaire.com\/index.php?rest_route=\/wp\/v2\/users\/1"}],"replies":[{"embeddable":true,"href":"http:\/\/tvalaire.com\/index.php?rest_route=%2Fwp%2Fv2%2Fcomments&post=12989"}],"version-history":[{"count":1,"href":"http:\/\/tvalaire.com\/index.php?rest_route=\/wp\/v2\/posts\/12989\/revisions"}],"predecessor-version":[{"id":12991,"href":"http:\/\/tvalaire.com\/index.php?rest_route=\/wp\/v2\/posts\/12989\/revisions\/12991"}],"wp:featuredmedia":[{"embeddable":true,"href":"http:\/\/tvalaire.com\/index.php?rest_route=\/wp\/v2\/media\/12990"}],"wp:attachment":[{"href":"http:\/\/tvalaire.com\/index.php?rest_route=%2Fwp%2Fv2%2Fmedia&parent=12989"}],"wp:term":[{"taxonomy":"category","embeddable":true,"href":"http:\/\/tvalaire.com\/index.php?rest_route=%2Fwp%2Fv2%2Fcategories&post=12989"},{"taxonomy":"post_tag","embeddable":true,"href":"http:\/\/tvalaire.com\/index.php?rest_route=%2Fwp%2Fv2%2Ftags&post=12989"}],"curies":[{"name":"wp","href":"https:\/\/api.w.org\/{rel}","templated":true}]}}