{"id":1295,"date":"2017-04-11T09:06:06","date_gmt":"2017-04-11T14:06:06","guid":{"rendered":"http:\/\/tvalaire.com\/?p=1295"},"modified":"2017-04-11T09:06:06","modified_gmt":"2017-04-11T14:06:06","slug":"queda-lista-plaza-principal-para-la-ciudadania-y-visitantes","status":"publish","type":"post","link":"http:\/\/tvalaire.com\/?p=1295","title":{"rendered":"QUEDA LISTA PLAZA PRINCIPAL PARA LA CIUDADAN\u00cdA Y VISITANTES"},"content":{"rendered":"<p><strong>\u00a0<\/strong><\/p>\n<p>Con motivo de una calendarizaci\u00f3n de dar mantenimiento peri\u00f3dicamente a la plaza principal en estos d\u00edas se han estado llevando acabo labores de mantenimiento desde lo que es la poda de arboles, pintura de machuelos de los jardines y en los portales as\u00ed como el lavado manual de la misma plaza principal.<\/p>\n<p>El alcalde ha girado instrucciones para que no se desatienda el mantenimiento de estas \u00e1reas, ya que es un lugar muy concurrido y m\u00e1s en estos d\u00edas de vacaciones donde estar\u00e1 mucha gente que viene de visita a esta ciudad.<\/p>\n<p>De tal manera que la Direcci\u00f3n de Servicios P\u00fablicos ha dado cumplimiento a estas labores de mantener limpio y agradables los espacios de descanso de muchas familias y visitantes que tendremos en pr\u00f3ximos d\u00edas.<\/p>\n<p>&nbsp;<\/p>\n<p><img loading=\"lazy\" decoding=\"async\" class=\"alignnone size-medium wp-image-1292\" src=\"http:\/\/tvalaire.com\/wp-content\/uploads\/2017\/04\/QUEDA-LISTA-PLAZA-PRINCIPAL-PARA-LA-CIUDADAN\u00cdA-Y-VISITANTES2-300x225.jpg\" alt=\"\" width=\"300\" height=\"225\" srcset=\"http:\/\/tvalaire.com\/wp-content\/uploads\/2017\/04\/QUEDA-LISTA-PLAZA-PRINCIPAL-PARA-LA-CIUDADAN\u00cdA-Y-VISITANTES2-300x225.jpg 300w, http:\/\/tvalaire.com\/wp-content\/uploads\/2017\/04\/QUEDA-LISTA-PLAZA-PRINCIPAL-PARA-LA-CIUDADAN\u00cdA-Y-VISITANTES2-768x576.jpg 768w, http:\/\/tvalaire.com\/wp-content\/uploads\/2017\/04\/QUEDA-LISTA-PLAZA-PRINCIPAL-PARA-LA-CIUDADAN\u00cdA-Y-VISITANTES2-1024x768.jpg 1024w, http:\/\/tvalaire.com\/wp-content\/uploads\/2017\/04\/QUEDA-LISTA-PLAZA-PRINCIPAL-PARA-LA-CIUDADAN\u00cdA-Y-VISITANTES2.jpg 1600w\" sizes=\"(max-width: 300px) 100vw, 300px\" \/><\/p>\n<p><img loading=\"lazy\" decoding=\"async\" class=\"alignnone size-medium wp-image-1291\" src=\"http:\/\/tvalaire.com\/wp-content\/uploads\/2017\/04\/QUEDA-LISTA-PLAZA-PRINCIPAL-PARA-LA-CIUDADAN\u00cdA-Y-VISITANTES-300x200.jpg\" alt=\"\" width=\"300\" height=\"200\" srcset=\"http:\/\/tvalaire.com\/wp-content\/uploads\/2017\/04\/QUEDA-LISTA-PLAZA-PRINCIPAL-PARA-LA-CIUDADAN\u00cdA-Y-VISITANTES-300x200.jpg 300w, http:\/\/tvalaire.com\/wp-content\/uploads\/2017\/04\/QUEDA-LISTA-PLAZA-PRINCIPAL-PARA-LA-CIUDADAN\u00cdA-Y-VISITANTES-768x512.jpg 768w, http:\/\/tvalaire.com\/wp-content\/uploads\/2017\/04\/QUEDA-LISTA-PLAZA-PRINCIPAL-PARA-LA-CIUDADAN\u00cdA-Y-VISITANTES-1024x683.jpg 1024w\" sizes=\"(max-width: 300px) 100vw, 300px\" \/><\/p>\n","protected":false},"excerpt":{"rendered":"<p>\u00a0 Con motivo de una calendarizaci\u00f3n de dar mantenimiento peri\u00f3dicamente a la plaza principal en&#8230;<\/p>\n","protected":false},"author":1,"featured_media":1293,"comment_status":"open","ping_status":"open","sticky":false,"template":"","format":"standard","meta":{"jetpack_post_was_ever_published":false,"_jetpack_newsletter_access":"","_jetpack_dont_email_post_to_subs":false,"_jetpack_newsletter_tier_id":0,"_jetpack_memberships_contains_paywalled_content":false,"_jetpack_memberships_contains_paid_content":false,"footnotes":"","jetpack_publicize_message":"","jetpack_publicize_feature_enabled":true,"jetpack_social_post_already_shared":false,"jetpack_social_options":{"image_generator_settings":{"template":"highway","enabled":false},"version":2}},"categories":[1],"tags":[15,36],"class_list":["post-1295","post","type-post","status-publish","format-standard","has-post-thumbnail","hentry","category-la-piedad","tag-la-piedad","tag-principales"],"jetpack_publicize_connections":[],"jetpack_sharing_enabled":true,"featured_image_urls":{"full":["http:\/\/tvalaire.com\/wp-content\/uploads\/2017\/04\/QUEDA-LISTA-PLAZA-PRINCIPAL-PARA-LA-CIUDADAN\u00cdA-Y-VISITANTES23.jpg",3147,2100,false],"thumbnail":["http:\/\/tvalaire.com\/wp-content\/uploads\/2017\/04\/QUEDA-LISTA-PLAZA-PRINCIPAL-PARA-LA-CIUDADAN\u00cdA-Y-VISITANTES23-150x150.jpg",150,150,true],"medium":["http:\/\/tvalaire.com\/wp-content\/uploads\/2017\/04\/QUEDA-LISTA-PLAZA-PRINCIPAL-PARA-LA-CIUDADAN\u00cdA-Y-VISITANTES23-300x200.jpg",300,200,true],"medium_large":["http:\/\/tvalaire.com\/wp-content\/uploads\/2017\/04\/QUEDA-LISTA-PLAZA-PRINCIPAL-PARA-LA-CIUDADAN\u00cdA-Y-VISITANTES23-768x512.jpg",640,427,true],"large":["http:\/\/tvalaire.com\/wp-content\/uploads\/2017\/04\/QUEDA-LISTA-PLAZA-PRINCIPAL-PARA-LA-CIUDADAN\u00cdA-Y-VISITANTES23-1024x683.jpg",640,427,true],"post-slider-thumb-size":["http:\/\/tvalaire.com\/wp-content\/uploads\/2017\/04\/QUEDA-LISTA-PLAZA-PRINCIPAL-PARA-LA-CIUDADAN\u00cdA-Y-VISITANTES23.jpg",285,190,false],"post-category-slider-size":["http:\/\/tvalaire.com\/wp-content\/uploads\/2017\/04\/QUEDA-LISTA-PLAZA-PRINCIPAL-PARA-LA-CIUDADAN\u00cdA-Y-VISITANTES23.jpg",330,220,false],"1536x1536":["http:\/\/tvalaire.com\/wp-content\/uploads\/2017\/04\/QUEDA-LISTA-PLAZA-PRINCIPAL-PARA-LA-CIUDADAN\u00cdA-Y-VISITANTES23.jpg",1536,1025,false],"2048x2048":["http:\/\/tvalaire.com\/wp-content\/uploads\/2017\/04\/QUEDA-LISTA-PLAZA-PRINCIPAL-PARA-LA-CIUDADAN\u00cdA-Y-VISITANTES23.jpg",2048,1367,false],"newsium-slider-full":["http:\/\/tvalaire.com\/wp-content\/uploads\/2017\/04\/QUEDA-LISTA-PLAZA-PRINCIPAL-PARA-LA-CIUDADAN\u00cdA-Y-VISITANTES23.jpg",1266,845,false],"newsium-featured":["http:\/\/tvalaire.com\/wp-content\/uploads\/2017\/04\/QUEDA-LISTA-PLAZA-PRINCIPAL-PARA-LA-CIUDADAN\u00cdA-Y-VISITANTES23.jpg",1024,683,false],"newsium-medium":["http:\/\/tvalaire.com\/wp-content\/uploads\/2017\/04\/QUEDA-LISTA-PLAZA-PRINCIPAL-PARA-LA-CIUDADAN\u00cdA-Y-VISITANTES23.jpg",712,475,false]},"author_info":{"info":["tvalairenoti"]},"category_info":"<a href=\"http:\/\/tvalaire.com\/?cat=1\" rel=\"category\">La Piedad<\/a>","tag_info":"La Piedad","comment_count":"0","jetpack_featured_media_url":"http:\/\/tvalaire.com\/wp-content\/uploads\/2017\/04\/QUEDA-LISTA-PLAZA-PRINCIPAL-PARA-LA-CIUDADAN\u00cdA-Y-VISITANTES23.jpg","_links":{"self":[{"href":"http:\/\/tvalaire.com\/index.php?rest_route=\/wp\/v2\/posts\/1295"}],"collection":[{"href":"http:\/\/tvalaire.com\/index.php?rest_route=\/wp\/v2\/posts"}],"about":[{"href":"http:\/\/tvalaire.com\/index.php?rest_route=\/wp\/v2\/types\/post"}],"author":[{"embeddable":true,"href":"http:\/\/tvalaire.com\/index.php?rest_route=\/wp\/v2\/users\/1"}],"replies":[{"embeddable":true,"href":"http:\/\/tvalaire.com\/index.php?rest_route=%2Fwp%2Fv2%2Fcomments&post=1295"}],"version-history":[{"count":1,"href":"http:\/\/tvalaire.com\/index.php?rest_route=\/wp\/v2\/posts\/1295\/revisions"}],"predecessor-version":[{"id":1296,"href":"http:\/\/tvalaire.com\/index.php?rest_route=\/wp\/v2\/posts\/1295\/revisions\/1296"}],"wp:featuredmedia":[{"embeddable":true,"href":"http:\/\/tvalaire.com\/index.php?rest_route=\/wp\/v2\/media\/1293"}],"wp:attachment":[{"href":"http:\/\/tvalaire.com\/index.php?rest_route=%2Fwp%2Fv2%2Fmedia&parent=1295"}],"wp:term":[{"taxonomy":"category","embeddable":true,"href":"http:\/\/tvalaire.com\/index.php?rest_route=%2Fwp%2Fv2%2Fcategories&post=1295"},{"taxonomy":"post_tag","embeddable":true,"href":"http:\/\/tvalaire.com\/index.php?rest_route=%2Fwp%2Fv2%2Ftags&post=1295"}],"curies":[{"name":"wp","href":"https:\/\/api.w.org\/{rel}","templated":true}]}}