{"id":12919,"date":"2025-06-27T13:41:32","date_gmt":"2025-06-27T19:41:32","guid":{"rendered":"http:\/\/tvalaire.com\/?p=12919"},"modified":"2025-07-03T13:42:50","modified_gmt":"2025-07-03T19:42:50","slug":"tras-aprobacion-de-reforma-propuesta-emma-rivera-celebra-el-reconocimiento-constitucional-de-la-lengua-de-senas","status":"publish","type":"post","link":"http:\/\/tvalaire.com\/?p=12919","title":{"rendered":"Tras aprobaci\u00f3n de reforma propuesta, Emma Rivera celebra el reconocimiento constitucional de la Lengua de Se\u00f1as"},"content":{"rendered":"\n<p>La diputada local por Morena y presidenta de la Comisi\u00f3n de Puntos Constitucionales del Congreso del Estado, Emma Rivera Camacho, celebr\u00f3 la aprobaci\u00f3n un\u00e1nime de la reforma constitucional que reconoce a la Lengua de Se\u00f1as Mexicana (LSM) como lengua oficial y parte del patrimonio ling\u00fc\u00edstico de Michoac\u00e1n, calific\u00e1ndola como un acto de justicia social y de profundo contenido humanista.<\/p>\n\n\n\n<p>Emma Rivera subray\u00f3 que esta reforma, es resultado del trabajo responsable y comprometido de la Comisi\u00f3n de Puntos Constitucionales que preside, la cual atendi\u00f3 a las personas sordas y sus organizaciones, que durante a\u00f1os han luchado por ser visibles y por ejercer sus derechos en igualdad de condiciones.<\/p>\n\n\n\n<p>\u201cHoy el Congreso ha dado un paso hist\u00f3rico. Reconocer a la LSM en la Constituci\u00f3n del Estado significa visibilizar a una comunidad que ha sido marginada, pero tambi\u00e9n es comenzar a construir un Michoac\u00e1n donde el derecho a la comunicaci\u00f3n y a la inclusi\u00f3n sea una realidad para todas y todos\u201d, expres\u00f3.<\/p>\n\n\n\n<p>Durante el proceso legislativo, la Comisi\u00f3n realiz\u00f3 reuniones de trabajo con asociaciones de personas sordas y evidenci\u00f3, a trav\u00e9s de ejercicios sin int\u00e9rprete, las enormes barreras que enfrentan en su vida cotidiana. A partir de esa experiencia, la diputada propuso adem\u00e1s un punto de acuerdo para que el INEGI levante datos espec\u00edficos sobre esta poblaci\u00f3n, con el fin de dise\u00f1ar pol\u00edticas p\u00fablicas con sustento t\u00e9cnico y enfoque inclusivo.<\/p>\n\n\n\n<p>La diputada morenista reiter\u00f3 que esta reforma no es un fin, sino el inicio de una ruta de trabajo para que la inclusi\u00f3n no quede en el discurso, sino que se materialice en educaci\u00f3n, servicios p\u00fablicos y espacios donde el pueblo sordo tenga presencia y participaci\u00f3n activa.<\/p>\n\n\n\n<p>\u201cComo legisladora del movimiento de transformaci\u00f3n, celebro este avance humanista que pone en el centro al pueblo. Este logro es de las personas sordas, de su lucha y de quienes creemos en una sociedad donde nadie se quede fuera. \u00a1Vamos por un Michoac\u00e1n m\u00e1s justo, m\u00e1s digno y verdaderamente incluyente!\u201d, concluy\u00f3.<\/p>\n","protected":false},"excerpt":{"rendered":"<p>La diputada local por Morena y presidenta de la Comisi\u00f3n de Puntos Constitucionales del Congreso&#8230;<\/p>\n","protected":false},"author":1,"featured_media":12920,"comment_status":"open","ping_status":"open","sticky":false,"template":"","format":"standard","meta":{"jetpack_post_was_ever_published":false,"_jetpack_newsletter_access":"","_jetpack_dont_email_post_to_subs":false,"_jetpack_newsletter_tier_id":0,"_jetpack_memberships_contains_paywalled_content":false,"_jetpack_memberships_contains_paid_content":false,"footnotes":"","jetpack_publicize_message":"","jetpack_publicize_feature_enabled":true,"jetpack_social_post_already_shared":true,"jetpack_social_options":{"image_generator_settings":{"template":"highway","enabled":false},"version":2}},"categories":[31],"tags":[37,36],"class_list":["post-12919","post","type-post","status-publish","format-standard","has-post-thumbnail","hentry","category-estado","tag-estado","tag-principales"],"jetpack_publicize_connections":[],"jetpack_sharing_enabled":true,"featured_image_urls":{"full":["http:\/\/tvalaire.com\/wp-content\/uploads\/2025\/07\/WhatsApp-Image-2025-06-27-at-6.13.01-PM-1024x683.jpeg.webp",1024,683,false],"thumbnail":["http:\/\/tvalaire.com\/wp-content\/uploads\/2025\/07\/WhatsApp-Image-2025-06-27-at-6.13.01-PM-1024x683.jpeg-150x150.webp",150,150,true],"medium":["http:\/\/tvalaire.com\/wp-content\/uploads\/2025\/07\/WhatsApp-Image-2025-06-27-at-6.13.01-PM-1024x683.jpeg-300x200.webp",300,200,true],"medium_large":["http:\/\/tvalaire.com\/wp-content\/uploads\/2025\/07\/WhatsApp-Image-2025-06-27-at-6.13.01-PM-1024x683.jpeg-768x512.webp",640,427,true],"large":["http:\/\/tvalaire.com\/wp-content\/uploads\/2025\/07\/WhatsApp-Image-2025-06-27-at-6.13.01-PM-1024x683.jpeg.webp",640,427,false],"post-slider-thumb-size":["http:\/\/tvalaire.com\/wp-content\/uploads\/2025\/07\/WhatsApp-Image-2025-06-27-at-6.13.01-PM-1024x683.jpeg-330x190.webp",330,190,true],"post-category-slider-size":["http:\/\/tvalaire.com\/wp-content\/uploads\/2025\/07\/WhatsApp-Image-2025-06-27-at-6.13.01-PM-1024x683.jpeg-330x350.webp",330,350,true],"1536x1536":["http:\/\/tvalaire.com\/wp-content\/uploads\/2025\/07\/WhatsApp-Image-2025-06-27-at-6.13.01-PM-1024x683.jpeg.webp",1024,683,false],"2048x2048":["http:\/\/tvalaire.com\/wp-content\/uploads\/2025\/07\/WhatsApp-Image-2025-06-27-at-6.13.01-PM-1024x683.jpeg.webp",1024,683,false],"newsium-slider-full":["http:\/\/tvalaire.com\/wp-content\/uploads\/2025\/07\/WhatsApp-Image-2025-06-27-at-6.13.01-PM-1024x683.jpeg.webp",1024,683,false],"newsium-featured":["http:\/\/tvalaire.com\/wp-content\/uploads\/2025\/07\/WhatsApp-Image-2025-06-27-at-6.13.01-PM-1024x683.jpeg.webp",1024,683,false],"newsium-medium":["http:\/\/tvalaire.com\/wp-content\/uploads\/2025\/07\/WhatsApp-Image-2025-06-27-at-6.13.01-PM-1024x683.jpeg-720x475.webp",720,475,true]},"author_info":{"info":["tvalairenoti"]},"category_info":"<a href=\"http:\/\/tvalaire.com\/?cat=31\" rel=\"category\">Estado<\/a>","tag_info":"Estado","comment_count":"0","jetpack_featured_media_url":"http:\/\/tvalaire.com\/wp-content\/uploads\/2025\/07\/WhatsApp-Image-2025-06-27-at-6.13.01-PM-1024x683.jpeg.webp","_links":{"self":[{"href":"http:\/\/tvalaire.com\/index.php?rest_route=\/wp\/v2\/posts\/12919"}],"collection":[{"href":"http:\/\/tvalaire.com\/index.php?rest_route=\/wp\/v2\/posts"}],"about":[{"href":"http:\/\/tvalaire.com\/index.php?rest_route=\/wp\/v2\/types\/post"}],"author":[{"embeddable":true,"href":"http:\/\/tvalaire.com\/index.php?rest_route=\/wp\/v2\/users\/1"}],"replies":[{"embeddable":true,"href":"http:\/\/tvalaire.com\/index.php?rest_route=%2Fwp%2Fv2%2Fcomments&post=12919"}],"version-history":[{"count":1,"href":"http:\/\/tvalaire.com\/index.php?rest_route=\/wp\/v2\/posts\/12919\/revisions"}],"predecessor-version":[{"id":12921,"href":"http:\/\/tvalaire.com\/index.php?rest_route=\/wp\/v2\/posts\/12919\/revisions\/12921"}],"wp:featuredmedia":[{"embeddable":true,"href":"http:\/\/tvalaire.com\/index.php?rest_route=\/wp\/v2\/media\/12920"}],"wp:attachment":[{"href":"http:\/\/tvalaire.com\/index.php?rest_route=%2Fwp%2Fv2%2Fmedia&parent=12919"}],"wp:term":[{"taxonomy":"category","embeddable":true,"href":"http:\/\/tvalaire.com\/index.php?rest_route=%2Fwp%2Fv2%2Fcategories&post=12919"},{"taxonomy":"post_tag","embeddable":true,"href":"http:\/\/tvalaire.com\/index.php?rest_route=%2Fwp%2Fv2%2Ftags&post=12919"}],"curies":[{"name":"wp","href":"https:\/\/api.w.org\/{rel}","templated":true}]}}