{"id":12889,"date":"2025-06-16T08:46:18","date_gmt":"2025-06-16T14:46:18","guid":{"rendered":"http:\/\/tvalaire.com\/?p=12889"},"modified":"2025-07-03T08:51:22","modified_gmt":"2025-07-03T14:51:22","slug":"concluyo-primera-edicion-de-expo-feria-la-piedad","status":"publish","type":"post","link":"http:\/\/tvalaire.com\/?p=12889","title":{"rendered":"CONCLUY\u00d3 PRIMERA EDICI\u00d3N DE EXPO FERIA LA PIEDAD"},"content":{"rendered":"\n<ul class=\"wp-block-list\">\n<li><strong>Destaca el civismo de los asistentes durante el evento<\/strong><\/li>\n\n\n\n<li><strong>Estiman m\u00e1s de 10 mil personas durante los tres d\u00edas de actividades<\/strong><\/li>\n<\/ul>\n\n\n\n<p>Durante tres d\u00edas, la poblaci\u00f3n de La Piedad y la regi\u00f3n pudieron disfrutar de la primera edici\u00f3n de La Expo Feria 2025 que las autoridades municipales encabezadas por el alcalde Samuel Hidalgo Gallardo, organizaron para el disfrute de las familias.<\/p>\n\n\n\n<p>Se estima que para este pasado fin de semana acudieron m\u00e1s de 10 mil personas a la unidad deportiva \u201cJ. Jes\u00fas Romero Flores\u201d de la colonia Vasco de Quiroga, lugar en el que se ofrecieron variedad de alternativas recreativas y diversi\u00f3n para chicos y grandes.<\/p>\n\n\n\n<p>De acuerdo con Noel Rinc\u00f3n S\u00e1nchez, titular de la Direcci\u00f3n de Promoci\u00f3n Econ\u00f3mica y Turismo, as\u00ed como organizador del evento, coment\u00f3 que m\u00e1s de 100 expositores de diferentes giros estuvieron ofreciendo sus productos y servicios durante los tres d\u00edas, obteniendo resultados favorables.<\/p>\n\n\n\n<p>Agreg\u00f3 el funcionario que \u201cCon la instrucci\u00f3n del alcalde, logramos gestionar la participaci\u00f3n de diferentes sectores econ\u00f3micos de la ciudad y la regi\u00f3n, como insumos, conferencias y talleres para agricultores y ganaderos, gastronom\u00eda, artesan\u00eda, deporte, entre otros que fueron pieza fundamental para este proyecto\u201d, se\u00f1al\u00f3 Rinc\u00f3n S\u00e1nchez.<\/p>\n\n\n\n<p>Cabe destacar que este tipo de eventos tienen como principal objetivo, colaborar con el comercio local, logrando de esta manera que se pueda reactivar la econom\u00eda de los diversos negocios del municipio.&nbsp;&nbsp;<\/p>\n\n\n\n<p>De igual manera el Gobierno Municipal, informa que durante los d\u00edas del evento no se report\u00f3 situaci\u00f3n alguna durante el desarrollo de la Expo Feria, por lo que reconoce en los asistentes el civismo mostrado en cada una de las actividades realizadas. &nbsp;<\/p>\n","protected":false},"excerpt":{"rendered":"<p>Durante tres d\u00edas, la poblaci\u00f3n de La Piedad y la regi\u00f3n pudieron disfrutar de la&#8230;<\/p>\n","protected":false},"author":1,"featured_media":12890,"comment_status":"open","ping_status":"open","sticky":false,"template":"","format":"standard","meta":{"jetpack_post_was_ever_published":false,"_jetpack_newsletter_access":"","_jetpack_dont_email_post_to_subs":false,"_jetpack_newsletter_tier_id":0,"_jetpack_memberships_contains_paywalled_content":false,"_jetpack_memberships_contains_paid_content":false,"footnotes":"","jetpack_publicize_message":"","jetpack_publicize_feature_enabled":true,"jetpack_social_post_already_shared":true,"jetpack_social_options":{"image_generator_settings":{"template":"highway","enabled":false},"version":2}},"categories":[1],"tags":[15,36],"class_list":["post-12889","post","type-post","status-publish","format-standard","has-post-thumbnail","hentry","category-la-piedad","tag-la-piedad","tag-principales"],"jetpack_publicize_connections":[],"jetpack_sharing_enabled":true,"featured_image_urls":{"full":["http:\/\/tvalaire.com\/wp-content\/uploads\/2025\/07\/506359075_703660689186466_4619740326638058634_n-980x652-1.jpg",980,652,false],"thumbnail":["http:\/\/tvalaire.com\/wp-content\/uploads\/2025\/07\/506359075_703660689186466_4619740326638058634_n-980x652-1-150x150.jpg",150,150,true],"medium":["http:\/\/tvalaire.com\/wp-content\/uploads\/2025\/07\/506359075_703660689186466_4619740326638058634_n-980x652-1-300x200.jpg",300,200,true],"medium_large":["http:\/\/tvalaire.com\/wp-content\/uploads\/2025\/07\/506359075_703660689186466_4619740326638058634_n-980x652-1-768x511.jpg",640,426,true],"large":["http:\/\/tvalaire.com\/wp-content\/uploads\/2025\/07\/506359075_703660689186466_4619740326638058634_n-980x652-1.jpg",640,426,false],"post-slider-thumb-size":["http:\/\/tvalaire.com\/wp-content\/uploads\/2025\/07\/506359075_703660689186466_4619740326638058634_n-980x652-1-330x190.jpg",330,190,true],"post-category-slider-size":["http:\/\/tvalaire.com\/wp-content\/uploads\/2025\/07\/506359075_703660689186466_4619740326638058634_n-980x652-1-330x350.jpg",330,350,true],"1536x1536":["http:\/\/tvalaire.com\/wp-content\/uploads\/2025\/07\/506359075_703660689186466_4619740326638058634_n-980x652-1.jpg",980,652,false],"2048x2048":["http:\/\/tvalaire.com\/wp-content\/uploads\/2025\/07\/506359075_703660689186466_4619740326638058634_n-980x652-1.jpg",980,652,false],"newsium-slider-full":["http:\/\/tvalaire.com\/wp-content\/uploads\/2025\/07\/506359075_703660689186466_4619740326638058634_n-980x652-1.jpg",980,652,false],"newsium-featured":["http:\/\/tvalaire.com\/wp-content\/uploads\/2025\/07\/506359075_703660689186466_4619740326638058634_n-980x652-1.jpg",980,652,false],"newsium-medium":["http:\/\/tvalaire.com\/wp-content\/uploads\/2025\/07\/506359075_703660689186466_4619740326638058634_n-980x652-1-720x475.jpg",720,475,true]},"author_info":{"info":["tvalairenoti"]},"category_info":"<a href=\"http:\/\/tvalaire.com\/?cat=1\" rel=\"category\">La Piedad<\/a>","tag_info":"La Piedad","comment_count":"0","jetpack_featured_media_url":"http:\/\/tvalaire.com\/wp-content\/uploads\/2025\/07\/506359075_703660689186466_4619740326638058634_n-980x652-1.jpg","_links":{"self":[{"href":"http:\/\/tvalaire.com\/index.php?rest_route=\/wp\/v2\/posts\/12889"}],"collection":[{"href":"http:\/\/tvalaire.com\/index.php?rest_route=\/wp\/v2\/posts"}],"about":[{"href":"http:\/\/tvalaire.com\/index.php?rest_route=\/wp\/v2\/types\/post"}],"author":[{"embeddable":true,"href":"http:\/\/tvalaire.com\/index.php?rest_route=\/wp\/v2\/users\/1"}],"replies":[{"embeddable":true,"href":"http:\/\/tvalaire.com\/index.php?rest_route=%2Fwp%2Fv2%2Fcomments&post=12889"}],"version-history":[{"count":1,"href":"http:\/\/tvalaire.com\/index.php?rest_route=\/wp\/v2\/posts\/12889\/revisions"}],"predecessor-version":[{"id":12891,"href":"http:\/\/tvalaire.com\/index.php?rest_route=\/wp\/v2\/posts\/12889\/revisions\/12891"}],"wp:featuredmedia":[{"embeddable":true,"href":"http:\/\/tvalaire.com\/index.php?rest_route=\/wp\/v2\/media\/12890"}],"wp:attachment":[{"href":"http:\/\/tvalaire.com\/index.php?rest_route=%2Fwp%2Fv2%2Fmedia&parent=12889"}],"wp:term":[{"taxonomy":"category","embeddable":true,"href":"http:\/\/tvalaire.com\/index.php?rest_route=%2Fwp%2Fv2%2Fcategories&post=12889"},{"taxonomy":"post_tag","embeddable":true,"href":"http:\/\/tvalaire.com\/index.php?rest_route=%2Fwp%2Fv2%2Ftags&post=12889"}],"curies":[{"name":"wp","href":"https:\/\/api.w.org\/{rel}","templated":true}]}}