{"id":12876,"date":"2025-06-27T08:40:27","date_gmt":"2025-06-27T14:40:27","guid":{"rendered":"http:\/\/tvalaire.com\/?p=12876"},"modified":"2025-07-03T08:42:25","modified_gmt":"2025-07-03T14:42:25","slug":"reconocen-el-trabajo-de-periodistas-del-municipio-de-la-piedad","status":"publish","type":"post","link":"http:\/\/tvalaire.com\/?p=12876","title":{"rendered":"RECONOCEN EL TRABAJO DE PERIODISTAS DEL MUNICIPIO DE LA PIEDAD"},"content":{"rendered":"\n<ul class=\"wp-block-list\">\n<li><strong>Guillermo L\u00f3pez Z\u00fa\u00f1iga, con m\u00e1s de 30 a\u00f1os en la profesi\u00f3n<\/strong><\/li>\n\n\n\n<li><strong>Videa Televisi\u00f3n tiene 22 a\u00f1os de informar a la poblaci\u00f3n<\/strong><\/li>\n<\/ul>\n\n\n\n<p>En el marco del D\u00eda Municipal del Periodista, autoridades del Gobierno de La Piedad, encabezadas por el alcalde Samuel Hidalgo Gallardo, realizaron acto protocolario para reconocer la labor de quienes se dedican a la labor de informar en la localidad y la regi\u00f3n.<\/p>\n\n\n\n<p>Para este a\u00f1o, de manera especial se hizo un reconocimiento a Guillermo L\u00f3pez Z\u00fa\u00f1iga, por su trayectoria de m\u00e1s de 30 a\u00f1os en el ejercicio del periodismo y la conducci\u00f3n de programas para televisi\u00f3n.<\/p>\n\n\n\n<p>Ah\u00ed mismo, el alcalde Hidalgo Gallardo, tambi\u00e9n galardon\u00f3 a Francisco Javier Camarena Luviano y a Gerardo Rafael Ortega Paredes, por los 22 a\u00f1os ininterrumpidos que a trav\u00e9s de Videa Televisi\u00f3n, han mantenido informada a la poblaci\u00f3n del municipio y la regi\u00f3n.<\/p>\n\n\n\n<p>Cabe mencionar que la celebraci\u00f3n del D\u00eda Municipal del Periodista, es en el marco de la conmemoraci\u00f3n del D\u00eda de la Libertad de Expresi\u00f3n que se tiene se\u00f1alada en el calendario como el 7 de junio.<\/p>\n\n\n\n<p>En su intervenci\u00f3n, el Presidente se\u00f1al\u00f3 \u201cSeguiremos siendo un Gobierno cercano, que respeta y valora el trabajo de los medios de comunicaci\u00f3n, porque entendemos que, informando bien, podemos avanzar mejor\u201d.&nbsp;<\/p>\n\n\n\n<figure class=\"wp-block-image size-full\"><img loading=\"lazy\" decoding=\"async\" width=\"600\" height=\"389\" src=\"http:\/\/tvalaire.com\/wp-content\/uploads\/2025\/07\/500766335_1125201166300927_7663352023273953247_n.jpg\" alt=\"\" class=\"wp-image-12878\" srcset=\"http:\/\/tvalaire.com\/wp-content\/uploads\/2025\/07\/500766335_1125201166300927_7663352023273953247_n.jpg 600w, http:\/\/tvalaire.com\/wp-content\/uploads\/2025\/07\/500766335_1125201166300927_7663352023273953247_n-300x195.jpg 300w\" sizes=\"(max-width: 600px) 100vw, 600px\" \/><\/figure>\n\n\n\n<figure class=\"wp-block-image size-full\"><img loading=\"lazy\" decoding=\"async\" width=\"597\" height=\"395\" src=\"http:\/\/tvalaire.com\/wp-content\/uploads\/2025\/07\/510182852_1125201162967594_3618191305905208279_n.jpg\" alt=\"\" class=\"wp-image-12879\" srcset=\"http:\/\/tvalaire.com\/wp-content\/uploads\/2025\/07\/510182852_1125201162967594_3618191305905208279_n.jpg 597w, http:\/\/tvalaire.com\/wp-content\/uploads\/2025\/07\/510182852_1125201162967594_3618191305905208279_n-300x198.jpg 300w\" sizes=\"(max-width: 597px) 100vw, 597px\" \/><\/figure>\n","protected":false},"excerpt":{"rendered":"<p>En el marco del D\u00eda Municipal del Periodista, autoridades del Gobierno de La Piedad, encabezadas&#8230;<\/p>\n","protected":false},"author":1,"featured_media":12877,"comment_status":"open","ping_status":"open","sticky":false,"template":"","format":"standard","meta":{"jetpack_post_was_ever_published":false,"_jetpack_newsletter_access":"","_jetpack_dont_email_post_to_subs":false,"_jetpack_newsletter_tier_id":0,"_jetpack_memberships_contains_paywalled_content":false,"_jetpack_memberships_contains_paid_content":false,"footnotes":"","jetpack_publicize_message":"","jetpack_publicize_feature_enabled":true,"jetpack_social_post_already_shared":true,"jetpack_social_options":{"image_generator_settings":{"template":"highway","enabled":false},"version":2}},"categories":[1],"tags":[15,36],"class_list":["post-12876","post","type-post","status-publish","format-standard","has-post-thumbnail","hentry","category-la-piedad","tag-la-piedad","tag-principales"],"jetpack_publicize_connections":[],"jetpack_sharing_enabled":true,"featured_image_urls":{"full":["http:\/\/tvalaire.com\/wp-content\/uploads\/2025\/07\/WhatsApp-Image-2025-06-27-at-3.09.03-PM-1-1080x675-1.jpeg",1080,675,false],"thumbnail":["http:\/\/tvalaire.com\/wp-content\/uploads\/2025\/07\/WhatsApp-Image-2025-06-27-at-3.09.03-PM-1-1080x675-1-150x150.jpeg",150,150,true],"medium":["http:\/\/tvalaire.com\/wp-content\/uploads\/2025\/07\/WhatsApp-Image-2025-06-27-at-3.09.03-PM-1-1080x675-1-300x188.jpeg",300,188,true],"medium_large":["http:\/\/tvalaire.com\/wp-content\/uploads\/2025\/07\/WhatsApp-Image-2025-06-27-at-3.09.03-PM-1-1080x675-1-768x480.jpeg",640,400,true],"large":["http:\/\/tvalaire.com\/wp-content\/uploads\/2025\/07\/WhatsApp-Image-2025-06-27-at-3.09.03-PM-1-1080x675-1-1024x640.jpeg",640,400,true],"post-slider-thumb-size":["http:\/\/tvalaire.com\/wp-content\/uploads\/2025\/07\/WhatsApp-Image-2025-06-27-at-3.09.03-PM-1-1080x675-1-330x190.jpeg",330,190,true],"post-category-slider-size":["http:\/\/tvalaire.com\/wp-content\/uploads\/2025\/07\/WhatsApp-Image-2025-06-27-at-3.09.03-PM-1-1080x675-1-330x350.jpeg",330,350,true],"1536x1536":["http:\/\/tvalaire.com\/wp-content\/uploads\/2025\/07\/WhatsApp-Image-2025-06-27-at-3.09.03-PM-1-1080x675-1.jpeg",1080,675,false],"2048x2048":["http:\/\/tvalaire.com\/wp-content\/uploads\/2025\/07\/WhatsApp-Image-2025-06-27-at-3.09.03-PM-1-1080x675-1.jpeg",1080,675,false],"newsium-slider-full":["http:\/\/tvalaire.com\/wp-content\/uploads\/2025\/07\/WhatsApp-Image-2025-06-27-at-3.09.03-PM-1-1080x675-1.jpeg",1080,675,false],"newsium-featured":["http:\/\/tvalaire.com\/wp-content\/uploads\/2025\/07\/WhatsApp-Image-2025-06-27-at-3.09.03-PM-1-1080x675-1-1024x640.jpeg",1024,640,true],"newsium-medium":["http:\/\/tvalaire.com\/wp-content\/uploads\/2025\/07\/WhatsApp-Image-2025-06-27-at-3.09.03-PM-1-1080x675-1-720x475.jpeg",720,475,true]},"author_info":{"info":["tvalairenoti"]},"category_info":"<a href=\"http:\/\/tvalaire.com\/?cat=1\" rel=\"category\">La Piedad<\/a>","tag_info":"La Piedad","comment_count":"0","jetpack_featured_media_url":"http:\/\/tvalaire.com\/wp-content\/uploads\/2025\/07\/WhatsApp-Image-2025-06-27-at-3.09.03-PM-1-1080x675-1.jpeg","_links":{"self":[{"href":"http:\/\/tvalaire.com\/index.php?rest_route=\/wp\/v2\/posts\/12876"}],"collection":[{"href":"http:\/\/tvalaire.com\/index.php?rest_route=\/wp\/v2\/posts"}],"about":[{"href":"http:\/\/tvalaire.com\/index.php?rest_route=\/wp\/v2\/types\/post"}],"author":[{"embeddable":true,"href":"http:\/\/tvalaire.com\/index.php?rest_route=\/wp\/v2\/users\/1"}],"replies":[{"embeddable":true,"href":"http:\/\/tvalaire.com\/index.php?rest_route=%2Fwp%2Fv2%2Fcomments&post=12876"}],"version-history":[{"count":1,"href":"http:\/\/tvalaire.com\/index.php?rest_route=\/wp\/v2\/posts\/12876\/revisions"}],"predecessor-version":[{"id":12880,"href":"http:\/\/tvalaire.com\/index.php?rest_route=\/wp\/v2\/posts\/12876\/revisions\/12880"}],"wp:featuredmedia":[{"embeddable":true,"href":"http:\/\/tvalaire.com\/index.php?rest_route=\/wp\/v2\/media\/12877"}],"wp:attachment":[{"href":"http:\/\/tvalaire.com\/index.php?rest_route=%2Fwp%2Fv2%2Fmedia&parent=12876"}],"wp:term":[{"taxonomy":"category","embeddable":true,"href":"http:\/\/tvalaire.com\/index.php?rest_route=%2Fwp%2Fv2%2Fcategories&post=12876"},{"taxonomy":"post_tag","embeddable":true,"href":"http:\/\/tvalaire.com\/index.php?rest_route=%2Fwp%2Fv2%2Ftags&post=12876"}],"curies":[{"name":"wp","href":"https:\/\/api.w.org\/{rel}","templated":true}]}}