{"id":12844,"date":"2025-05-05T15:52:13","date_gmt":"2025-05-05T21:52:13","guid":{"rendered":"http:\/\/tvalaire.com\/?p=12844"},"modified":"2025-06-03T15:53:34","modified_gmt":"2025-06-03T21:53:34","slug":"invita-gobierno-de-la-piedad-a-jornada-de-salud-para-adultos-mayores","status":"publish","type":"post","link":"http:\/\/tvalaire.com\/?p=12844","title":{"rendered":"INVITA GOBIERNO DE LA PIEDAD A JORNADA DE SALUD PARA ADULTOS MAYORES"},"content":{"rendered":"\n<ul class=\"wp-block-list\">\n<li><strong>Mi\u00e9rcoles 07 a partir de las 09:00 de la ma\u00f1ana en el Sistema DIF<\/strong><\/li>\n\n\n\n<li><strong>Habr\u00e1 vacunas y ant\u00edgeno prost\u00e1tico \u00a0<\/strong><\/li>\n<\/ul>\n\n\n\n<p>Con el objetivo de ofrecer y acercar servicios m\u00e9dicos a la poblaci\u00f3n, el Gobierno Municipal de La Piedad, por medio del Sistema para el Desarrollo Integral de la Familia (DIF) y en colaboraci\u00f3n con el ISSSTE, invita a la Jornada de Salud para el adulto mayor. &nbsp;<\/p>\n\n\n\n<p>De acuerdo a lo se\u00f1alado por la titular de la dependencia de asistencia social en la ciudad, Mar\u00eda Madrigal Barajas, la actividad se tiene contemplada para el pr\u00f3ximo mi\u00e9rcoles 07 de mayo a partir de las 09:00 de la ma\u00f1ana y hasta el mediod\u00eda, en las instalaciones del Sistema DIF.<\/p>\n\n\n\n<p>Durante la Jornada, se tiene contemplada la aplicaci\u00f3n de vacunas, toma de ant\u00edgeno prost\u00e1tico, para hombres de los 40 a\u00f1os en adelante, como requisito deben presentar Credencial de Elector.<\/p>\n\n\n\n<p>La funcionaria tambi\u00e9n coment\u00f3 que se estar\u00e1 suministrando biol\u00f3gico para la tosferina y contra el neumococo, as\u00ed como la valoraci\u00f3n de glucometr\u00eda. Las acciones son sin costo alguno para la poblaci\u00f3n. &nbsp;<\/p>\n\n\n\n<p>Agreg\u00f3 Madrigal Barajas que, para estas vacunas, pueden asistir los adultos mayores de 60 a\u00f1os preferentemente y de ambos sexos, Es importante que acudan con su Cartilla de Vacunaci\u00f3n.<\/p>\n","protected":false},"excerpt":{"rendered":"<p>Con el objetivo de ofrecer y acercar servicios m\u00e9dicos a la poblaci\u00f3n, el Gobierno Municipal&#8230;<\/p>\n","protected":false},"author":1,"featured_media":12845,"comment_status":"open","ping_status":"open","sticky":false,"template":"","format":"standard","meta":{"jetpack_post_was_ever_published":false,"_jetpack_newsletter_access":"","_jetpack_dont_email_post_to_subs":false,"_jetpack_newsletter_tier_id":0,"_jetpack_memberships_contains_paywalled_content":false,"_jetpack_memberships_contains_paid_content":false,"footnotes":"","jetpack_publicize_message":"","jetpack_publicize_feature_enabled":true,"jetpack_social_post_already_shared":true,"jetpack_social_options":{"image_generator_settings":{"template":"highway","enabled":false},"version":2}},"categories":[1],"tags":[15,36],"class_list":["post-12844","post","type-post","status-publish","format-standard","has-post-thumbnail","hentry","category-la-piedad","tag-la-piedad","tag-principales"],"jetpack_publicize_connections":[],"jetpack_sharing_enabled":true,"featured_image_urls":{"full":["http:\/\/tvalaire.com\/wp-content\/uploads\/2025\/06\/jornada-de-salud-ADULTOS-MAYORES-980x980-1.jpg",980,980,false],"thumbnail":["http:\/\/tvalaire.com\/wp-content\/uploads\/2025\/06\/jornada-de-salud-ADULTOS-MAYORES-980x980-1-150x150.jpg",150,150,true],"medium":["http:\/\/tvalaire.com\/wp-content\/uploads\/2025\/06\/jornada-de-salud-ADULTOS-MAYORES-980x980-1-300x300.jpg",300,300,true],"medium_large":["http:\/\/tvalaire.com\/wp-content\/uploads\/2025\/06\/jornada-de-salud-ADULTOS-MAYORES-980x980-1-768x768.jpg",640,640,true],"large":["http:\/\/tvalaire.com\/wp-content\/uploads\/2025\/06\/jornada-de-salud-ADULTOS-MAYORES-980x980-1.jpg",640,640,false],"post-slider-thumb-size":["http:\/\/tvalaire.com\/wp-content\/uploads\/2025\/06\/jornada-de-salud-ADULTOS-MAYORES-980x980-1-330x190.jpg",330,190,true],"post-category-slider-size":["http:\/\/tvalaire.com\/wp-content\/uploads\/2025\/06\/jornada-de-salud-ADULTOS-MAYORES-980x980-1-330x350.jpg",330,350,true],"1536x1536":["http:\/\/tvalaire.com\/wp-content\/uploads\/2025\/06\/jornada-de-salud-ADULTOS-MAYORES-980x980-1.jpg",980,980,false],"2048x2048":["http:\/\/tvalaire.com\/wp-content\/uploads\/2025\/06\/jornada-de-salud-ADULTOS-MAYORES-980x980-1.jpg",980,980,false],"newsium-slider-full":["http:\/\/tvalaire.com\/wp-content\/uploads\/2025\/06\/jornada-de-salud-ADULTOS-MAYORES-980x980-1-980x845.jpg",980,845,true],"newsium-featured":["http:\/\/tvalaire.com\/wp-content\/uploads\/2025\/06\/jornada-de-salud-ADULTOS-MAYORES-980x980-1.jpg",980,980,false],"newsium-medium":["http:\/\/tvalaire.com\/wp-content\/uploads\/2025\/06\/jornada-de-salud-ADULTOS-MAYORES-980x980-1-720x475.jpg",720,475,true]},"author_info":{"info":["tvalairenoti"]},"category_info":"<a href=\"http:\/\/tvalaire.com\/?cat=1\" rel=\"category\">La Piedad<\/a>","tag_info":"La Piedad","comment_count":"0","jetpack_featured_media_url":"http:\/\/tvalaire.com\/wp-content\/uploads\/2025\/06\/jornada-de-salud-ADULTOS-MAYORES-980x980-1.jpg","_links":{"self":[{"href":"http:\/\/tvalaire.com\/index.php?rest_route=\/wp\/v2\/posts\/12844"}],"collection":[{"href":"http:\/\/tvalaire.com\/index.php?rest_route=\/wp\/v2\/posts"}],"about":[{"href":"http:\/\/tvalaire.com\/index.php?rest_route=\/wp\/v2\/types\/post"}],"author":[{"embeddable":true,"href":"http:\/\/tvalaire.com\/index.php?rest_route=\/wp\/v2\/users\/1"}],"replies":[{"embeddable":true,"href":"http:\/\/tvalaire.com\/index.php?rest_route=%2Fwp%2Fv2%2Fcomments&post=12844"}],"version-history":[{"count":1,"href":"http:\/\/tvalaire.com\/index.php?rest_route=\/wp\/v2\/posts\/12844\/revisions"}],"predecessor-version":[{"id":12846,"href":"http:\/\/tvalaire.com\/index.php?rest_route=\/wp\/v2\/posts\/12844\/revisions\/12846"}],"wp:featuredmedia":[{"embeddable":true,"href":"http:\/\/tvalaire.com\/index.php?rest_route=\/wp\/v2\/media\/12845"}],"wp:attachment":[{"href":"http:\/\/tvalaire.com\/index.php?rest_route=%2Fwp%2Fv2%2Fmedia&parent=12844"}],"wp:term":[{"taxonomy":"category","embeddable":true,"href":"http:\/\/tvalaire.com\/index.php?rest_route=%2Fwp%2Fv2%2Fcategories&post=12844"},{"taxonomy":"post_tag","embeddable":true,"href":"http:\/\/tvalaire.com\/index.php?rest_route=%2Fwp%2Fv2%2Ftags&post=12844"}],"curies":[{"name":"wp","href":"https:\/\/api.w.org\/{rel}","templated":true}]}}