{"id":12838,"date":"2025-05-07T15:50:18","date_gmt":"2025-05-07T21:50:18","guid":{"rendered":"http:\/\/tvalaire.com\/?p=12838"},"modified":"2025-06-03T15:52:00","modified_gmt":"2025-06-03T21:52:00","slug":"autoridades-de-la-piedad-entregan-subsidios-para-el-autoempleo","status":"publish","type":"post","link":"http:\/\/tvalaire.com\/?p=12838","title":{"rendered":"AUTORIDADES DE LA PIEDAD ENTREGAN SUBSIDIOS PARA EL AUTOEMPLEO"},"content":{"rendered":"\n<ul class=\"wp-block-list\">\n<li><strong>Piedadenses de San Crist\u00f3bal y Zaragoza favorecidos con el programa<\/strong><\/li>\n\n\n\n<li><strong>Activar\u00e1n taller de panader\u00eda y de medicina alternativa<\/strong><\/li>\n<\/ul>\n\n\n\n<p>A trav\u00e9s del Sistema para el Desarrollo Integral de la Familia (DIF) el Gobierno Municipal de La Piedad, a cargo del presidente Samuel Hidalgo Gallardo, en colaboraci\u00f3n con el DIF Estatal, visitaron la comunidad de San Crist\u00f3bal, para hacer entrega de art\u00edculos del programa de salud y bienestar.<\/p>\n\n\n\n<p>Las actividades contribuir\u00e1n al beneficio de m\u00e1s de 36 familias de la zona rural mencionada, quienes con las herramientas entregadas podr\u00e1n habilitar un taller de panader\u00eda.<\/p>\n\n\n\n<p>Aunado a estas acciones las autoridades tambi\u00e9n estuvieron en la poblaci\u00f3n de Zaragoza, para de manera formal hacer la entrega de los insumos con los que se pondr\u00e1 en marcha el taller de medicina alternativa en ese lugar.<\/p>\n\n\n\n<p>En cada uno de los lugares el alcalde Samuel Hidalgo, destac\u00f3 la importancia de este tipo de proyectos que tienen como principal objetivo promover un autoempleo que ayude a la econom\u00eda de las familias participantes.<\/p>\n\n\n\n<p>Destac\u00f3 el Alcalde la participaci\u00f3n de los piedadenses que mostraron inter\u00e9s en estos subsidios y subray\u00f3 que de la mano con la sociedad y gobierno se pueden hacer grandes beneficios colectivos.<\/p>\n\n\n\n<p>Es de mencionar que para ambos talleres se estar\u00e1n ofreciendo los respectivos cursos para preparar a los participantes. Para el aprendizaje de panader\u00eda y medicina alternativa la instrucci\u00f3n iniciar\u00e1 el lunes 12 y sin costo alguno para los integrantes de cada uno de los programas.&nbsp;<\/p>\n\n\n\n<figure class=\"wp-block-image size-full\"><img loading=\"lazy\" decoding=\"async\" width=\"600\" height=\"385\" src=\"http:\/\/tvalaire.com\/wp-content\/uploads\/2025\/06\/494475689_1087403036747407_7171806776639930979_n.jpg\" alt=\"\" class=\"wp-image-12840\" srcset=\"http:\/\/tvalaire.com\/wp-content\/uploads\/2025\/06\/494475689_1087403036747407_7171806776639930979_n.jpg 600w, http:\/\/tvalaire.com\/wp-content\/uploads\/2025\/06\/494475689_1087403036747407_7171806776639930979_n-300x193.jpg 300w\" sizes=\"(max-width: 600px) 100vw, 600px\" \/><\/figure>\n\n\n\n<figure class=\"wp-block-image size-full\"><img loading=\"lazy\" decoding=\"async\" width=\"600\" height=\"436\" src=\"http:\/\/tvalaire.com\/wp-content\/uploads\/2025\/06\/496064011_1087403083414069_8457521628745847557_n.jpg\" alt=\"\" class=\"wp-image-12841\" srcset=\"http:\/\/tvalaire.com\/wp-content\/uploads\/2025\/06\/496064011_1087403083414069_8457521628745847557_n.jpg 600w, http:\/\/tvalaire.com\/wp-content\/uploads\/2025\/06\/496064011_1087403083414069_8457521628745847557_n-300x218.jpg 300w\" sizes=\"(max-width: 600px) 100vw, 600px\" \/><\/figure>\n\n\n\n<figure class=\"wp-block-image size-full\"><img loading=\"lazy\" decoding=\"async\" width=\"593\" height=\"395\" src=\"http:\/\/tvalaire.com\/wp-content\/uploads\/2025\/06\/494673737_1087403170080727_793031465308243188_n.jpg\" alt=\"\" class=\"wp-image-12842\" srcset=\"http:\/\/tvalaire.com\/wp-content\/uploads\/2025\/06\/494673737_1087403170080727_793031465308243188_n.jpg 593w, http:\/\/tvalaire.com\/wp-content\/uploads\/2025\/06\/494673737_1087403170080727_793031465308243188_n-300x200.jpg 300w\" sizes=\"(max-width: 593px) 100vw, 593px\" \/><\/figure>\n","protected":false},"excerpt":{"rendered":"<p>A trav\u00e9s del Sistema para el Desarrollo Integral de la Familia (DIF) el Gobierno Municipal&#8230;<\/p>\n","protected":false},"author":1,"featured_media":12839,"comment_status":"open","ping_status":"open","sticky":false,"template":"","format":"standard","meta":{"jetpack_post_was_ever_published":false,"_jetpack_newsletter_access":"","_jetpack_dont_email_post_to_subs":false,"_jetpack_newsletter_tier_id":0,"_jetpack_memberships_contains_paywalled_content":false,"_jetpack_memberships_contains_paid_content":false,"footnotes":"","jetpack_publicize_message":"","jetpack_publicize_feature_enabled":true,"jetpack_social_post_already_shared":true,"jetpack_social_options":{"image_generator_settings":{"template":"highway","enabled":false},"version":2}},"categories":[1],"tags":[15,36],"class_list":["post-12838","post","type-post","status-publish","format-standard","has-post-thumbnail","hentry","category-la-piedad","tag-la-piedad","tag-principales"],"jetpack_publicize_connections":[],"jetpack_sharing_enabled":true,"featured_image_urls":{"full":["http:\/\/tvalaire.com\/wp-content\/uploads\/2025\/06\/WhatsApp-Image-2025-05-06-at-2.38.16-PM-1-1080x675-1.jpeg",1080,675,false],"thumbnail":["http:\/\/tvalaire.com\/wp-content\/uploads\/2025\/06\/WhatsApp-Image-2025-05-06-at-2.38.16-PM-1-1080x675-1-150x150.jpeg",150,150,true],"medium":["http:\/\/tvalaire.com\/wp-content\/uploads\/2025\/06\/WhatsApp-Image-2025-05-06-at-2.38.16-PM-1-1080x675-1-300x188.jpeg",300,188,true],"medium_large":["http:\/\/tvalaire.com\/wp-content\/uploads\/2025\/06\/WhatsApp-Image-2025-05-06-at-2.38.16-PM-1-1080x675-1-768x480.jpeg",640,400,true],"large":["http:\/\/tvalaire.com\/wp-content\/uploads\/2025\/06\/WhatsApp-Image-2025-05-06-at-2.38.16-PM-1-1080x675-1-1024x640.jpeg",640,400,true],"post-slider-thumb-size":["http:\/\/tvalaire.com\/wp-content\/uploads\/2025\/06\/WhatsApp-Image-2025-05-06-at-2.38.16-PM-1-1080x675-1-330x190.jpeg",330,190,true],"post-category-slider-size":["http:\/\/tvalaire.com\/wp-content\/uploads\/2025\/06\/WhatsApp-Image-2025-05-06-at-2.38.16-PM-1-1080x675-1-330x350.jpeg",330,350,true],"1536x1536":["http:\/\/tvalaire.com\/wp-content\/uploads\/2025\/06\/WhatsApp-Image-2025-05-06-at-2.38.16-PM-1-1080x675-1.jpeg",1080,675,false],"2048x2048":["http:\/\/tvalaire.com\/wp-content\/uploads\/2025\/06\/WhatsApp-Image-2025-05-06-at-2.38.16-PM-1-1080x675-1.jpeg",1080,675,false],"newsium-slider-full":["http:\/\/tvalaire.com\/wp-content\/uploads\/2025\/06\/WhatsApp-Image-2025-05-06-at-2.38.16-PM-1-1080x675-1.jpeg",1080,675,false],"newsium-featured":["http:\/\/tvalaire.com\/wp-content\/uploads\/2025\/06\/WhatsApp-Image-2025-05-06-at-2.38.16-PM-1-1080x675-1-1024x640.jpeg",1024,640,true],"newsium-medium":["http:\/\/tvalaire.com\/wp-content\/uploads\/2025\/06\/WhatsApp-Image-2025-05-06-at-2.38.16-PM-1-1080x675-1-720x475.jpeg",720,475,true]},"author_info":{"info":["tvalairenoti"]},"category_info":"<a href=\"http:\/\/tvalaire.com\/?cat=1\" rel=\"category\">La Piedad<\/a>","tag_info":"La Piedad","comment_count":"0","jetpack_featured_media_url":"http:\/\/tvalaire.com\/wp-content\/uploads\/2025\/06\/WhatsApp-Image-2025-05-06-at-2.38.16-PM-1-1080x675-1.jpeg","_links":{"self":[{"href":"http:\/\/tvalaire.com\/index.php?rest_route=\/wp\/v2\/posts\/12838"}],"collection":[{"href":"http:\/\/tvalaire.com\/index.php?rest_route=\/wp\/v2\/posts"}],"about":[{"href":"http:\/\/tvalaire.com\/index.php?rest_route=\/wp\/v2\/types\/post"}],"author":[{"embeddable":true,"href":"http:\/\/tvalaire.com\/index.php?rest_route=\/wp\/v2\/users\/1"}],"replies":[{"embeddable":true,"href":"http:\/\/tvalaire.com\/index.php?rest_route=%2Fwp%2Fv2%2Fcomments&post=12838"}],"version-history":[{"count":1,"href":"http:\/\/tvalaire.com\/index.php?rest_route=\/wp\/v2\/posts\/12838\/revisions"}],"predecessor-version":[{"id":12843,"href":"http:\/\/tvalaire.com\/index.php?rest_route=\/wp\/v2\/posts\/12838\/revisions\/12843"}],"wp:featuredmedia":[{"embeddable":true,"href":"http:\/\/tvalaire.com\/index.php?rest_route=\/wp\/v2\/media\/12839"}],"wp:attachment":[{"href":"http:\/\/tvalaire.com\/index.php?rest_route=%2Fwp%2Fv2%2Fmedia&parent=12838"}],"wp:term":[{"taxonomy":"category","embeddable":true,"href":"http:\/\/tvalaire.com\/index.php?rest_route=%2Fwp%2Fv2%2Fcategories&post=12838"},{"taxonomy":"post_tag","embeddable":true,"href":"http:\/\/tvalaire.com\/index.php?rest_route=%2Fwp%2Fv2%2Ftags&post=12838"}],"curies":[{"name":"wp","href":"https:\/\/api.w.org\/{rel}","templated":true}]}}