{"id":12832,"date":"2025-05-07T15:47:49","date_gmt":"2025-05-07T21:47:49","guid":{"rendered":"http:\/\/tvalaire.com\/?p=12832"},"modified":"2025-06-03T15:50:05","modified_gmt":"2025-06-03T21:50:05","slug":"primera-expo-feria-la-piedad-2025-en-el-mes-de-junio","status":"publish","type":"post","link":"http:\/\/tvalaire.com\/?p=12832","title":{"rendered":"PRIMERA EXPO FERIA LA PIEDAD 2025 EN EL MES DE JUNIO"},"content":{"rendered":"\n<ul class=\"wp-block-list\">\n<li><strong>Se presentar\u00e1 por primera vez en La Piedad, Pancho Barraza<\/strong><\/li>\n\n\n\n<li><strong>\u00a013, 14 y 15 de junio en la Unidad de la colonia Vasco de Quiroga<\/strong><\/li>\n<\/ul>\n\n\n\n<p>Autoridades municipales de La Piedad, a cargo del alcalde Samuel Hidalgo Gallardo, se dieron cita en el patio central de la Escuela de Artes, a fin de dar a conocer la \u201cExpo Feria La Piedad 2005\u201d que se llevar\u00e1 a cabo en el pr\u00f3ximo mes de junio.<\/p>\n\n\n\n<p>A trav\u00e9s de la Direcci\u00f3n de Promoci\u00f3n Econ\u00f3mica y Turismo, el titular de la dependencia Noel Rinc\u00f3n S\u00e1nchez, durante su intervenci\u00f3n, se\u00f1al\u00f3 que se trata de un evento de importancia con el que se busca promover varias de las actividades econ\u00f3micas que se tienen en el municipio.<\/p>\n\n\n\n<p>El funcionario destac\u00f3 que la actividad se tiene programada para los d\u00edas 13, 14 y 15 del mes de junio en las instalaciones de la unidad deportiva \u201cJ. Jes\u00fas Romero Flores\u201d, en la colonia Vasco de Quiroga.<\/p>\n\n\n\n<p>Al mismo tiempo, Rinc\u00f3n S\u00e1nchez, destac\u00f3 que ser\u00e1n cinco los pabellones los que se habilitar\u00e1n, y en cada uno de ellos se ofrecer\u00e1n diversidad de propuestas para los asistentes.<\/p>\n\n\n\n<p>Pabell\u00f3n agropecuario, comercial, gastron\u00f3mico, artesanal e infantil, son los que se tienen previstos habilitar para el disfrute de la poblaci\u00f3n que acuda al lugar en compa\u00f1\u00eda de familiares y amigos. &nbsp;<\/p>\n\n\n\n<p>Por su parte, el alcalde Samuel Hidalgo, subray\u00f3 que con esta actividad el principal objetivo, es seguir contribuyendo con el sector comercial del municipio y la regi\u00f3n, pues la idea es impulsar los diferentes sectores productivos y al mismo tiempo se reactive la econom\u00eda.<\/p>\n\n\n\n<p>Ah\u00ed mismo el Presidente se encarg\u00f3 de dar a conocer que como artista estelar para el d\u00eda 14 de junio, se presentar\u00e1 el conocido cantante de m\u00fasica regional mexicana \u201cPancho Barraza\u201d.<\/p>\n\n\n\n<figure class=\"wp-block-image size-full\"><img loading=\"lazy\" decoding=\"async\" width=\"450\" height=\"600\" src=\"http:\/\/tvalaire.com\/wp-content\/uploads\/2025\/06\/495951388_1087497570071287_4913062680489827399_n.jpg\" alt=\"\" class=\"wp-image-12834\" srcset=\"http:\/\/tvalaire.com\/wp-content\/uploads\/2025\/06\/495951388_1087497570071287_4913062680489827399_n.jpg 450w, http:\/\/tvalaire.com\/wp-content\/uploads\/2025\/06\/495951388_1087497570071287_4913062680489827399_n-225x300.jpg 225w\" sizes=\"(max-width: 450px) 100vw, 450px\" \/><\/figure>\n\n\n\n<figure class=\"wp-block-image size-full\"><img loading=\"lazy\" decoding=\"async\" width=\"466\" height=\"600\" src=\"http:\/\/tvalaire.com\/wp-content\/uploads\/2025\/06\/495198327_1087497613404616_4752359573614280194_n.jpg\" alt=\"\" class=\"wp-image-12835\" srcset=\"http:\/\/tvalaire.com\/wp-content\/uploads\/2025\/06\/495198327_1087497613404616_4752359573614280194_n.jpg 466w, http:\/\/tvalaire.com\/wp-content\/uploads\/2025\/06\/495198327_1087497613404616_4752359573614280194_n-233x300.jpg 233w\" sizes=\"(max-width: 466px) 100vw, 466px\" \/><\/figure>\n\n\n\n<figure class=\"wp-block-image size-full\"><img loading=\"lazy\" decoding=\"async\" width=\"450\" height=\"600\" src=\"http:\/\/tvalaire.com\/wp-content\/uploads\/2025\/06\/495367538_1087497640071280_7094523810857908789_n.jpg\" alt=\"\" class=\"wp-image-12836\" srcset=\"http:\/\/tvalaire.com\/wp-content\/uploads\/2025\/06\/495367538_1087497640071280_7094523810857908789_n.jpg 450w, http:\/\/tvalaire.com\/wp-content\/uploads\/2025\/06\/495367538_1087497640071280_7094523810857908789_n-225x300.jpg 225w\" sizes=\"(max-width: 450px) 100vw, 450px\" \/><\/figure>\n","protected":false},"excerpt":{"rendered":"<p>Autoridades municipales de La Piedad, a cargo del alcalde Samuel Hidalgo Gallardo, se dieron cita&#8230;<\/p>\n","protected":false},"author":1,"featured_media":12833,"comment_status":"open","ping_status":"open","sticky":false,"template":"","format":"standard","meta":{"jetpack_post_was_ever_published":false,"_jetpack_newsletter_access":"","_jetpack_dont_email_post_to_subs":false,"_jetpack_newsletter_tier_id":0,"_jetpack_memberships_contains_paywalled_content":false,"_jetpack_memberships_contains_paid_content":false,"footnotes":"","jetpack_publicize_message":"","jetpack_publicize_feature_enabled":true,"jetpack_social_post_already_shared":true,"jetpack_social_options":{"image_generator_settings":{"template":"highway","enabled":false},"version":2}},"categories":[1],"tags":[15,36],"class_list":["post-12832","post","type-post","status-publish","format-standard","has-post-thumbnail","hentry","category-la-piedad","tag-la-piedad","tag-principales"],"jetpack_publicize_connections":[],"jetpack_sharing_enabled":true,"featured_image_urls":{"full":["http:\/\/tvalaire.com\/wp-content\/uploads\/2025\/06\/WhatsApp-Image-2025-05-08-at-5.39.43-AM-1080x675-1.jpeg",1080,675,false],"thumbnail":["http:\/\/tvalaire.com\/wp-content\/uploads\/2025\/06\/WhatsApp-Image-2025-05-08-at-5.39.43-AM-1080x675-1-150x150.jpeg",150,150,true],"medium":["http:\/\/tvalaire.com\/wp-content\/uploads\/2025\/06\/WhatsApp-Image-2025-05-08-at-5.39.43-AM-1080x675-1-300x188.jpeg",300,188,true],"medium_large":["http:\/\/tvalaire.com\/wp-content\/uploads\/2025\/06\/WhatsApp-Image-2025-05-08-at-5.39.43-AM-1080x675-1-768x480.jpeg",640,400,true],"large":["http:\/\/tvalaire.com\/wp-content\/uploads\/2025\/06\/WhatsApp-Image-2025-05-08-at-5.39.43-AM-1080x675-1-1024x640.jpeg",640,400,true],"post-slider-thumb-size":["http:\/\/tvalaire.com\/wp-content\/uploads\/2025\/06\/WhatsApp-Image-2025-05-08-at-5.39.43-AM-1080x675-1-330x190.jpeg",330,190,true],"post-category-slider-size":["http:\/\/tvalaire.com\/wp-content\/uploads\/2025\/06\/WhatsApp-Image-2025-05-08-at-5.39.43-AM-1080x675-1-330x350.jpeg",330,350,true],"1536x1536":["http:\/\/tvalaire.com\/wp-content\/uploads\/2025\/06\/WhatsApp-Image-2025-05-08-at-5.39.43-AM-1080x675-1.jpeg",1080,675,false],"2048x2048":["http:\/\/tvalaire.com\/wp-content\/uploads\/2025\/06\/WhatsApp-Image-2025-05-08-at-5.39.43-AM-1080x675-1.jpeg",1080,675,false],"newsium-slider-full":["http:\/\/tvalaire.com\/wp-content\/uploads\/2025\/06\/WhatsApp-Image-2025-05-08-at-5.39.43-AM-1080x675-1.jpeg",1080,675,false],"newsium-featured":["http:\/\/tvalaire.com\/wp-content\/uploads\/2025\/06\/WhatsApp-Image-2025-05-08-at-5.39.43-AM-1080x675-1-1024x640.jpeg",1024,640,true],"newsium-medium":["http:\/\/tvalaire.com\/wp-content\/uploads\/2025\/06\/WhatsApp-Image-2025-05-08-at-5.39.43-AM-1080x675-1-720x475.jpeg",720,475,true]},"author_info":{"info":["tvalairenoti"]},"category_info":"<a href=\"http:\/\/tvalaire.com\/?cat=1\" rel=\"category\">La Piedad<\/a>","tag_info":"La Piedad","comment_count":"0","jetpack_featured_media_url":"http:\/\/tvalaire.com\/wp-content\/uploads\/2025\/06\/WhatsApp-Image-2025-05-08-at-5.39.43-AM-1080x675-1.jpeg","_links":{"self":[{"href":"http:\/\/tvalaire.com\/index.php?rest_route=\/wp\/v2\/posts\/12832"}],"collection":[{"href":"http:\/\/tvalaire.com\/index.php?rest_route=\/wp\/v2\/posts"}],"about":[{"href":"http:\/\/tvalaire.com\/index.php?rest_route=\/wp\/v2\/types\/post"}],"author":[{"embeddable":true,"href":"http:\/\/tvalaire.com\/index.php?rest_route=\/wp\/v2\/users\/1"}],"replies":[{"embeddable":true,"href":"http:\/\/tvalaire.com\/index.php?rest_route=%2Fwp%2Fv2%2Fcomments&post=12832"}],"version-history":[{"count":1,"href":"http:\/\/tvalaire.com\/index.php?rest_route=\/wp\/v2\/posts\/12832\/revisions"}],"predecessor-version":[{"id":12837,"href":"http:\/\/tvalaire.com\/index.php?rest_route=\/wp\/v2\/posts\/12832\/revisions\/12837"}],"wp:featuredmedia":[{"embeddable":true,"href":"http:\/\/tvalaire.com\/index.php?rest_route=\/wp\/v2\/media\/12833"}],"wp:attachment":[{"href":"http:\/\/tvalaire.com\/index.php?rest_route=%2Fwp%2Fv2%2Fmedia&parent=12832"}],"wp:term":[{"taxonomy":"category","embeddable":true,"href":"http:\/\/tvalaire.com\/index.php?rest_route=%2Fwp%2Fv2%2Fcategories&post=12832"},{"taxonomy":"post_tag","embeddable":true,"href":"http:\/\/tvalaire.com\/index.php?rest_route=%2Fwp%2Fv2%2Ftags&post=12832"}],"curies":[{"name":"wp","href":"https:\/\/api.w.org\/{rel}","templated":true}]}}