{"id":12820,"date":"2025-05-09T15:40:17","date_gmt":"2025-05-09T21:40:17","guid":{"rendered":"http:\/\/tvalaire.com\/?p=12820"},"modified":"2025-06-03T15:43:35","modified_gmt":"2025-06-03T21:43:35","slug":"realizan-en-la-piedad-la-jornada-regional-de-la-mujer","status":"publish","type":"post","link":"http:\/\/tvalaire.com\/?p=12820","title":{"rendered":"REALIZAN EN LA PIEDAD LA JORNADA REGIONAL DE LA MUJER"},"content":{"rendered":"\n<p>Gobierno del Estado reconoce labor del Instituto Municipal de la Mujer de La Piedad<\/p>\n\n\n\n<p>\u25cf Realizan la primera edici\u00f3n de la \u201cMercadita de la Mujer\u201d<\/p>\n\n\n\n<p>El Gobierno Municipal de La Piedad, en conjunto con la Secretar\u00eda de Igualdad Sustantiva y Desarrollo de las Mujeres en Michoacanas (Seimujer) y a trav\u00e9s del Instituto Municipal de la Mujer (IMM) Piedadense, llev\u00f3 a cabo la primer Jornada Regional de la Mujer, donde participaron diversos municipios, entre ellos: Penjamillo, Tanhuato y Cotija.<\/p>\n\n\n\n<p>Por su parte, se cont\u00f3 con la colaboraci\u00f3n de Alejandra Anguiano Gonz\u00e1lez, Secretaria de Seimujer, quienes impartieron una ponencia sobre la \u201cDesmitificaci\u00f3n del Amor Rom\u00e1ntico\u201d, donde participaron estudiantes de la Secundaria T\u00e9cnica No. 20 as\u00ed como de la Preparatoria M\u00e1rtires de la Reforma, mismos que agradecieron conocer m\u00e1s a fondo sobre el tema en cuesti\u00f3n.<\/p>\n\n\n\n<p>Adem\u00e1s, F\u00e1tima Guzm\u00e1n, directora del IMM, agradeci\u00f3 el poder contar con el respaldo del Gobierno Municipal, as\u00ed como el trabajo en conjunto con Secretar\u00eda Estatal ya que estos espacios permiten impulsar el desarrollo de todas.<\/p>\n\n\n\n<p>Por \u00faltimo, la directora de la dependencia agradeci\u00f3 la participaci\u00f3n de las emprendedoras en la primera edici\u00f3n de la \u201cMercadita de la Mujer\u201d, donde mujeres comerciantes de la localidad impulsan su econom\u00eda a trav\u00e9s de la oferta de sus productos y servicios.<\/p>\n","protected":false},"excerpt":{"rendered":"<p>Gobierno del Estado reconoce labor del Instituto Municipal de la Mujer de La Piedad \u25cf&#8230;<\/p>\n","protected":false},"author":1,"featured_media":12821,"comment_status":"open","ping_status":"open","sticky":false,"template":"","format":"standard","meta":{"jetpack_post_was_ever_published":false,"_jetpack_newsletter_access":"","_jetpack_dont_email_post_to_subs":false,"_jetpack_newsletter_tier_id":0,"_jetpack_memberships_contains_paywalled_content":false,"_jetpack_memberships_contains_paid_content":false,"footnotes":"","jetpack_publicize_message":"","jetpack_publicize_feature_enabled":true,"jetpack_social_post_already_shared":true,"jetpack_social_options":{"image_generator_settings":{"template":"highway","enabled":false},"version":2}},"categories":[1],"tags":[15,36],"class_list":["post-12820","post","type-post","status-publish","format-standard","has-post-thumbnail","hentry","category-la-piedad","tag-la-piedad","tag-principales"],"jetpack_publicize_connections":[],"jetpack_sharing_enabled":true,"featured_image_urls":{"full":["http:\/\/tvalaire.com\/wp-content\/uploads\/2025\/06\/WhatsApp-Image-2025-05-13-at-2.29.00-PM-1080x675-1.jpeg",1080,675,false],"thumbnail":["http:\/\/tvalaire.com\/wp-content\/uploads\/2025\/06\/WhatsApp-Image-2025-05-13-at-2.29.00-PM-1080x675-1-150x150.jpeg",150,150,true],"medium":["http:\/\/tvalaire.com\/wp-content\/uploads\/2025\/06\/WhatsApp-Image-2025-05-13-at-2.29.00-PM-1080x675-1-300x188.jpeg",300,188,true],"medium_large":["http:\/\/tvalaire.com\/wp-content\/uploads\/2025\/06\/WhatsApp-Image-2025-05-13-at-2.29.00-PM-1080x675-1-768x480.jpeg",640,400,true],"large":["http:\/\/tvalaire.com\/wp-content\/uploads\/2025\/06\/WhatsApp-Image-2025-05-13-at-2.29.00-PM-1080x675-1-1024x640.jpeg",640,400,true],"post-slider-thumb-size":["http:\/\/tvalaire.com\/wp-content\/uploads\/2025\/06\/WhatsApp-Image-2025-05-13-at-2.29.00-PM-1080x675-1-330x190.jpeg",330,190,true],"post-category-slider-size":["http:\/\/tvalaire.com\/wp-content\/uploads\/2025\/06\/WhatsApp-Image-2025-05-13-at-2.29.00-PM-1080x675-1-330x350.jpeg",330,350,true],"1536x1536":["http:\/\/tvalaire.com\/wp-content\/uploads\/2025\/06\/WhatsApp-Image-2025-05-13-at-2.29.00-PM-1080x675-1.jpeg",1080,675,false],"2048x2048":["http:\/\/tvalaire.com\/wp-content\/uploads\/2025\/06\/WhatsApp-Image-2025-05-13-at-2.29.00-PM-1080x675-1.jpeg",1080,675,false],"newsium-slider-full":["http:\/\/tvalaire.com\/wp-content\/uploads\/2025\/06\/WhatsApp-Image-2025-05-13-at-2.29.00-PM-1080x675-1.jpeg",1080,675,false],"newsium-featured":["http:\/\/tvalaire.com\/wp-content\/uploads\/2025\/06\/WhatsApp-Image-2025-05-13-at-2.29.00-PM-1080x675-1-1024x640.jpeg",1024,640,true],"newsium-medium":["http:\/\/tvalaire.com\/wp-content\/uploads\/2025\/06\/WhatsApp-Image-2025-05-13-at-2.29.00-PM-1080x675-1-720x475.jpeg",720,475,true]},"author_info":{"info":["tvalairenoti"]},"category_info":"<a href=\"http:\/\/tvalaire.com\/?cat=1\" rel=\"category\">La Piedad<\/a>","tag_info":"La Piedad","comment_count":"0","jetpack_featured_media_url":"http:\/\/tvalaire.com\/wp-content\/uploads\/2025\/06\/WhatsApp-Image-2025-05-13-at-2.29.00-PM-1080x675-1.jpeg","_links":{"self":[{"href":"http:\/\/tvalaire.com\/index.php?rest_route=\/wp\/v2\/posts\/12820"}],"collection":[{"href":"http:\/\/tvalaire.com\/index.php?rest_route=\/wp\/v2\/posts"}],"about":[{"href":"http:\/\/tvalaire.com\/index.php?rest_route=\/wp\/v2\/types\/post"}],"author":[{"embeddable":true,"href":"http:\/\/tvalaire.com\/index.php?rest_route=\/wp\/v2\/users\/1"}],"replies":[{"embeddable":true,"href":"http:\/\/tvalaire.com\/index.php?rest_route=%2Fwp%2Fv2%2Fcomments&post=12820"}],"version-history":[{"count":1,"href":"http:\/\/tvalaire.com\/index.php?rest_route=\/wp\/v2\/posts\/12820\/revisions"}],"predecessor-version":[{"id":12822,"href":"http:\/\/tvalaire.com\/index.php?rest_route=\/wp\/v2\/posts\/12820\/revisions\/12822"}],"wp:featuredmedia":[{"embeddable":true,"href":"http:\/\/tvalaire.com\/index.php?rest_route=\/wp\/v2\/media\/12821"}],"wp:attachment":[{"href":"http:\/\/tvalaire.com\/index.php?rest_route=%2Fwp%2Fv2%2Fmedia&parent=12820"}],"wp:term":[{"taxonomy":"category","embeddable":true,"href":"http:\/\/tvalaire.com\/index.php?rest_route=%2Fwp%2Fv2%2Fcategories&post=12820"},{"taxonomy":"post_tag","embeddable":true,"href":"http:\/\/tvalaire.com\/index.php?rest_route=%2Fwp%2Fv2%2Ftags&post=12820"}],"curies":[{"name":"wp","href":"https:\/\/api.w.org\/{rel}","templated":true}]}}