{"id":12817,"date":"2025-05-15T15:38:45","date_gmt":"2025-05-15T21:38:45","guid":{"rendered":"http:\/\/tvalaire.com\/?p=12817"},"modified":"2025-06-03T15:40:08","modified_gmt":"2025-06-03T21:40:08","slug":"escuela-de-artes-de-la-piedad-cumple-14-anos-de-fundacion","status":"publish","type":"post","link":"http:\/\/tvalaire.com\/?p=12817","title":{"rendered":"ESCUELA DE ARTES DE LA PIEDAD CUMPLE 14 A\u00d1OS DE FUNDACI\u00d3N"},"content":{"rendered":"\n<ul class=\"wp-block-list\">\n<li><strong>Desde el 2011 es un recinto dedicado a promover las bellas artes<\/strong><\/li>\n\n\n\n<li><strong>El viernes 16 inicia un programa de actividades art\u00edsticas y culturales<\/strong><\/li>\n<\/ul>\n\n\n\n<p>La direcci\u00f3n de Cultura y el Gobierno Municipal de La Piedad, invitan a la celebraci\u00f3n del XIV aniversario de la habilitaci\u00f3n de la Escuela de Artes, que en este mes cumple a\u00f1os ofreciendo un espacio para impulsar el gusto y formaci\u00f3n en las bellas artes entre la poblaci\u00f3n. &nbsp;<\/p>\n\n\n\n<p>Desde el 27 de mayo del 2011 las actuales instalaciones abrieron sus puertas despu\u00e9s de formalizar un acuerdo con las autoridades estatales, a partir de la fecha en el lugar se han impulsado variedad de actividades culturales y art\u00edsticas, siendo el principal recinto cultural de la ciudad.<\/p>\n\n\n\n<p>Es de mencionar que la Escuela de Artes, tambi\u00e9n es formadora de talentos, pues en su interior desde hace a\u00f1os, ni\u00f1os, j\u00f3venes y adultos se han podido preparar con los cursos y talleres en canto, piano, guitarra, pintura, dibujo, danza, fotograf\u00eda, viol\u00edn, ajedrez, trompeta, entre otras disciplinas.<\/p>\n\n\n\n<p>Como resultado de las actividades formadoras que en el lugar se realizan, hoy d\u00eda la Escuela de Artes cuenta con la Banda Municipal de Viento \u201cJos\u00e9 Mar\u00eda Cavadas\u201d, la cual est\u00e1 integrada por alumnos que han sido instruidos en la propia instituci\u00f3n.<\/p>\n\n\n\n<p>Para celebrar los 14 a\u00f1os del lugar, las autoridades han preparado un amplio programa de actividades culturales y art\u00edsticas para el disfrute de la poblaci\u00f3n en general, por lo que se extiende una cordial invitaci\u00f3n para que acudan a cada uno de los eventos preparados que inician el viernes 16 y finalizan el d\u00eda 22 de mayo.<\/p>\n\n\n\n<p>De igual manera, la direcci\u00f3n de Cultura, sigue invitando a la poblaci\u00f3n interesada en ser parte de los cursos que ah\u00ed se imparten y de los cuales pueden participar ni\u00f1os, j\u00f3venes y adultos que tengan el deseo de aprender o desarrollar su talento.<\/p>\n","protected":false},"excerpt":{"rendered":"<p>La direcci\u00f3n de Cultura y el Gobierno Municipal de La Piedad, invitan a la celebraci\u00f3n&#8230;<\/p>\n","protected":false},"author":1,"featured_media":12818,"comment_status":"open","ping_status":"open","sticky":false,"template":"","format":"standard","meta":{"jetpack_post_was_ever_published":false,"_jetpack_newsletter_access":"","_jetpack_dont_email_post_to_subs":false,"_jetpack_newsletter_tier_id":0,"_jetpack_memberships_contains_paywalled_content":false,"_jetpack_memberships_contains_paid_content":false,"footnotes":"","jetpack_publicize_message":"","jetpack_publicize_feature_enabled":true,"jetpack_social_post_already_shared":true,"jetpack_social_options":{"image_generator_settings":{"template":"highway","enabled":false},"version":2}},"categories":[1],"tags":[15,36],"class_list":["post-12817","post","type-post","status-publish","format-standard","has-post-thumbnail","hentry","category-la-piedad","tag-la-piedad","tag-principales"],"jetpack_publicize_connections":[],"jetpack_sharing_enabled":true,"featured_image_urls":{"full":["http:\/\/tvalaire.com\/wp-content\/uploads\/2025\/06\/WhatsApp-Image-2025-05-15-at-10.09.52-AM-1080x675-1.jpeg",1080,675,false],"thumbnail":["http:\/\/tvalaire.com\/wp-content\/uploads\/2025\/06\/WhatsApp-Image-2025-05-15-at-10.09.52-AM-1080x675-1-150x150.jpeg",150,150,true],"medium":["http:\/\/tvalaire.com\/wp-content\/uploads\/2025\/06\/WhatsApp-Image-2025-05-15-at-10.09.52-AM-1080x675-1-300x188.jpeg",300,188,true],"medium_large":["http:\/\/tvalaire.com\/wp-content\/uploads\/2025\/06\/WhatsApp-Image-2025-05-15-at-10.09.52-AM-1080x675-1-768x480.jpeg",640,400,true],"large":["http:\/\/tvalaire.com\/wp-content\/uploads\/2025\/06\/WhatsApp-Image-2025-05-15-at-10.09.52-AM-1080x675-1-1024x640.jpeg",640,400,true],"post-slider-thumb-size":["http:\/\/tvalaire.com\/wp-content\/uploads\/2025\/06\/WhatsApp-Image-2025-05-15-at-10.09.52-AM-1080x675-1-330x190.jpeg",330,190,true],"post-category-slider-size":["http:\/\/tvalaire.com\/wp-content\/uploads\/2025\/06\/WhatsApp-Image-2025-05-15-at-10.09.52-AM-1080x675-1-330x350.jpeg",330,350,true],"1536x1536":["http:\/\/tvalaire.com\/wp-content\/uploads\/2025\/06\/WhatsApp-Image-2025-05-15-at-10.09.52-AM-1080x675-1.jpeg",1080,675,false],"2048x2048":["http:\/\/tvalaire.com\/wp-content\/uploads\/2025\/06\/WhatsApp-Image-2025-05-15-at-10.09.52-AM-1080x675-1.jpeg",1080,675,false],"newsium-slider-full":["http:\/\/tvalaire.com\/wp-content\/uploads\/2025\/06\/WhatsApp-Image-2025-05-15-at-10.09.52-AM-1080x675-1.jpeg",1080,675,false],"newsium-featured":["http:\/\/tvalaire.com\/wp-content\/uploads\/2025\/06\/WhatsApp-Image-2025-05-15-at-10.09.52-AM-1080x675-1-1024x640.jpeg",1024,640,true],"newsium-medium":["http:\/\/tvalaire.com\/wp-content\/uploads\/2025\/06\/WhatsApp-Image-2025-05-15-at-10.09.52-AM-1080x675-1-720x475.jpeg",720,475,true]},"author_info":{"info":["tvalairenoti"]},"category_info":"<a href=\"http:\/\/tvalaire.com\/?cat=1\" rel=\"category\">La Piedad<\/a>","tag_info":"La Piedad","comment_count":"0","jetpack_featured_media_url":"http:\/\/tvalaire.com\/wp-content\/uploads\/2025\/06\/WhatsApp-Image-2025-05-15-at-10.09.52-AM-1080x675-1.jpeg","_links":{"self":[{"href":"http:\/\/tvalaire.com\/index.php?rest_route=\/wp\/v2\/posts\/12817"}],"collection":[{"href":"http:\/\/tvalaire.com\/index.php?rest_route=\/wp\/v2\/posts"}],"about":[{"href":"http:\/\/tvalaire.com\/index.php?rest_route=\/wp\/v2\/types\/post"}],"author":[{"embeddable":true,"href":"http:\/\/tvalaire.com\/index.php?rest_route=\/wp\/v2\/users\/1"}],"replies":[{"embeddable":true,"href":"http:\/\/tvalaire.com\/index.php?rest_route=%2Fwp%2Fv2%2Fcomments&post=12817"}],"version-history":[{"count":1,"href":"http:\/\/tvalaire.com\/index.php?rest_route=\/wp\/v2\/posts\/12817\/revisions"}],"predecessor-version":[{"id":12819,"href":"http:\/\/tvalaire.com\/index.php?rest_route=\/wp\/v2\/posts\/12817\/revisions\/12819"}],"wp:featuredmedia":[{"embeddable":true,"href":"http:\/\/tvalaire.com\/index.php?rest_route=\/wp\/v2\/media\/12818"}],"wp:attachment":[{"href":"http:\/\/tvalaire.com\/index.php?rest_route=%2Fwp%2Fv2%2Fmedia&parent=12817"}],"wp:term":[{"taxonomy":"category","embeddable":true,"href":"http:\/\/tvalaire.com\/index.php?rest_route=%2Fwp%2Fv2%2Fcategories&post=12817"},{"taxonomy":"post_tag","embeddable":true,"href":"http:\/\/tvalaire.com\/index.php?rest_route=%2Fwp%2Fv2%2Ftags&post=12817"}],"curies":[{"name":"wp","href":"https:\/\/api.w.org\/{rel}","templated":true}]}}