{"id":128,"date":"2017-01-26T01:01:11","date_gmt":"2017-01-26T01:01:11","guid":{"rendered":"http:\/\/tvalaire.com\/?p=128"},"modified":"2017-01-31T17:08:14","modified_gmt":"2017-01-31T23:08:14","slug":"smdif-penjamillo-parte-la-tridicional-rosca-de-reyes","status":"publish","type":"post","link":"http:\/\/tvalaire.com\/?p=128","title":{"rendered":"SMDIF Penjamillo Parte la Tradicional Rosca de Reyes"},"content":{"rendered":"<p>Con gran audiencia el pasado 6 de Enero del 2017 el Gobierno Municipal 2015-2018 llev\u00f3 a cabo la tradicional rosca de reyes en la plaza de la Cabecera Municipal de Penjamillo , donde se dieron cita ni\u00f1os, ni\u00f1as, j\u00f3venes y adultos para revivir tradiciones como lo es partir la rosca de reyes, en el evento se tuvo tambi\u00e9n\u00a0 el levantamiento del ni\u00f1o Dios del Municipio, se empez\u00f3 el rezo donde toda la gente se reuni\u00f3 alrededor del nacimiento y fue participe del mismo, se repartieron aguinaldos a todos los presentes, en compa\u00f1\u00eda del Presidente Municipal C. Jos\u00e9 Leyva Duarte, la\u00a0 Presidenta Honorifica del SMDIF Penjamillo Sra. Secilia L\u00f3pez Cervantes, el Regidor C. Ra\u00fal Corona Sierra, la Regidora C. Irma Hern\u00e1ndez Ar\u00e9valo, el Director del SMDIF Penjamillo Q.F.B. Jos\u00e9 Alfredo Abarca Maga\u00f1a, el Director de la Casa de la Cultura C. Cristian Mois\u00e9s Guti\u00e9rrez Ramos, y personal de las diferentes \u00e1reas del Gobierno Municipal, se parti\u00f3 la rosca de reyes compartiendo con toda la gente est\u00e1 bonita tradici\u00f3n, acompa\u00f1\u00e1ndola con un rico chocolate, posterior a eso se repartieron juguetes a todos los ni\u00f1os y ni\u00f1as; por su parte el Presidente Municipal C. Jos\u00e9 Leyva Duarte dijo sentirse muy satisfecho con el arduo trabajo que ha realizado la oficina del SMDIF Penjamillo, felicito a los ni\u00f1os y ni\u00f1as presentes\u00a0 dese\u00e1ndoles un feliz d\u00eda de reyes y a los papas los invito a seguir manteniendo los valores promovidos en la familia. Sin lugar a dudas fue un evento de grandes alegr\u00edas y grandes momentos vividos para ni\u00f1os y ni\u00f1as pero tambi\u00e9n para toda la poblaci\u00f3n de Penjamillo.<\/p>\n","protected":false},"excerpt":{"rendered":"<p>Con gran audiencia el pasado 6 de Enero del 2017 el Gobierno Municipal 2015-2018 llev\u00f3&#8230;<\/p>\n","protected":false},"author":1,"featured_media":129,"comment_status":"open","ping_status":"open","sticky":false,"template":"","format":"image","meta":{"jetpack_post_was_ever_published":false,"_jetpack_newsletter_access":"","_jetpack_dont_email_post_to_subs":false,"_jetpack_newsletter_tier_id":0,"_jetpack_memberships_contains_paywalled_content":false,"_jetpack_memberships_contains_paid_content":false,"footnotes":"","jetpack_publicize_message":"","jetpack_publicize_feature_enabled":true,"jetpack_social_post_already_shared":false,"jetpack_social_options":{"image_generator_settings":{"template":"highway","enabled":false},"version":2}},"categories":[6],"tags":[30],"class_list":["post-128","post","type-post","status-publish","format-image","has-post-thumbnail","hentry","category-penjamillo","tag-penjamillo","post_format-post-format-image"],"jetpack_publicize_connections":[],"jetpack_sharing_enabled":true,"featured_image_urls":{"full":["http:\/\/tvalaire.com\/wp-content\/uploads\/2017\/01\/15995686_419878241676603_849956528_n.jpg",960,720,false],"thumbnail":["http:\/\/tvalaire.com\/wp-content\/uploads\/2017\/01\/15995686_419878241676603_849956528_n-150x150.jpg",150,150,true],"medium":["http:\/\/tvalaire.com\/wp-content\/uploads\/2017\/01\/15995686_419878241676603_849956528_n-300x225.jpg",300,225,true],"medium_large":["http:\/\/tvalaire.com\/wp-content\/uploads\/2017\/01\/15995686_419878241676603_849956528_n-768x576.jpg",640,480,true],"large":["http:\/\/tvalaire.com\/wp-content\/uploads\/2017\/01\/15995686_419878241676603_849956528_n.jpg",640,480,false],"post-slider-thumb-size":["http:\/\/tvalaire.com\/wp-content\/uploads\/2017\/01\/15995686_419878241676603_849956528_n.jpg",253,190,false],"post-category-slider-size":["http:\/\/tvalaire.com\/wp-content\/uploads\/2017\/01\/15995686_419878241676603_849956528_n.jpg",330,248,false],"1536x1536":["http:\/\/tvalaire.com\/wp-content\/uploads\/2017\/01\/15995686_419878241676603_849956528_n.jpg",960,720,false],"2048x2048":["http:\/\/tvalaire.com\/wp-content\/uploads\/2017\/01\/15995686_419878241676603_849956528_n.jpg",960,720,false],"newsium-slider-full":["http:\/\/tvalaire.com\/wp-content\/uploads\/2017\/01\/15995686_419878241676603_849956528_n.jpg",960,720,false],"newsium-featured":["http:\/\/tvalaire.com\/wp-content\/uploads\/2017\/01\/15995686_419878241676603_849956528_n.jpg",960,720,false],"newsium-medium":["http:\/\/tvalaire.com\/wp-content\/uploads\/2017\/01\/15995686_419878241676603_849956528_n.jpg",633,475,false]},"author_info":{"info":["tvalairenoti"]},"category_info":"<a href=\"http:\/\/tvalaire.com\/?cat=6\" rel=\"category\">Penjamillo<\/a>","tag_info":"Penjamillo","comment_count":"0","jetpack_featured_media_url":"http:\/\/tvalaire.com\/wp-content\/uploads\/2017\/01\/15995686_419878241676603_849956528_n.jpg","_links":{"self":[{"href":"http:\/\/tvalaire.com\/index.php?rest_route=\/wp\/v2\/posts\/128"}],"collection":[{"href":"http:\/\/tvalaire.com\/index.php?rest_route=\/wp\/v2\/posts"}],"about":[{"href":"http:\/\/tvalaire.com\/index.php?rest_route=\/wp\/v2\/types\/post"}],"author":[{"embeddable":true,"href":"http:\/\/tvalaire.com\/index.php?rest_route=\/wp\/v2\/users\/1"}],"replies":[{"embeddable":true,"href":"http:\/\/tvalaire.com\/index.php?rest_route=%2Fwp%2Fv2%2Fcomments&post=128"}],"version-history":[{"count":2,"href":"http:\/\/tvalaire.com\/index.php?rest_route=\/wp\/v2\/posts\/128\/revisions"}],"predecessor-version":[{"id":257,"href":"http:\/\/tvalaire.com\/index.php?rest_route=\/wp\/v2\/posts\/128\/revisions\/257"}],"wp:featuredmedia":[{"embeddable":true,"href":"http:\/\/tvalaire.com\/index.php?rest_route=\/wp\/v2\/media\/129"}],"wp:attachment":[{"href":"http:\/\/tvalaire.com\/index.php?rest_route=%2Fwp%2Fv2%2Fmedia&parent=128"}],"wp:term":[{"taxonomy":"category","embeddable":true,"href":"http:\/\/tvalaire.com\/index.php?rest_route=%2Fwp%2Fv2%2Fcategories&post=128"},{"taxonomy":"post_tag","embeddable":true,"href":"http:\/\/tvalaire.com\/index.php?rest_route=%2Fwp%2Fv2%2Ftags&post=128"}],"curies":[{"name":"wp","href":"https:\/\/api.w.org\/{rel}","templated":true}]}}