{"id":12782,"date":"2025-04-04T11:46:57","date_gmt":"2025-04-04T17:46:57","guid":{"rendered":"http:\/\/tvalaire.com\/?p=12782"},"modified":"2025-05-05T11:48:31","modified_gmt":"2025-05-05T17:48:31","slug":"capacita-dif-municipal-a-personal-en-trastornos-del-neurodesarrollo","status":"publish","type":"post","link":"http:\/\/tvalaire.com\/?p=12782","title":{"rendered":"CAPACITA DIF MUNICIPAL A PERSONAL EN TRASTORNOS DEL NEURODESARROLLO"},"content":{"rendered":"\n<ul class=\"wp-block-list\">\n<li><strong>Se busca brindar una atenci\u00f3n adecuada y especializada<\/strong><\/li>\n\n\n\n<li><strong>Participa personal del \u00e1rea de primer contacto de psicolog\u00eda<\/strong><\/li>\n<\/ul>\n\n\n\n<p>Con el objetivo de comprender el neurodesarrollo y su impacto en el aprendizaje, la conducta y la interacci\u00f3n social de los ni\u00f1os, as\u00ed como identificar se\u00f1ales tempranas de trastornos del espectro autista y de atenci\u00f3n, el DIF municipal capacit\u00f3 al personal del \u00e1rea de psicolog\u00eda y terapia del lenguaje con un taller denominado \u201cIdentificaci\u00f3n y estrategias de intervenci\u00f3n\u201d<\/p>\n\n\n\n<p>Teniendo como marco el D\u00eda de la concientizaci\u00f3n sobre el Autismo, este taller impartido por el especialista, Lic. Derian Jim\u00e9nez Mej\u00eda, est\u00e1 enfocado en brindar contenci\u00f3n a los pacientes que as\u00ed lo requieran y atender con empat\u00eda, tanto a padres, como a menores.<\/p>\n\n\n\n<p>La directora del SMDIF, Brenda Roc\u00edo Orozco Torres, resalt\u00f3 el compromiso y la sensibilidad del presidente municipal Samuel Hidalgo, para poder brindar conocimientos actualizados al personal y garantizar un mejor acompa\u00f1amiento para cada ni\u00f1o.<\/p>\n\n\n\n<p>As\u00ed mismo, la funcionaria mencion\u00f3 que \u201cproveer herramientas adecuadas y fortalecer la capacitaci\u00f3n del personal, impacta directamente en la calidad de vida de las familias y la comunidad.\u201d<\/p>\n\n\n\n<figure class=\"wp-block-image size-full\"><img loading=\"lazy\" decoding=\"async\" width=\"594\" height=\"395\" src=\"http:\/\/tvalaire.com\/wp-content\/uploads\/2025\/05\/488255257_1061884632632581_8480292749838937914_n.jpg\" alt=\"\" class=\"wp-image-12784\" srcset=\"http:\/\/tvalaire.com\/wp-content\/uploads\/2025\/05\/488255257_1061884632632581_8480292749838937914_n.jpg 594w, http:\/\/tvalaire.com\/wp-content\/uploads\/2025\/05\/488255257_1061884632632581_8480292749838937914_n-300x199.jpg 300w\" sizes=\"(max-width: 594px) 100vw, 594px\" \/><\/figure>\n\n\n\n<figure class=\"wp-block-image size-full\"><img loading=\"lazy\" decoding=\"async\" width=\"594\" height=\"395\" src=\"http:\/\/tvalaire.com\/wp-content\/uploads\/2025\/05\/488940530_1061884635965914_2276012641149045285_n.jpg\" alt=\"\" class=\"wp-image-12785\" srcset=\"http:\/\/tvalaire.com\/wp-content\/uploads\/2025\/05\/488940530_1061884635965914_2276012641149045285_n.jpg 594w, http:\/\/tvalaire.com\/wp-content\/uploads\/2025\/05\/488940530_1061884635965914_2276012641149045285_n-300x199.jpg 300w\" sizes=\"(max-width: 594px) 100vw, 594px\" \/><\/figure>\n","protected":false},"excerpt":{"rendered":"<p>Con el objetivo de comprender el neurodesarrollo y su impacto en el aprendizaje, la conducta&#8230;<\/p>\n","protected":false},"author":1,"featured_media":12783,"comment_status":"open","ping_status":"open","sticky":false,"template":"","format":"standard","meta":{"jetpack_post_was_ever_published":false,"_jetpack_newsletter_access":"","_jetpack_dont_email_post_to_subs":false,"_jetpack_newsletter_tier_id":0,"_jetpack_memberships_contains_paywalled_content":false,"_jetpack_memberships_contains_paid_content":false,"footnotes":"","jetpack_publicize_message":"","jetpack_publicize_feature_enabled":true,"jetpack_social_post_already_shared":true,"jetpack_social_options":{"image_generator_settings":{"template":"highway","enabled":false},"version":2}},"categories":[1],"tags":[15,36],"class_list":["post-12782","post","type-post","status-publish","format-standard","has-post-thumbnail","hentry","category-la-piedad","tag-la-piedad","tag-principales"],"jetpack_publicize_connections":[],"jetpack_sharing_enabled":true,"featured_image_urls":{"full":["http:\/\/tvalaire.com\/wp-content\/uploads\/2025\/05\/488183987_1061884609299250_2963997189930579396_n.jpg",594,395,false],"thumbnail":["http:\/\/tvalaire.com\/wp-content\/uploads\/2025\/05\/488183987_1061884609299250_2963997189930579396_n-150x150.jpg",150,150,true],"medium":["http:\/\/tvalaire.com\/wp-content\/uploads\/2025\/05\/488183987_1061884609299250_2963997189930579396_n-300x199.jpg",300,199,true],"medium_large":["http:\/\/tvalaire.com\/wp-content\/uploads\/2025\/05\/488183987_1061884609299250_2963997189930579396_n.jpg",594,395,false],"large":["http:\/\/tvalaire.com\/wp-content\/uploads\/2025\/05\/488183987_1061884609299250_2963997189930579396_n.jpg",594,395,false],"post-slider-thumb-size":["http:\/\/tvalaire.com\/wp-content\/uploads\/2025\/05\/488183987_1061884609299250_2963997189930579396_n-330x190.jpg",330,190,true],"post-category-slider-size":["http:\/\/tvalaire.com\/wp-content\/uploads\/2025\/05\/488183987_1061884609299250_2963997189930579396_n-330x350.jpg",330,350,true],"1536x1536":["http:\/\/tvalaire.com\/wp-content\/uploads\/2025\/05\/488183987_1061884609299250_2963997189930579396_n.jpg",594,395,false],"2048x2048":["http:\/\/tvalaire.com\/wp-content\/uploads\/2025\/05\/488183987_1061884609299250_2963997189930579396_n.jpg",594,395,false],"newsium-slider-full":["http:\/\/tvalaire.com\/wp-content\/uploads\/2025\/05\/488183987_1061884609299250_2963997189930579396_n.jpg",594,395,false],"newsium-featured":["http:\/\/tvalaire.com\/wp-content\/uploads\/2025\/05\/488183987_1061884609299250_2963997189930579396_n.jpg",594,395,false],"newsium-medium":["http:\/\/tvalaire.com\/wp-content\/uploads\/2025\/05\/488183987_1061884609299250_2963997189930579396_n.jpg",594,395,false]},"author_info":{"info":["tvalairenoti"]},"category_info":"<a href=\"http:\/\/tvalaire.com\/?cat=1\" rel=\"category\">La Piedad<\/a>","tag_info":"La Piedad","comment_count":"0","jetpack_featured_media_url":"http:\/\/tvalaire.com\/wp-content\/uploads\/2025\/05\/488183987_1061884609299250_2963997189930579396_n.jpg","_links":{"self":[{"href":"http:\/\/tvalaire.com\/index.php?rest_route=\/wp\/v2\/posts\/12782"}],"collection":[{"href":"http:\/\/tvalaire.com\/index.php?rest_route=\/wp\/v2\/posts"}],"about":[{"href":"http:\/\/tvalaire.com\/index.php?rest_route=\/wp\/v2\/types\/post"}],"author":[{"embeddable":true,"href":"http:\/\/tvalaire.com\/index.php?rest_route=\/wp\/v2\/users\/1"}],"replies":[{"embeddable":true,"href":"http:\/\/tvalaire.com\/index.php?rest_route=%2Fwp%2Fv2%2Fcomments&post=12782"}],"version-history":[{"count":1,"href":"http:\/\/tvalaire.com\/index.php?rest_route=\/wp\/v2\/posts\/12782\/revisions"}],"predecessor-version":[{"id":12786,"href":"http:\/\/tvalaire.com\/index.php?rest_route=\/wp\/v2\/posts\/12782\/revisions\/12786"}],"wp:featuredmedia":[{"embeddable":true,"href":"http:\/\/tvalaire.com\/index.php?rest_route=\/wp\/v2\/media\/12783"}],"wp:attachment":[{"href":"http:\/\/tvalaire.com\/index.php?rest_route=%2Fwp%2Fv2%2Fmedia&parent=12782"}],"wp:term":[{"taxonomy":"category","embeddable":true,"href":"http:\/\/tvalaire.com\/index.php?rest_route=%2Fwp%2Fv2%2Fcategories&post=12782"},{"taxonomy":"post_tag","embeddable":true,"href":"http:\/\/tvalaire.com\/index.php?rest_route=%2Fwp%2Fv2%2Ftags&post=12782"}],"curies":[{"name":"wp","href":"https:\/\/api.w.org\/{rel}","templated":true}]}}