{"id":12765,"date":"2025-04-09T11:36:57","date_gmt":"2025-04-09T17:36:57","guid":{"rendered":"http:\/\/tvalaire.com\/?p=12765"},"modified":"2025-05-05T11:39:05","modified_gmt":"2025-05-05T17:39:05","slug":"continuidad-en-apoyos-al-sector-agricola-de-la-piedad","status":"publish","type":"post","link":"http:\/\/tvalaire.com\/?p=12765","title":{"rendered":"CONTINUIDAD EN APOYOS AL SECTOR AGR\u00cdCOLA DE LA PIEDAD"},"content":{"rendered":"\n<ul class=\"wp-block-list\">\n<li><strong>M\u00e1s de 200 sacos de semilla de ma\u00edz y trigo para productores del campo<\/strong><\/li>\n\n\n\n<li><strong>Programa impulsado con recurso netamente municipal<\/strong><\/li>\n<\/ul>\n\n\n\n<p>A fin de favorecer e incrementar los resultados en las cosechas de los productores del campo, el Gobierno Municipal de La Piedad, encabezado por el alcalde Samuel Hidalgo Gallardo, a trav\u00e9s de la Direcci\u00f3n de Fomento Agropecuario, hizo entrega de semillas de ma\u00edz y sorgo por un total de cinco toneladas.<\/p>\n\n\n\n<p>De manera bipartita se realiz\u00f3 una inversi\u00f3n superior a los 700 mil pesos para, entregar m\u00e1s de 200 sacos de semilla de ma\u00edz y sorgo en favor de los productores del campo de algunas comunidades del municipio.<\/p>\n\n\n\n<p>En esta primera entrega se favorecieron a agricultores de las zonas rurales de Ticu\u00edtaco, El Jag\u00fcey, Taquiscuareo, Los Melgoza, San Crist\u00f3bal, entre otras poblaciones. &nbsp;<\/p>\n\n\n\n<p>Durante el evento el edil Samuel Hidalgo Gallardo, se\u00f1al\u00f3 la importancia de este tipo de programa municipal, el cual se puede realizar gracias a los recursos obtenidos por las contribuciones a tiempo que los piedadenses hacen al Predial.<\/p>\n\n\n\n<p>En ese sentido, el Presidente reconoci\u00f3 el esfuerzo y agradeci\u00f3 a la ciudadan\u00eda por su colaboraci\u00f3n. \u201cGracias a esos recursos que se obtienen por medio de Predial podemos impulsar estos programas de apoyo al campo y a otros sectores como la educaci\u00f3n en donde se destinan 11 millones de pesos de manera anual para becas\u201d. &nbsp;&nbsp;<\/p>\n\n\n\n<p>Ah\u00ed mismo, Hidalgo Gallardo, subray\u00f3 tambi\u00e9n que las contribuciones servir\u00e1n para que en d\u00edas pr\u00f3ximos se haga la entrega de dos nuevas unidades compactadoras para la recolecci\u00f3n de basura, as\u00ed como 40 contenedores.<\/p>\n\n\n\n<p>Heriberto L\u00f3pez Ram\u00edrez, director de Fomento Agropecuario, en su intervenci\u00f3n reconoci\u00f3 y agradeci\u00f3 la confianza que los productores del campo han tenido con este tipo de programas, los cuales se impulsan directamente con recurso municipal y con semillas de alta calidad.<\/p>\n\n\n\n<figure class=\"wp-block-image size-full\"><img loading=\"lazy\" decoding=\"async\" width=\"593\" height=\"395\" src=\"http:\/\/tvalaire.com\/wp-content\/uploads\/2025\/05\/490298584_1065855658902145_7840227025152721210_n.jpg\" alt=\"\" class=\"wp-image-12767\" srcset=\"http:\/\/tvalaire.com\/wp-content\/uploads\/2025\/05\/490298584_1065855658902145_7840227025152721210_n.jpg 593w, http:\/\/tvalaire.com\/wp-content\/uploads\/2025\/05\/490298584_1065855658902145_7840227025152721210_n-300x200.jpg 300w\" sizes=\"(max-width: 593px) 100vw, 593px\" \/><\/figure>\n\n\n\n<figure class=\"wp-block-image size-full\"><img loading=\"lazy\" decoding=\"async\" width=\"593\" height=\"395\" src=\"http:\/\/tvalaire.com\/wp-content\/uploads\/2025\/05\/490298214_1065855708902140_2812053532353805481_n.jpg\" alt=\"\" class=\"wp-image-12768\" srcset=\"http:\/\/tvalaire.com\/wp-content\/uploads\/2025\/05\/490298214_1065855708902140_2812053532353805481_n.jpg 593w, http:\/\/tvalaire.com\/wp-content\/uploads\/2025\/05\/490298214_1065855708902140_2812053532353805481_n-300x200.jpg 300w\" sizes=\"(max-width: 593px) 100vw, 593px\" \/><\/figure>\n","protected":false},"excerpt":{"rendered":"<p>A fin de favorecer e incrementar los resultados en las cosechas de los productores del&#8230;<\/p>\n","protected":false},"author":1,"featured_media":12766,"comment_status":"open","ping_status":"open","sticky":false,"template":"","format":"standard","meta":{"jetpack_post_was_ever_published":false,"_jetpack_newsletter_access":"","_jetpack_dont_email_post_to_subs":false,"_jetpack_newsletter_tier_id":0,"_jetpack_memberships_contains_paywalled_content":false,"_jetpack_memberships_contains_paid_content":false,"footnotes":"","jetpack_publicize_message":"","jetpack_publicize_feature_enabled":true,"jetpack_social_post_already_shared":true,"jetpack_social_options":{"image_generator_settings":{"template":"highway","enabled":false},"version":2}},"categories":[1],"tags":[15,36],"class_list":["post-12765","post","type-post","status-publish","format-standard","has-post-thumbnail","hentry","category-la-piedad","tag-la-piedad","tag-principales"],"jetpack_publicize_connections":[],"jetpack_sharing_enabled":true,"featured_image_urls":{"full":["http:\/\/tvalaire.com\/wp-content\/uploads\/2025\/05\/WhatsApp-Image-2025-04-09-at-1.55.15-PM-1080x675-1.jpeg",1080,675,false],"thumbnail":["http:\/\/tvalaire.com\/wp-content\/uploads\/2025\/05\/WhatsApp-Image-2025-04-09-at-1.55.15-PM-1080x675-1-150x150.jpeg",150,150,true],"medium":["http:\/\/tvalaire.com\/wp-content\/uploads\/2025\/05\/WhatsApp-Image-2025-04-09-at-1.55.15-PM-1080x675-1-300x188.jpeg",300,188,true],"medium_large":["http:\/\/tvalaire.com\/wp-content\/uploads\/2025\/05\/WhatsApp-Image-2025-04-09-at-1.55.15-PM-1080x675-1-768x480.jpeg",640,400,true],"large":["http:\/\/tvalaire.com\/wp-content\/uploads\/2025\/05\/WhatsApp-Image-2025-04-09-at-1.55.15-PM-1080x675-1-1024x640.jpeg",640,400,true],"post-slider-thumb-size":["http:\/\/tvalaire.com\/wp-content\/uploads\/2025\/05\/WhatsApp-Image-2025-04-09-at-1.55.15-PM-1080x675-1-330x190.jpeg",330,190,true],"post-category-slider-size":["http:\/\/tvalaire.com\/wp-content\/uploads\/2025\/05\/WhatsApp-Image-2025-04-09-at-1.55.15-PM-1080x675-1-330x350.jpeg",330,350,true],"1536x1536":["http:\/\/tvalaire.com\/wp-content\/uploads\/2025\/05\/WhatsApp-Image-2025-04-09-at-1.55.15-PM-1080x675-1.jpeg",1080,675,false],"2048x2048":["http:\/\/tvalaire.com\/wp-content\/uploads\/2025\/05\/WhatsApp-Image-2025-04-09-at-1.55.15-PM-1080x675-1.jpeg",1080,675,false],"newsium-slider-full":["http:\/\/tvalaire.com\/wp-content\/uploads\/2025\/05\/WhatsApp-Image-2025-04-09-at-1.55.15-PM-1080x675-1.jpeg",1080,675,false],"newsium-featured":["http:\/\/tvalaire.com\/wp-content\/uploads\/2025\/05\/WhatsApp-Image-2025-04-09-at-1.55.15-PM-1080x675-1-1024x640.jpeg",1024,640,true],"newsium-medium":["http:\/\/tvalaire.com\/wp-content\/uploads\/2025\/05\/WhatsApp-Image-2025-04-09-at-1.55.15-PM-1080x675-1-720x475.jpeg",720,475,true]},"author_info":{"info":["tvalairenoti"]},"category_info":"<a href=\"http:\/\/tvalaire.com\/?cat=1\" rel=\"category\">La Piedad<\/a>","tag_info":"La Piedad","comment_count":"0","jetpack_featured_media_url":"http:\/\/tvalaire.com\/wp-content\/uploads\/2025\/05\/WhatsApp-Image-2025-04-09-at-1.55.15-PM-1080x675-1.jpeg","_links":{"self":[{"href":"http:\/\/tvalaire.com\/index.php?rest_route=\/wp\/v2\/posts\/12765"}],"collection":[{"href":"http:\/\/tvalaire.com\/index.php?rest_route=\/wp\/v2\/posts"}],"about":[{"href":"http:\/\/tvalaire.com\/index.php?rest_route=\/wp\/v2\/types\/post"}],"author":[{"embeddable":true,"href":"http:\/\/tvalaire.com\/index.php?rest_route=\/wp\/v2\/users\/1"}],"replies":[{"embeddable":true,"href":"http:\/\/tvalaire.com\/index.php?rest_route=%2Fwp%2Fv2%2Fcomments&post=12765"}],"version-history":[{"count":1,"href":"http:\/\/tvalaire.com\/index.php?rest_route=\/wp\/v2\/posts\/12765\/revisions"}],"predecessor-version":[{"id":12769,"href":"http:\/\/tvalaire.com\/index.php?rest_route=\/wp\/v2\/posts\/12765\/revisions\/12769"}],"wp:featuredmedia":[{"embeddable":true,"href":"http:\/\/tvalaire.com\/index.php?rest_route=\/wp\/v2\/media\/12766"}],"wp:attachment":[{"href":"http:\/\/tvalaire.com\/index.php?rest_route=%2Fwp%2Fv2%2Fmedia&parent=12765"}],"wp:term":[{"taxonomy":"category","embeddable":true,"href":"http:\/\/tvalaire.com\/index.php?rest_route=%2Fwp%2Fv2%2Fcategories&post=12765"},{"taxonomy":"post_tag","embeddable":true,"href":"http:\/\/tvalaire.com\/index.php?rest_route=%2Fwp%2Fv2%2Ftags&post=12765"}],"curies":[{"name":"wp","href":"https:\/\/api.w.org\/{rel}","templated":true}]}}