{"id":1274,"date":"2017-04-11T08:58:32","date_gmt":"2017-04-11T13:58:32","guid":{"rendered":"http:\/\/tvalaire.com\/?p=1274"},"modified":"2017-04-11T08:59:14","modified_gmt":"2017-04-11T13:59:14","slug":"puruandiro-conmemora-el-98-aniversario-luctuoso-de-emiliano-zapata","status":"publish","type":"post","link":"http:\/\/tvalaire.com\/?p=1274","title":{"rendered":"PURU\u00c1NDIRO CONMEMORA EL 98 ANIVERSARIO LUCTUOSO DE EMILIANO ZAPATA"},"content":{"rendered":"<p>Ideal que fuera el estandarte del Caudillo del Sur a quien recordaron en Puru\u00e1ndiro por su 98 aniversario luctuoso del General Emiliano Zapata, luchador \u00a0social con ideales que busc\u00f3 el bienestar de los campesinos y obreros.<\/p>\n<p>\u201cQuiero hacer menci\u00f3n que el cabildo el d\u00eda 31 de marzo de este a\u00f1o, decreto que a partir de este a\u00f1o el d\u00eda 10 de abril, se brinde un homenaje, un acto c\u00edvico conmemorativo de los aniversarios luctuosos de nuestro general Emiliano Zapata, tambi\u00e9n quiero reconocer a quien hizo esta propuestas ante cabildo, fue el Dr. Erasmo Ambriz Zavala, la cual se aprob\u00f3 por unanimidad, as\u00ed mismo un servidor propuse que fuera en esta comunidad que lleva por nombre Emiliano Zapata, para que estuvi\u00e9ramos presentes aqu\u00ed en su busto\u201d, se\u00f1al\u00f3 el Presidente Municipal V\u00edctor V\u00e1zquez en la conmemoraci\u00f3n del Caudillo del Sur, misma que se realiz\u00f3 en la\u00a0 comunidad que porta su nombre y en la cabecera municipal.<\/p>\n<p>Es por ello que resalt\u00f3 el Edil que \u201cZapata, luch\u00f3 para que sus derechos agrarios fueran reconocidos en la ley, para que la tierra fuera de quien la trabaja, para que a los hombres y mujeres se les reconociera su derecho hist\u00f3rico a la propiedad y tenencia de la tierra. Gracias a su decisi\u00f3n firme, se convirti\u00f3 en mandato constitucional. La Constituci\u00f3n de 1917 recogi\u00f3, las causas por las que luchaba Zapata y los campesinos, ya con un Gobierno estable como el del General L\u00e1zaro C\u00e1rdenas, se inici\u00f3 la aplicaci\u00f3n literal del mandato constitucional\u201d.<\/p>\n<p>En el mismo marc\u00f3 extern\u00f3 que \u201ca m\u00e1s de 100 a\u00f1os, esa lucha que inicio el caudillo del sur no ha terminado, queda por aplicar la justicia e igualdad para nuestros campesinos. El ejemplo de Zapata nos convoca a estar atentos, para que la tenencia de la tierra no se concentre nuevamente en unas cuantas manos, para que los campesinos obtengan beneficios de las instituciones agrarias y les permita trabajar y hacer producir sus tierras\u201d.<\/p>\n<p>Igualmente predomin\u00f3 que hoy los mexicanos estamos llamados a transformar las instituciones y las estructuras que heredamos del siglo XX, para construir un sistema que permita a los trabajadores de la tierra recibir en equidad e igualdad a poyos y subsidios. Por esa raz\u00f3n, \u201cmi gobierno ser\u00e1 gestor de los derechos sociales de los campesinos, para que los Gobiernos Estatal y Federal den certidumbre a trav\u00e9s de las instrucciones a los campesinos y tenedores de tierras.<\/p>\n<p>Finalmente destac\u00f3 V\u00edctor V\u00e1zquez que \u201cse\u00f1oras y se\u00f1ores. Justicia no es un t\u00e9rmino acabado, justicia se aclama todos los d\u00edas, justicia son apoyos, obras, infraestructura, educaci\u00f3n, salud, entre otros, por ello, las causas de la revoluci\u00f3n siguen vigentes y lo seguir\u00e1n en beneficio de nuestros campesinos e hijos de estos. Desde siempre hacemos nuestra la causa del General Emiliano Zapata: Tierra, Justicia y Libertad, una generaci\u00f3n que no olvida es una generaci\u00f3n que trasciende \u00a1Qu\u00e9 Vivan las Causas Revolucionarias. Que Viva Zapata!\u201d<\/p>\n<p>&nbsp;<\/p>\n<p><img loading=\"lazy\" decoding=\"async\" class=\"alignnone size-medium wp-image-1277\" src=\"http:\/\/tvalaire.com\/wp-content\/uploads\/2017\/04\/acto-luctuoso-Emiliano-Zapata-3-300x199.jpg\" alt=\"\" width=\"300\" height=\"199\" srcset=\"http:\/\/tvalaire.com\/wp-content\/uploads\/2017\/04\/acto-luctuoso-Emiliano-Zapata-3-300x199.jpg 300w, http:\/\/tvalaire.com\/wp-content\/uploads\/2017\/04\/acto-luctuoso-Emiliano-Zapata-3-768x509.jpg 768w, http:\/\/tvalaire.com\/wp-content\/uploads\/2017\/04\/acto-luctuoso-Emiliano-Zapata-3-1024x678.jpg 1024w\" sizes=\"(max-width: 300px) 100vw, 300px\" \/><\/p>\n<p><img loading=\"lazy\" decoding=\"async\" class=\"alignnone size-medium wp-image-1276\" src=\"http:\/\/tvalaire.com\/wp-content\/uploads\/2017\/04\/acto-luctuoso-Emiliano-Zapata-2-300x199.jpg\" alt=\"\" width=\"300\" height=\"199\" srcset=\"http:\/\/tvalaire.com\/wp-content\/uploads\/2017\/04\/acto-luctuoso-Emiliano-Zapata-2-300x199.jpg 300w, http:\/\/tvalaire.com\/wp-content\/uploads\/2017\/04\/acto-luctuoso-Emiliano-Zapata-2-768x509.jpg 768w, http:\/\/tvalaire.com\/wp-content\/uploads\/2017\/04\/acto-luctuoso-Emiliano-Zapata-2-1024x678.jpg 1024w\" sizes=\"(max-width: 300px) 100vw, 300px\" \/><\/p>\n<p><img loading=\"lazy\" decoding=\"async\" class=\"alignnone size-medium wp-image-1275\" src=\"http:\/\/tvalaire.com\/wp-content\/uploads\/2017\/04\/acto-luctuoso-Emiliano-Zapata-1-199x300.jpg\" alt=\"\" width=\"199\" height=\"300\" srcset=\"http:\/\/tvalaire.com\/wp-content\/uploads\/2017\/04\/acto-luctuoso-Emiliano-Zapata-1-199x300.jpg 199w, http:\/\/tvalaire.com\/wp-content\/uploads\/2017\/04\/acto-luctuoso-Emiliano-Zapata-1-768x1160.jpg 768w, http:\/\/tvalaire.com\/wp-content\/uploads\/2017\/04\/acto-luctuoso-Emiliano-Zapata-1-678x1024.jpg 678w, http:\/\/tvalaire.com\/wp-content\/uploads\/2017\/04\/acto-luctuoso-Emiliano-Zapata-1.jpg 1632w\" sizes=\"(max-width: 199px) 100vw, 199px\" \/><\/p>\n","protected":false},"excerpt":{"rendered":"<p>Ideal que fuera el estandarte del Caudillo del Sur a quien recordaron en Puru\u00e1ndiro por&#8230;<\/p>\n","protected":false},"author":1,"featured_media":1278,"comment_status":"open","ping_status":"open","sticky":false,"template":"","format":"standard","meta":{"jetpack_post_was_ever_published":false,"_jetpack_newsletter_access":"","_jetpack_dont_email_post_to_subs":false,"_jetpack_newsletter_tier_id":0,"_jetpack_memberships_contains_paywalled_content":false,"_jetpack_memberships_contains_paid_content":false,"footnotes":"","jetpack_publicize_message":"","jetpack_publicize_feature_enabled":true,"jetpack_social_post_already_shared":false,"jetpack_social_options":{"image_generator_settings":{"template":"highway","enabled":false},"version":2}},"categories":[4],"tags":[36,24],"class_list":["post-1274","post","type-post","status-publish","format-standard","has-post-thumbnail","hentry","category-puruandiro","tag-principales","tag-puruandiro"],"jetpack_publicize_connections":[],"jetpack_sharing_enabled":true,"featured_image_urls":{"full":["http:\/\/tvalaire.com\/wp-content\/uploads\/2017\/04\/acto-luctuoso-Emiliano-Zapata-4.jpg",2464,1632,false],"thumbnail":["http:\/\/tvalaire.com\/wp-content\/uploads\/2017\/04\/acto-luctuoso-Emiliano-Zapata-4-150x150.jpg",150,150,true],"medium":["http:\/\/tvalaire.com\/wp-content\/uploads\/2017\/04\/acto-luctuoso-Emiliano-Zapata-4-300x199.jpg",300,199,true],"medium_large":["http:\/\/tvalaire.com\/wp-content\/uploads\/2017\/04\/acto-luctuoso-Emiliano-Zapata-4-768x509.jpg",640,424,true],"large":["http:\/\/tvalaire.com\/wp-content\/uploads\/2017\/04\/acto-luctuoso-Emiliano-Zapata-4-1024x678.jpg",640,424,true],"post-slider-thumb-size":["http:\/\/tvalaire.com\/wp-content\/uploads\/2017\/04\/acto-luctuoso-Emiliano-Zapata-4.jpg",287,190,false],"post-category-slider-size":["http:\/\/tvalaire.com\/wp-content\/uploads\/2017\/04\/acto-luctuoso-Emiliano-Zapata-4.jpg",330,219,false],"1536x1536":["http:\/\/tvalaire.com\/wp-content\/uploads\/2017\/04\/acto-luctuoso-Emiliano-Zapata-4.jpg",1536,1017,false],"2048x2048":["http:\/\/tvalaire.com\/wp-content\/uploads\/2017\/04\/acto-luctuoso-Emiliano-Zapata-4.jpg",2048,1356,false],"newsium-slider-full":["http:\/\/tvalaire.com\/wp-content\/uploads\/2017\/04\/acto-luctuoso-Emiliano-Zapata-4.jpg",1276,845,false],"newsium-featured":["http:\/\/tvalaire.com\/wp-content\/uploads\/2017\/04\/acto-luctuoso-Emiliano-Zapata-4.jpg",1024,678,false],"newsium-medium":["http:\/\/tvalaire.com\/wp-content\/uploads\/2017\/04\/acto-luctuoso-Emiliano-Zapata-4.jpg",717,475,false]},"author_info":{"info":["tvalairenoti"]},"category_info":"<a href=\"http:\/\/tvalaire.com\/?cat=4\" rel=\"category\">Puru\u00e1ndiro<\/a>","tag_info":"Puru\u00e1ndiro","comment_count":"0","jetpack_featured_media_url":"http:\/\/tvalaire.com\/wp-content\/uploads\/2017\/04\/acto-luctuoso-Emiliano-Zapata-4.jpg","_links":{"self":[{"href":"http:\/\/tvalaire.com\/index.php?rest_route=\/wp\/v2\/posts\/1274"}],"collection":[{"href":"http:\/\/tvalaire.com\/index.php?rest_route=\/wp\/v2\/posts"}],"about":[{"href":"http:\/\/tvalaire.com\/index.php?rest_route=\/wp\/v2\/types\/post"}],"author":[{"embeddable":true,"href":"http:\/\/tvalaire.com\/index.php?rest_route=\/wp\/v2\/users\/1"}],"replies":[{"embeddable":true,"href":"http:\/\/tvalaire.com\/index.php?rest_route=%2Fwp%2Fv2%2Fcomments&post=1274"}],"version-history":[{"count":2,"href":"http:\/\/tvalaire.com\/index.php?rest_route=\/wp\/v2\/posts\/1274\/revisions"}],"predecessor-version":[{"id":1280,"href":"http:\/\/tvalaire.com\/index.php?rest_route=\/wp\/v2\/posts\/1274\/revisions\/1280"}],"wp:featuredmedia":[{"embeddable":true,"href":"http:\/\/tvalaire.com\/index.php?rest_route=\/wp\/v2\/media\/1278"}],"wp:attachment":[{"href":"http:\/\/tvalaire.com\/index.php?rest_route=%2Fwp%2Fv2%2Fmedia&parent=1274"}],"wp:term":[{"taxonomy":"category","embeddable":true,"href":"http:\/\/tvalaire.com\/index.php?rest_route=%2Fwp%2Fv2%2Fcategories&post=1274"},{"taxonomy":"post_tag","embeddable":true,"href":"http:\/\/tvalaire.com\/index.php?rest_route=%2Fwp%2Fv2%2Ftags&post=1274"}],"curies":[{"name":"wp","href":"https:\/\/api.w.org\/{rel}","templated":true}]}}