{"id":12617,"date":"2025-03-18T09:24:00","date_gmt":"2025-03-18T15:24:00","guid":{"rendered":"http:\/\/tvalaire.com\/?p=12617"},"modified":"2025-04-03T09:27:16","modified_gmt":"2025-04-03T15:27:16","slug":"el-proximo-20-de-marzo-se-realizarala-carrera-neon-2025","status":"publish","type":"post","link":"http:\/\/tvalaire.com\/?p=12617","title":{"rendered":"EL PR\u00d3XIMO 20 DE MARZO SE REALIZAR\u00c1LA CARRERA NE\u00d3N 2025"},"content":{"rendered":"\n<ul class=\"wp-block-list\">\n<li><strong>A partir de las 5:00 de la tarde en la Plaza Principal de La Piedad<\/strong><\/li>\n\n\n\n<li><strong>Gobierno Municipal promueve el deporte en el marco del D\u00eda de la Familia<\/strong><\/li>\n<\/ul>\n\n\n\n<p>El Gobierno Municipal de La Piedad, a trav\u00e9s del Sistema para el Desarrollo Integral de la Familia DIF y la Direcci\u00f3n de Deportes y Recreaci\u00f3n, invita a la ciudadan\u00eda a participar en la Carrera Ne\u00f3n 2025, que se llevar\u00e1 a cabo en el marco de la celebraci\u00f3n del D\u00eda de la Familia.<\/p>\n\n\n\n<p>La carrera se celebrar\u00e1 el pr\u00f3ximo jueves 20 de marzo a las 5:00 p.m. Los participantes podr\u00e1n inscribirse en dos categor\u00edas, con recorridos de 2.5 km y 5 km. Las inscripciones ya est\u00e1n abiertas y pueden realizarse en las instalaciones del DIF Municipal, ubicadas en Enrique Ram\u00edrez #77, y en la Direcci\u00f3n de Deportes y Recreaci\u00f3n, en calle Estadio s\/n, dentro de la Unidad Deportiva Humberto Romero P\u00e9rez. Cabe destacar que la participaci\u00f3n en la carrera no tiene costo.<\/p>\n\n\n\n<p>El punto de salida y meta ser\u00e1 la Plaza Principal de la ciudad. Desde all\u00ed, los corredores recorrer\u00e1n las calles Mariano Jim\u00e9nez, Heriberto Jara, Ju\u00e1rez, 20 de Noviembre, 16 de Septiembre, y finalmente llegar\u00e1n a la calle Hidalgo para concluir en la meta.<\/p>\n\n\n\n<p>Se recomienda a todos los participantes que usen calzado deportivo adecuado, ropa c\u00f3moda y una playera blanca para disfrutar de la carrera, adem\u00e1s de conocer puntualmente las bases de esta carrera.<\/p>\n","protected":false},"excerpt":{"rendered":"<p>El Gobierno Municipal de La Piedad, a trav\u00e9s del Sistema para el Desarrollo Integral de&#8230;<\/p>\n","protected":false},"author":1,"featured_media":12618,"comment_status":"open","ping_status":"open","sticky":false,"template":"","format":"standard","meta":{"jetpack_post_was_ever_published":false,"_jetpack_newsletter_access":"","_jetpack_dont_email_post_to_subs":false,"_jetpack_newsletter_tier_id":0,"_jetpack_memberships_contains_paywalled_content":false,"_jetpack_memberships_contains_paid_content":false,"footnotes":"","jetpack_publicize_message":"","jetpack_publicize_feature_enabled":true,"jetpack_social_post_already_shared":true,"jetpack_social_options":{"image_generator_settings":{"template":"highway","enabled":false},"version":2}},"categories":[1],"tags":[15,36],"class_list":["post-12617","post","type-post","status-publish","format-standard","has-post-thumbnail","hentry","category-la-piedad","tag-la-piedad","tag-principales"],"jetpack_publicize_connections":[],"jetpack_sharing_enabled":true,"featured_image_urls":{"full":["http:\/\/tvalaire.com\/wp-content\/uploads\/2025\/04\/WhatsApp-Image-2025-03-11-at-11.25.54-AM-1-1080x675-1.jpeg",1080,675,false],"thumbnail":["http:\/\/tvalaire.com\/wp-content\/uploads\/2025\/04\/WhatsApp-Image-2025-03-11-at-11.25.54-AM-1-1080x675-1-150x150.jpeg",150,150,true],"medium":["http:\/\/tvalaire.com\/wp-content\/uploads\/2025\/04\/WhatsApp-Image-2025-03-11-at-11.25.54-AM-1-1080x675-1-300x188.jpeg",300,188,true],"medium_large":["http:\/\/tvalaire.com\/wp-content\/uploads\/2025\/04\/WhatsApp-Image-2025-03-11-at-11.25.54-AM-1-1080x675-1-768x480.jpeg",640,400,true],"large":["http:\/\/tvalaire.com\/wp-content\/uploads\/2025\/04\/WhatsApp-Image-2025-03-11-at-11.25.54-AM-1-1080x675-1-1024x640.jpeg",640,400,true],"post-slider-thumb-size":["http:\/\/tvalaire.com\/wp-content\/uploads\/2025\/04\/WhatsApp-Image-2025-03-11-at-11.25.54-AM-1-1080x675-1-330x190.jpeg",330,190,true],"post-category-slider-size":["http:\/\/tvalaire.com\/wp-content\/uploads\/2025\/04\/WhatsApp-Image-2025-03-11-at-11.25.54-AM-1-1080x675-1-330x350.jpeg",330,350,true],"1536x1536":["http:\/\/tvalaire.com\/wp-content\/uploads\/2025\/04\/WhatsApp-Image-2025-03-11-at-11.25.54-AM-1-1080x675-1.jpeg",1080,675,false],"2048x2048":["http:\/\/tvalaire.com\/wp-content\/uploads\/2025\/04\/WhatsApp-Image-2025-03-11-at-11.25.54-AM-1-1080x675-1.jpeg",1080,675,false],"newsium-slider-full":["http:\/\/tvalaire.com\/wp-content\/uploads\/2025\/04\/WhatsApp-Image-2025-03-11-at-11.25.54-AM-1-1080x675-1.jpeg",1080,675,false],"newsium-featured":["http:\/\/tvalaire.com\/wp-content\/uploads\/2025\/04\/WhatsApp-Image-2025-03-11-at-11.25.54-AM-1-1080x675-1-1024x640.jpeg",1024,640,true],"newsium-medium":["http:\/\/tvalaire.com\/wp-content\/uploads\/2025\/04\/WhatsApp-Image-2025-03-11-at-11.25.54-AM-1-1080x675-1-720x475.jpeg",720,475,true]},"author_info":{"info":["tvalairenoti"]},"category_info":"<a href=\"http:\/\/tvalaire.com\/?cat=1\" rel=\"category\">La Piedad<\/a>","tag_info":"La Piedad","comment_count":"0","jetpack_featured_media_url":"http:\/\/tvalaire.com\/wp-content\/uploads\/2025\/04\/WhatsApp-Image-2025-03-11-at-11.25.54-AM-1-1080x675-1.jpeg","_links":{"self":[{"href":"http:\/\/tvalaire.com\/index.php?rest_route=\/wp\/v2\/posts\/12617"}],"collection":[{"href":"http:\/\/tvalaire.com\/index.php?rest_route=\/wp\/v2\/posts"}],"about":[{"href":"http:\/\/tvalaire.com\/index.php?rest_route=\/wp\/v2\/types\/post"}],"author":[{"embeddable":true,"href":"http:\/\/tvalaire.com\/index.php?rest_route=\/wp\/v2\/users\/1"}],"replies":[{"embeddable":true,"href":"http:\/\/tvalaire.com\/index.php?rest_route=%2Fwp%2Fv2%2Fcomments&post=12617"}],"version-history":[{"count":1,"href":"http:\/\/tvalaire.com\/index.php?rest_route=\/wp\/v2\/posts\/12617\/revisions"}],"predecessor-version":[{"id":12619,"href":"http:\/\/tvalaire.com\/index.php?rest_route=\/wp\/v2\/posts\/12617\/revisions\/12619"}],"wp:featuredmedia":[{"embeddable":true,"href":"http:\/\/tvalaire.com\/index.php?rest_route=\/wp\/v2\/media\/12618"}],"wp:attachment":[{"href":"http:\/\/tvalaire.com\/index.php?rest_route=%2Fwp%2Fv2%2Fmedia&parent=12617"}],"wp:term":[{"taxonomy":"category","embeddable":true,"href":"http:\/\/tvalaire.com\/index.php?rest_route=%2Fwp%2Fv2%2Fcategories&post=12617"},{"taxonomy":"post_tag","embeddable":true,"href":"http:\/\/tvalaire.com\/index.php?rest_route=%2Fwp%2Fv2%2Ftags&post=12617"}],"curies":[{"name":"wp","href":"https:\/\/api.w.org\/{rel}","templated":true}]}}