{"id":12614,"date":"2025-03-12T09:20:00","date_gmt":"2025-03-12T15:20:00","guid":{"rendered":"http:\/\/tvalaire.com\/?p=12614"},"modified":"2025-04-03T09:22:46","modified_gmt":"2025-04-03T15:22:46","slug":"continua-el-impulso-a-la-cultura-en-la-piedad-presentacion-del-ballet-folklorico-universitario-mahuatzi","status":"publish","type":"post","link":"http:\/\/tvalaire.com\/?p=12614","title":{"rendered":"CONTIN\u00daA EL IMPULSO A LA CULTURA EN LA PIEDAD: PRESENTACI\u00d3N DEL BALLET FOLKL\u00d3RICO UNIVERSITARIO MAHUATZI"},"content":{"rendered":"\n<ul class=\"wp-block-list\">\n<li><strong>Viernes 14 marzo, 18:00 horas, en el Teatro al aire libre \u201cMiguel Hidalgo\u201d<\/strong><\/li>\n<\/ul>\n\n\n\n<p>Como parte de las acciones de promoci\u00f3n y difusi\u00f3n en el gusto por el arte en sus diversas manifestaciones, el Gobierno Municipal de La Piedad, por medio de la Direcci\u00f3n de Cultura, hace una invitaci\u00f3n a la ciudad para que acuda a la presentaci\u00f3n del Ballet folkl\u00f3rico Universitario Mahuatzi.<\/p>\n\n\n\n<p>Ser\u00e1 en el Teatro al Aire libre \u201cMiguel Hidalgo\u201d, de la colonia Vasco de Quiroga, en el \u00e1rea del mirador de la ciudad, este viernes 14 a partir de las 18:00 horas en donde se presenta la agrupaci\u00f3n de j\u00f3venes universitarios que forman parte del Ballet de la ciudad de Nayarit.<\/p>\n\n\n\n<p>Con 25 a\u00f1os de fundaci\u00f3n, el Ballet ha contribuido al desarrollo social de su entidad de origen, as\u00ed mismo promueve, difunde y conserva las costumbres danc\u00edsticas nayaritas en cada una de sus presentaciones.<\/p>\n\n\n\n<p>De acuerdo con lo dicho por el propio presidente Samuel Hidalgo Gallardo, se trata de poco a poco seguir realizando actividades culturales y art\u00edsticas en ese espacio que no hace mucho se habilit\u00f3 como otro recinto m\u00e1s en la ciudad, donde se puedan ofrecer espect\u00e1culos dignos para los piedadenses.<\/p>\n\n\n\n<p>El Alcalde destac\u00f3 tambi\u00e9n que este evento podr\u00e1 realizarse gracias a la colaboraci\u00f3n de la regidora Margarita Gallardo Garnica, integrante de la Comisi\u00f3n de cultura del Ayuntamiento, que estuvo pendiente en todo momento para que los j\u00f3venes de la Universidad Aut\u00f3noma de Nayarit est\u00e9n presentes el pr\u00f3ximo viernes.<\/p>\n","protected":false},"excerpt":{"rendered":"<p>Como parte de las acciones de promoci\u00f3n y difusi\u00f3n en el gusto por el arte&#8230;<\/p>\n","protected":false},"author":1,"featured_media":12615,"comment_status":"open","ping_status":"open","sticky":false,"template":"","format":"standard","meta":{"jetpack_post_was_ever_published":false,"_jetpack_newsletter_access":"","_jetpack_dont_email_post_to_subs":false,"_jetpack_newsletter_tier_id":0,"_jetpack_memberships_contains_paywalled_content":false,"_jetpack_memberships_contains_paid_content":false,"footnotes":"","jetpack_publicize_message":"","jetpack_publicize_feature_enabled":true,"jetpack_social_post_already_shared":true,"jetpack_social_options":{"image_generator_settings":{"template":"highway","enabled":false},"version":2}},"categories":[1],"tags":[15,36],"class_list":["post-12614","post","type-post","status-publish","format-standard","has-post-thumbnail","hentry","category-la-piedad","tag-la-piedad","tag-principales"],"jetpack_publicize_connections":[],"jetpack_sharing_enabled":true,"featured_image_urls":{"full":["http:\/\/tvalaire.com\/wp-content\/uploads\/2025\/04\/484871524_1044358624385182_6276490967536553707_n.jpg",526,526,false],"thumbnail":["http:\/\/tvalaire.com\/wp-content\/uploads\/2025\/04\/484871524_1044358624385182_6276490967536553707_n-150x150.jpg",150,150,true],"medium":["http:\/\/tvalaire.com\/wp-content\/uploads\/2025\/04\/484871524_1044358624385182_6276490967536553707_n-300x300.jpg",300,300,true],"medium_large":["http:\/\/tvalaire.com\/wp-content\/uploads\/2025\/04\/484871524_1044358624385182_6276490967536553707_n.jpg",526,526,false],"large":["http:\/\/tvalaire.com\/wp-content\/uploads\/2025\/04\/484871524_1044358624385182_6276490967536553707_n.jpg",526,526,false],"post-slider-thumb-size":["http:\/\/tvalaire.com\/wp-content\/uploads\/2025\/04\/484871524_1044358624385182_6276490967536553707_n-330x190.jpg",330,190,true],"post-category-slider-size":["http:\/\/tvalaire.com\/wp-content\/uploads\/2025\/04\/484871524_1044358624385182_6276490967536553707_n-330x350.jpg",330,350,true],"1536x1536":["http:\/\/tvalaire.com\/wp-content\/uploads\/2025\/04\/484871524_1044358624385182_6276490967536553707_n.jpg",526,526,false],"2048x2048":["http:\/\/tvalaire.com\/wp-content\/uploads\/2025\/04\/484871524_1044358624385182_6276490967536553707_n.jpg",526,526,false],"newsium-slider-full":["http:\/\/tvalaire.com\/wp-content\/uploads\/2025\/04\/484871524_1044358624385182_6276490967536553707_n.jpg",526,526,false],"newsium-featured":["http:\/\/tvalaire.com\/wp-content\/uploads\/2025\/04\/484871524_1044358624385182_6276490967536553707_n.jpg",526,526,false],"newsium-medium":["http:\/\/tvalaire.com\/wp-content\/uploads\/2025\/04\/484871524_1044358624385182_6276490967536553707_n-526x475.jpg",526,475,true]},"author_info":{"info":["tvalairenoti"]},"category_info":"<a href=\"http:\/\/tvalaire.com\/?cat=1\" rel=\"category\">La Piedad<\/a>","tag_info":"La Piedad","comment_count":"0","jetpack_featured_media_url":"http:\/\/tvalaire.com\/wp-content\/uploads\/2025\/04\/484871524_1044358624385182_6276490967536553707_n.jpg","_links":{"self":[{"href":"http:\/\/tvalaire.com\/index.php?rest_route=\/wp\/v2\/posts\/12614"}],"collection":[{"href":"http:\/\/tvalaire.com\/index.php?rest_route=\/wp\/v2\/posts"}],"about":[{"href":"http:\/\/tvalaire.com\/index.php?rest_route=\/wp\/v2\/types\/post"}],"author":[{"embeddable":true,"href":"http:\/\/tvalaire.com\/index.php?rest_route=\/wp\/v2\/users\/1"}],"replies":[{"embeddable":true,"href":"http:\/\/tvalaire.com\/index.php?rest_route=%2Fwp%2Fv2%2Fcomments&post=12614"}],"version-history":[{"count":1,"href":"http:\/\/tvalaire.com\/index.php?rest_route=\/wp\/v2\/posts\/12614\/revisions"}],"predecessor-version":[{"id":12616,"href":"http:\/\/tvalaire.com\/index.php?rest_route=\/wp\/v2\/posts\/12614\/revisions\/12616"}],"wp:featuredmedia":[{"embeddable":true,"href":"http:\/\/tvalaire.com\/index.php?rest_route=\/wp\/v2\/media\/12615"}],"wp:attachment":[{"href":"http:\/\/tvalaire.com\/index.php?rest_route=%2Fwp%2Fv2%2Fmedia&parent=12614"}],"wp:term":[{"taxonomy":"category","embeddable":true,"href":"http:\/\/tvalaire.com\/index.php?rest_route=%2Fwp%2Fv2%2Fcategories&post=12614"},{"taxonomy":"post_tag","embeddable":true,"href":"http:\/\/tvalaire.com\/index.php?rest_route=%2Fwp%2Fv2%2Ftags&post=12614"}],"curies":[{"name":"wp","href":"https:\/\/api.w.org\/{rel}","templated":true}]}}