{"id":1258,"date":"2017-04-06T09:56:44","date_gmt":"2017-04-06T14:56:44","guid":{"rendered":"http:\/\/tvalaire.com\/?p=1258"},"modified":"2017-04-06T09:56:44","modified_gmt":"2017-04-06T14:56:44","slug":"gobierno-municipal-reconoce-el-trabajo-desempenado-de-dos-docentes-de-la-zona-069","status":"publish","type":"post","link":"http:\/\/tvalaire.com\/?p=1258","title":{"rendered":"GOBIERNO MUNICIPAL RECONOCE EL TRABAJO DESEMPE\u00d1ADO DE DOS DOCENTES DE LA ZONA 069"},"content":{"rendered":"<p>Presidente Municipal V\u00edctor V\u00e1zquez a trav\u00e9s de la S\u00edndico Municipal Lic. Nayeli Ram\u00edrez Chavarr\u00eda reconoce el trabajo desempe\u00f1ado de la profesora Dora Ofelia Moreno Ben\u00edtez y de la Profa. Olga Josefina Soto Mart\u00ednez, quienes compartieron su sabidur\u00eda, paciencia y educaci\u00f3n durante 32 a\u00f1os de su vida en la zona escolar 069.<\/p>\n<p>\u201choy es la culminaci\u00f3n del trabajo que tuvieron por muchos a\u00f1os las maestras, como padres nosotros les damos los valores a nuestros hijos, pero ustedes nos vienen a reformar los valores que nosotros hemos dado en casa, yo s\u00e9 que es un trabajo complicado, pero s\u00e9 que lo hacen con mucho amor, a veces se enfrentan con ni\u00f1os que les hace falta cari\u00f1o en casa y ustedes convierten sus tristezas en sonrisa, por eso mi reconocimiento que durante muchos a\u00f1os desempe\u00f1aron su trabajo\u201d, se\u00f1al\u00f3 la S\u00edndico Municipal.<\/p>\n<p>Igual mente les extern\u00f3 que \u201cquiero decirles que en esta nueva etapa de su vida que van iniciar en casa, les va ir igual de bien, que en su profesi\u00f3n, los recuerdos se van a quedar con los ni\u00f1os que formaron, que ha hora ya algunos son profesionistas\u201d.<\/p>\n<p>&nbsp;<\/p>\n<p><img loading=\"lazy\" decoding=\"async\" class=\"alignnone size-medium wp-image-1261\" src=\"http:\/\/tvalaire.com\/wp-content\/uploads\/2017\/04\/GOBIERNO-MUNICIPAL-RECONOCE-EL-TRABAJO-DESEMPE\u00d1ADO-DE-DOS-DOCENTES-DE-LA-ZONA-069-3-199x300.jpg\" alt=\"\" width=\"199\" height=\"300\" srcset=\"http:\/\/tvalaire.com\/wp-content\/uploads\/2017\/04\/GOBIERNO-MUNICIPAL-RECONOCE-EL-TRABAJO-DESEMPE\u00d1ADO-DE-DOS-DOCENTES-DE-LA-ZONA-069-3-199x300.jpg 199w, http:\/\/tvalaire.com\/wp-content\/uploads\/2017\/04\/GOBIERNO-MUNICIPAL-RECONOCE-EL-TRABAJO-DESEMPE\u00d1ADO-DE-DOS-DOCENTES-DE-LA-ZONA-069-3-768x1160.jpg 768w, http:\/\/tvalaire.com\/wp-content\/uploads\/2017\/04\/GOBIERNO-MUNICIPAL-RECONOCE-EL-TRABAJO-DESEMPE\u00d1ADO-DE-DOS-DOCENTES-DE-LA-ZONA-069-3-678x1024.jpg 678w\" sizes=\"(max-width: 199px) 100vw, 199px\" \/><\/p>\n<p><img loading=\"lazy\" decoding=\"async\" class=\"alignnone size-medium wp-image-1260\" src=\"http:\/\/tvalaire.com\/wp-content\/uploads\/2017\/04\/GOBIERNO-MUNICIPAL-RECONOCE-EL-TRABAJO-DESEMPE\u00d1ADO-DE-DOS-DOCENTES-DE-LA-ZONA-069-2-300x199.jpg\" alt=\"\" width=\"300\" height=\"199\" srcset=\"http:\/\/tvalaire.com\/wp-content\/uploads\/2017\/04\/GOBIERNO-MUNICIPAL-RECONOCE-EL-TRABAJO-DESEMPE\u00d1ADO-DE-DOS-DOCENTES-DE-LA-ZONA-069-2-300x199.jpg 300w, http:\/\/tvalaire.com\/wp-content\/uploads\/2017\/04\/GOBIERNO-MUNICIPAL-RECONOCE-EL-TRABAJO-DESEMPE\u00d1ADO-DE-DOS-DOCENTES-DE-LA-ZONA-069-2-768x509.jpg 768w, http:\/\/tvalaire.com\/wp-content\/uploads\/2017\/04\/GOBIERNO-MUNICIPAL-RECONOCE-EL-TRABAJO-DESEMPE\u00d1ADO-DE-DOS-DOCENTES-DE-LA-ZONA-069-2-1024x678.jpg 1024w\" sizes=\"(max-width: 300px) 100vw, 300px\" \/><\/p>\n","protected":false},"excerpt":{"rendered":"<p>Presidente Municipal V\u00edctor V\u00e1zquez a trav\u00e9s de la S\u00edndico Municipal Lic. Nayeli Ram\u00edrez Chavarr\u00eda reconoce&#8230;<\/p>\n","protected":false},"author":1,"featured_media":1259,"comment_status":"open","ping_status":"open","sticky":false,"template":"","format":"standard","meta":{"jetpack_post_was_ever_published":false,"_jetpack_newsletter_access":"","_jetpack_dont_email_post_to_subs":false,"_jetpack_newsletter_tier_id":0,"_jetpack_memberships_contains_paywalled_content":false,"_jetpack_memberships_contains_paid_content":false,"footnotes":"","jetpack_publicize_message":"","jetpack_publicize_feature_enabled":true,"jetpack_social_post_already_shared":false,"jetpack_social_options":{"image_generator_settings":{"template":"highway","enabled":false},"version":2}},"categories":[4],"tags":[24],"class_list":["post-1258","post","type-post","status-publish","format-standard","has-post-thumbnail","hentry","category-puruandiro","tag-puruandiro"],"jetpack_publicize_connections":[],"jetpack_sharing_enabled":true,"featured_image_urls":{"full":["http:\/\/tvalaire.com\/wp-content\/uploads\/2017\/04\/GOBIERNO-MUNICIPAL-RECONOCE-EL-TRABAJO-DESEMPE\u00d1ADO-DE-DOS-DOCENTES-DE-LA-ZONA-069-1.jpg",4928,3264,false],"thumbnail":["http:\/\/tvalaire.com\/wp-content\/uploads\/2017\/04\/GOBIERNO-MUNICIPAL-RECONOCE-EL-TRABAJO-DESEMPE\u00d1ADO-DE-DOS-DOCENTES-DE-LA-ZONA-069-1-150x150.jpg",150,150,true],"medium":["http:\/\/tvalaire.com\/wp-content\/uploads\/2017\/04\/GOBIERNO-MUNICIPAL-RECONOCE-EL-TRABAJO-DESEMPE\u00d1ADO-DE-DOS-DOCENTES-DE-LA-ZONA-069-1-300x199.jpg",300,199,true],"medium_large":["http:\/\/tvalaire.com\/wp-content\/uploads\/2017\/04\/GOBIERNO-MUNICIPAL-RECONOCE-EL-TRABAJO-DESEMPE\u00d1ADO-DE-DOS-DOCENTES-DE-LA-ZONA-069-1-768x509.jpg",640,424,true],"large":["http:\/\/tvalaire.com\/wp-content\/uploads\/2017\/04\/GOBIERNO-MUNICIPAL-RECONOCE-EL-TRABAJO-DESEMPE\u00d1ADO-DE-DOS-DOCENTES-DE-LA-ZONA-069-1-1024x678.jpg",640,424,true],"post-slider-thumb-size":["http:\/\/tvalaire.com\/wp-content\/uploads\/2017\/04\/GOBIERNO-MUNICIPAL-RECONOCE-EL-TRABAJO-DESEMPE\u00d1ADO-DE-DOS-DOCENTES-DE-LA-ZONA-069-1.jpg",287,190,false],"post-category-slider-size":["http:\/\/tvalaire.com\/wp-content\/uploads\/2017\/04\/GOBIERNO-MUNICIPAL-RECONOCE-EL-TRABAJO-DESEMPE\u00d1ADO-DE-DOS-DOCENTES-DE-LA-ZONA-069-1.jpg",330,219,false],"1536x1536":["http:\/\/tvalaire.com\/wp-content\/uploads\/2017\/04\/GOBIERNO-MUNICIPAL-RECONOCE-EL-TRABAJO-DESEMPE\u00d1ADO-DE-DOS-DOCENTES-DE-LA-ZONA-069-1.jpg",1536,1017,false],"2048x2048":["http:\/\/tvalaire.com\/wp-content\/uploads\/2017\/04\/GOBIERNO-MUNICIPAL-RECONOCE-EL-TRABAJO-DESEMPE\u00d1ADO-DE-DOS-DOCENTES-DE-LA-ZONA-069-1.jpg",2048,1356,false],"newsium-slider-full":["http:\/\/tvalaire.com\/wp-content\/uploads\/2017\/04\/GOBIERNO-MUNICIPAL-RECONOCE-EL-TRABAJO-DESEMPE\u00d1ADO-DE-DOS-DOCENTES-DE-LA-ZONA-069-1.jpg",1276,845,false],"newsium-featured":["http:\/\/tvalaire.com\/wp-content\/uploads\/2017\/04\/GOBIERNO-MUNICIPAL-RECONOCE-EL-TRABAJO-DESEMPE\u00d1ADO-DE-DOS-DOCENTES-DE-LA-ZONA-069-1.jpg",1024,678,false],"newsium-medium":["http:\/\/tvalaire.com\/wp-content\/uploads\/2017\/04\/GOBIERNO-MUNICIPAL-RECONOCE-EL-TRABAJO-DESEMPE\u00d1ADO-DE-DOS-DOCENTES-DE-LA-ZONA-069-1.jpg",717,475,false]},"author_info":{"info":["tvalairenoti"]},"category_info":"<a href=\"http:\/\/tvalaire.com\/?cat=4\" rel=\"category\">Puru\u00e1ndiro<\/a>","tag_info":"Puru\u00e1ndiro","comment_count":"0","jetpack_featured_media_url":"http:\/\/tvalaire.com\/wp-content\/uploads\/2017\/04\/GOBIERNO-MUNICIPAL-RECONOCE-EL-TRABAJO-DESEMPE\u00d1ADO-DE-DOS-DOCENTES-DE-LA-ZONA-069-1.jpg","_links":{"self":[{"href":"http:\/\/tvalaire.com\/index.php?rest_route=\/wp\/v2\/posts\/1258"}],"collection":[{"href":"http:\/\/tvalaire.com\/index.php?rest_route=\/wp\/v2\/posts"}],"about":[{"href":"http:\/\/tvalaire.com\/index.php?rest_route=\/wp\/v2\/types\/post"}],"author":[{"embeddable":true,"href":"http:\/\/tvalaire.com\/index.php?rest_route=\/wp\/v2\/users\/1"}],"replies":[{"embeddable":true,"href":"http:\/\/tvalaire.com\/index.php?rest_route=%2Fwp%2Fv2%2Fcomments&post=1258"}],"version-history":[{"count":1,"href":"http:\/\/tvalaire.com\/index.php?rest_route=\/wp\/v2\/posts\/1258\/revisions"}],"predecessor-version":[{"id":1262,"href":"http:\/\/tvalaire.com\/index.php?rest_route=\/wp\/v2\/posts\/1258\/revisions\/1262"}],"wp:featuredmedia":[{"embeddable":true,"href":"http:\/\/tvalaire.com\/index.php?rest_route=\/wp\/v2\/media\/1259"}],"wp:attachment":[{"href":"http:\/\/tvalaire.com\/index.php?rest_route=%2Fwp%2Fv2%2Fmedia&parent=1258"}],"wp:term":[{"taxonomy":"category","embeddable":true,"href":"http:\/\/tvalaire.com\/index.php?rest_route=%2Fwp%2Fv2%2Fcategories&post=1258"},{"taxonomy":"post_tag","embeddable":true,"href":"http:\/\/tvalaire.com\/index.php?rest_route=%2Fwp%2Fv2%2Ftags&post=1258"}],"curies":[{"name":"wp","href":"https:\/\/api.w.org\/{rel}","templated":true}]}}