{"id":12559,"date":"2025-02-11T14:51:16","date_gmt":"2025-02-11T20:51:16","guid":{"rendered":"http:\/\/tvalaire.com\/?p=12559"},"modified":"2025-03-05T14:52:44","modified_gmt":"2025-03-05T20:52:44","slug":"apoyo-al-campo-de-la-piedad-en-el-segundo-foro-regional-de-agricultura","status":"publish","type":"post","link":"http:\/\/tvalaire.com\/?p=12559","title":{"rendered":"APOYO AL CAMPO DE LA PIEDAD EN EL SEGUNDO FORO REGIONAL DE AGRICULTURA"},"content":{"rendered":"\n<p><\/p>\n\n\n\n<ul class=\"wp-block-list\">\n<li><strong>Presidente de La Piedad contin\u00faa en sinergia con el Gobierno del Estado<\/strong><\/li>\n\n\n\n<li><strong>Impulsan al Sector Agropecuario con financiamientos<\/strong><\/li>\n<\/ul>\n\n\n\n<p>A trav\u00e9s del Gobierno Municipal de La Piedad y en coordinaci\u00f3n con el Gobierno del Estado de Michoac\u00e1n, se realiz\u00f3 el \u201cSegundo Foro Agropecuario y de Financiamiento\u201d de la Regi\u00f3n Baj\u00edo, cuyo objetivo es acercar cr\u00e9ditos para inversiones agropecuarias, acu\u00edcolas, forestales y de desarrollo rural.<\/p>\n\n\n\n<p>En dicho evento, estuvo presente el Presidente Municipal de La Piedad, Samuel Hidalgo, quien coment\u00f3 que gracias a la sinergia que se ha formado con el Gobernador Alfredo Ram\u00edrez Bedolla, se han realizado grandes trabajos por el campo dentro de la localidad, adem\u00e1s, aprovech\u00f3 para agradecer la asistencia del Secretario de Agricultura y Desarrollo Rural SADER, el Ingeniero Cuauht\u00e9moc Ram\u00edrez, quien coment\u00f3 sentirse afortunado por realizar dicho foro en el municipio sede.<\/p>\n\n\n\n<p>Adem\u00e1s, se tuvo la presencia de presidentes municipales y representantes de: Angamacutiro, Churintzio, Ecuandureo, Jos\u00e9 Sixto Verduzco, La Piedad, Morelos, Numar\u00e1n, Penjamillo, Puru\u00e1ndiro y Yur\u00e9cuaro, todos ellos pertenecientes a la Regi\u00f3n Baj\u00edo.<\/p>\n\n\n\n<p>En este Foro se registraron m\u00e1s de 250 agricultores locales y de la regi\u00f3n, en el cual se abordaron varias tem\u00e1ticas en favor de impulsar el sector agropecuario, as\u00ed como el financiamiento de los mismos.<\/p>\n\n\n\n<p>Es de mencionar que se dieron a conocer servicios financieros como seguros para sus cosechas, esquemas de financiamiento para la maquinaria y tecnificaci\u00f3n de sus cultivos, as\u00ed como la movilizaci\u00f3n y enfermedades en el ganado, entre otros, todo ello con el prop\u00f3sito de acercar recursos \u00fatiles a los productores agr\u00edcolas.<\/p>\n\n\n\n<figure class=\"wp-block-image size-large\"><img loading=\"lazy\" decoding=\"async\" width=\"1024\" height=\"682\" src=\"http:\/\/tvalaire.com\/wp-content\/uploads\/2025\/03\/WhatsApp-Image-2025-02-11-at-1.43.34-PM-1024x682.jpeg\" alt=\"\" class=\"wp-image-12561\" srcset=\"http:\/\/tvalaire.com\/wp-content\/uploads\/2025\/03\/WhatsApp-Image-2025-02-11-at-1.43.34-PM-1024x682.jpeg 1024w, http:\/\/tvalaire.com\/wp-content\/uploads\/2025\/03\/WhatsApp-Image-2025-02-11-at-1.43.34-PM-300x200.jpeg 300w, http:\/\/tvalaire.com\/wp-content\/uploads\/2025\/03\/WhatsApp-Image-2025-02-11-at-1.43.34-PM-768x512.jpeg 768w, http:\/\/tvalaire.com\/wp-content\/uploads\/2025\/03\/WhatsApp-Image-2025-02-11-at-1.43.34-PM.jpeg 1280w\" sizes=\"(max-width: 1024px) 100vw, 1024px\" \/><\/figure>\n\n\n\n<figure class=\"wp-block-image size-large\"><img loading=\"lazy\" decoding=\"async\" width=\"1024\" height=\"682\" src=\"http:\/\/tvalaire.com\/wp-content\/uploads\/2025\/03\/0-3-1024x682.jpeg\" alt=\"\" class=\"wp-image-12562\" srcset=\"http:\/\/tvalaire.com\/wp-content\/uploads\/2025\/03\/0-3-1024x682.jpeg 1024w, http:\/\/tvalaire.com\/wp-content\/uploads\/2025\/03\/0-3-300x200.jpeg 300w, http:\/\/tvalaire.com\/wp-content\/uploads\/2025\/03\/0-3-768x512.jpeg 768w, http:\/\/tvalaire.com\/wp-content\/uploads\/2025\/03\/0-3.jpeg 1280w\" sizes=\"(max-width: 1024px) 100vw, 1024px\" \/><\/figure>\n","protected":false},"excerpt":{"rendered":"<p>A trav\u00e9s del Gobierno Municipal de La Piedad y en coordinaci\u00f3n con el Gobierno del&#8230;<\/p>\n","protected":false},"author":1,"featured_media":12560,"comment_status":"open","ping_status":"open","sticky":false,"template":"","format":"standard","meta":{"jetpack_post_was_ever_published":false,"_jetpack_newsletter_access":"","_jetpack_dont_email_post_to_subs":false,"_jetpack_newsletter_tier_id":0,"_jetpack_memberships_contains_paywalled_content":false,"_jetpack_memberships_contains_paid_content":false,"footnotes":"","jetpack_publicize_message":"","jetpack_publicize_feature_enabled":true,"jetpack_social_post_already_shared":true,"jetpack_social_options":{"image_generator_settings":{"template":"highway","enabled":false},"version":2}},"categories":[1],"tags":[15,36],"class_list":["post-12559","post","type-post","status-publish","format-standard","has-post-thumbnail","hentry","category-la-piedad","tag-la-piedad","tag-principales"],"jetpack_publicize_connections":[],"jetpack_sharing_enabled":true,"featured_image_urls":{"full":["http:\/\/tvalaire.com\/wp-content\/uploads\/2025\/03\/0-1.jpeg",1280,853,false],"thumbnail":["http:\/\/tvalaire.com\/wp-content\/uploads\/2025\/03\/0-1-150x150.jpeg",150,150,true],"medium":["http:\/\/tvalaire.com\/wp-content\/uploads\/2025\/03\/0-1-300x200.jpeg",300,200,true],"medium_large":["http:\/\/tvalaire.com\/wp-content\/uploads\/2025\/03\/0-1-768x512.jpeg",640,427,true],"large":["http:\/\/tvalaire.com\/wp-content\/uploads\/2025\/03\/0-1-1024x682.jpeg",640,426,true],"post-slider-thumb-size":["http:\/\/tvalaire.com\/wp-content\/uploads\/2025\/03\/0-1-330x190.jpeg",330,190,true],"post-category-slider-size":["http:\/\/tvalaire.com\/wp-content\/uploads\/2025\/03\/0-1-330x350.jpeg",330,350,true],"1536x1536":["http:\/\/tvalaire.com\/wp-content\/uploads\/2025\/03\/0-1.jpeg",1280,853,false],"2048x2048":["http:\/\/tvalaire.com\/wp-content\/uploads\/2025\/03\/0-1.jpeg",1280,853,false],"newsium-slider-full":["http:\/\/tvalaire.com\/wp-content\/uploads\/2025\/03\/0-1-1280x845.jpeg",1280,845,true],"newsium-featured":["http:\/\/tvalaire.com\/wp-content\/uploads\/2025\/03\/0-1-1024x682.jpeg",1024,682,true],"newsium-medium":["http:\/\/tvalaire.com\/wp-content\/uploads\/2025\/03\/0-1-720x475.jpeg",720,475,true]},"author_info":{"info":["tvalairenoti"]},"category_info":"<a href=\"http:\/\/tvalaire.com\/?cat=1\" rel=\"category\">La Piedad<\/a>","tag_info":"La Piedad","comment_count":"0","jetpack_featured_media_url":"http:\/\/tvalaire.com\/wp-content\/uploads\/2025\/03\/0-1.jpeg","_links":{"self":[{"href":"http:\/\/tvalaire.com\/index.php?rest_route=\/wp\/v2\/posts\/12559"}],"collection":[{"href":"http:\/\/tvalaire.com\/index.php?rest_route=\/wp\/v2\/posts"}],"about":[{"href":"http:\/\/tvalaire.com\/index.php?rest_route=\/wp\/v2\/types\/post"}],"author":[{"embeddable":true,"href":"http:\/\/tvalaire.com\/index.php?rest_route=\/wp\/v2\/users\/1"}],"replies":[{"embeddable":true,"href":"http:\/\/tvalaire.com\/index.php?rest_route=%2Fwp%2Fv2%2Fcomments&post=12559"}],"version-history":[{"count":1,"href":"http:\/\/tvalaire.com\/index.php?rest_route=\/wp\/v2\/posts\/12559\/revisions"}],"predecessor-version":[{"id":12563,"href":"http:\/\/tvalaire.com\/index.php?rest_route=\/wp\/v2\/posts\/12559\/revisions\/12563"}],"wp:featuredmedia":[{"embeddable":true,"href":"http:\/\/tvalaire.com\/index.php?rest_route=\/wp\/v2\/media\/12560"}],"wp:attachment":[{"href":"http:\/\/tvalaire.com\/index.php?rest_route=%2Fwp%2Fv2%2Fmedia&parent=12559"}],"wp:term":[{"taxonomy":"category","embeddable":true,"href":"http:\/\/tvalaire.com\/index.php?rest_route=%2Fwp%2Fv2%2Fcategories&post=12559"},{"taxonomy":"post_tag","embeddable":true,"href":"http:\/\/tvalaire.com\/index.php?rest_route=%2Fwp%2Fv2%2Ftags&post=12559"}],"curies":[{"name":"wp","href":"https:\/\/api.w.org\/{rel}","templated":true}]}}