{"id":12554,"date":"2025-02-10T14:49:44","date_gmt":"2025-02-10T20:49:44","guid":{"rendered":"http:\/\/tvalaire.com\/?p=12554"},"modified":"2025-03-05T14:51:05","modified_gmt":"2025-03-05T20:51:05","slug":"se-promueve-el-deporte-de-ciclismo-de-montana-en-la-piedad","status":"publish","type":"post","link":"http:\/\/tvalaire.com\/?p=12554","title":{"rendered":"SE PROMUEVE EL DEPORTE DE CICLISMO DE MONTA\u00d1A EN LA PIEDAD"},"content":{"rendered":"\n<p><\/p>\n\n\n\n<ul class=\"wp-block-list\">\n<li><strong>Salvador Ram\u00edrez Rojas, primer lugar de la categor\u00eda \u00e9lite<\/strong><\/li>\n\n\n\n<li><strong>M\u00e1s de 150 participantes de diferentes municipios de la regi\u00f3n<\/strong><\/li>\n<\/ul>\n\n\n\n<p>En colaboraci\u00f3n con la Liga de Ciclismo de Monta\u00f1a de Occidente, el Gobierno Municipal de La Piedad, particip\u00f3 en la organizaci\u00f3n y desarrollo de la segunda fecha del interestatal de este deporte que se realiz\u00f3 en la ciudad.<\/p>\n\n\n\n<p>El evento se llev\u00f3 a cabo el pasado domingo en las faldas del ic\u00f3nico Cerro Grande, en la pista Los Zapotillos, la cual tiene m\u00e1s de 5 kil\u00f3metros de recorrido y en la que los ciclistas de las diferentes categor\u00edas pedalearon para sacar los mejores resultados de clasificaci\u00f3n.<\/p>\n\n\n\n<p>A trav\u00e9s de la Direcci\u00f3n de Promoci\u00f3n Econ\u00f3mica, Turismo y Deportes y Recreaci\u00f3n, se colabor\u00f3 con la log\u00edstica y organizaci\u00f3n del evento con la intenci\u00f3n de darle difusi\u00f3n y promocionar este tipo de disciplinas deportivas que poco a poco son del gusto de los piedadenses.<\/p>\n\n\n\n<p>Despu\u00e9s de la apertura del interestatal que se llev\u00f3 acabo en Tepatitl\u00e1n, para esta ocasi\u00f3n m\u00e1s de 150 ciclistas de Arandas, Ocotl\u00e1n, P\u00e9njamo, La Barca, Zamora y otros municipios, se dieron cita en el municipio piedadense, para recorrer una de las mejores pistas de ciclismo de monta\u00f1a del Estado.<\/p>\n\n\n\n<p>El reconocimiento y felicitaci\u00f3n de parte de las autoridades municipales para Salvador Ram\u00edrez Rojas, quien, con su esfuerzo y excelente tiempo de recorrido en las vueltas pactadas, puso en el alto el nombre de la ciudad y se llev\u00f3 el primer lugar de la categor\u00eda \u00e9lite.<\/p>\n\n\n\n<figure class=\"wp-block-image size-large\"><img loading=\"lazy\" decoding=\"async\" width=\"1024\" height=\"768\" src=\"http:\/\/tvalaire.com\/wp-content\/uploads\/2025\/03\/WhatsApp-Image-2025-02-09-at-2.01.34-PM-4-1024x768.jpeg\" alt=\"\" class=\"wp-image-12556\" srcset=\"http:\/\/tvalaire.com\/wp-content\/uploads\/2025\/03\/WhatsApp-Image-2025-02-09-at-2.01.34-PM-4-1024x768.jpeg 1024w, http:\/\/tvalaire.com\/wp-content\/uploads\/2025\/03\/WhatsApp-Image-2025-02-09-at-2.01.34-PM-4-300x225.jpeg 300w, http:\/\/tvalaire.com\/wp-content\/uploads\/2025\/03\/WhatsApp-Image-2025-02-09-at-2.01.34-PM-4-768x576.jpeg 768w, http:\/\/tvalaire.com\/wp-content\/uploads\/2025\/03\/WhatsApp-Image-2025-02-09-at-2.01.34-PM-4.jpeg 1280w\" sizes=\"(max-width: 1024px) 100vw, 1024px\" \/><\/figure>\n\n\n\n<figure class=\"wp-block-image size-large\"><img loading=\"lazy\" decoding=\"async\" width=\"1024\" height=\"576\" src=\"http:\/\/tvalaire.com\/wp-content\/uploads\/2025\/03\/01-1024x576.jpeg\" alt=\"\" class=\"wp-image-12557\" srcset=\"http:\/\/tvalaire.com\/wp-content\/uploads\/2025\/03\/01-1024x576.jpeg 1024w, http:\/\/tvalaire.com\/wp-content\/uploads\/2025\/03\/01-300x169.jpeg 300w, http:\/\/tvalaire.com\/wp-content\/uploads\/2025\/03\/01-768x432.jpeg 768w, http:\/\/tvalaire.com\/wp-content\/uploads\/2025\/03\/01.jpeg 1280w\" sizes=\"(max-width: 1024px) 100vw, 1024px\" \/><\/figure>\n","protected":false},"excerpt":{"rendered":"<p>En colaboraci\u00f3n con la Liga de Ciclismo de Monta\u00f1a de Occidente, el Gobierno Municipal de&#8230;<\/p>\n","protected":false},"author":1,"featured_media":12555,"comment_status":"open","ping_status":"open","sticky":false,"template":"","format":"standard","meta":{"jetpack_post_was_ever_published":false,"_jetpack_newsletter_access":"","_jetpack_dont_email_post_to_subs":false,"_jetpack_newsletter_tier_id":0,"_jetpack_memberships_contains_paywalled_content":false,"_jetpack_memberships_contains_paid_content":false,"footnotes":"","jetpack_publicize_message":"","jetpack_publicize_feature_enabled":true,"jetpack_social_post_already_shared":true,"jetpack_social_options":{"image_generator_settings":{"template":"highway","enabled":false},"version":2}},"categories":[1],"tags":[15,36],"class_list":["post-12554","post","type-post","status-publish","format-standard","has-post-thumbnail","hentry","category-la-piedad","tag-la-piedad","tag-principales"],"jetpack_publicize_connections":[],"jetpack_sharing_enabled":true,"featured_image_urls":{"full":["http:\/\/tvalaire.com\/wp-content\/uploads\/2025\/03\/WhatsApp-Image-2025-02-09-at-2.01.34-PM-2.jpeg",1280,960,false],"thumbnail":["http:\/\/tvalaire.com\/wp-content\/uploads\/2025\/03\/WhatsApp-Image-2025-02-09-at-2.01.34-PM-2-150x150.jpeg",150,150,true],"medium":["http:\/\/tvalaire.com\/wp-content\/uploads\/2025\/03\/WhatsApp-Image-2025-02-09-at-2.01.34-PM-2-300x225.jpeg",300,225,true],"medium_large":["http:\/\/tvalaire.com\/wp-content\/uploads\/2025\/03\/WhatsApp-Image-2025-02-09-at-2.01.34-PM-2-768x576.jpeg",640,480,true],"large":["http:\/\/tvalaire.com\/wp-content\/uploads\/2025\/03\/WhatsApp-Image-2025-02-09-at-2.01.34-PM-2-1024x768.jpeg",640,480,true],"post-slider-thumb-size":["http:\/\/tvalaire.com\/wp-content\/uploads\/2025\/03\/WhatsApp-Image-2025-02-09-at-2.01.34-PM-2-330x190.jpeg",330,190,true],"post-category-slider-size":["http:\/\/tvalaire.com\/wp-content\/uploads\/2025\/03\/WhatsApp-Image-2025-02-09-at-2.01.34-PM-2-330x350.jpeg",330,350,true],"1536x1536":["http:\/\/tvalaire.com\/wp-content\/uploads\/2025\/03\/WhatsApp-Image-2025-02-09-at-2.01.34-PM-2.jpeg",1280,960,false],"2048x2048":["http:\/\/tvalaire.com\/wp-content\/uploads\/2025\/03\/WhatsApp-Image-2025-02-09-at-2.01.34-PM-2.jpeg",1280,960,false],"newsium-slider-full":["http:\/\/tvalaire.com\/wp-content\/uploads\/2025\/03\/WhatsApp-Image-2025-02-09-at-2.01.34-PM-2-1280x845.jpeg",1280,845,true],"newsium-featured":["http:\/\/tvalaire.com\/wp-content\/uploads\/2025\/03\/WhatsApp-Image-2025-02-09-at-2.01.34-PM-2-1024x768.jpeg",1024,768,true],"newsium-medium":["http:\/\/tvalaire.com\/wp-content\/uploads\/2025\/03\/WhatsApp-Image-2025-02-09-at-2.01.34-PM-2-720x475.jpeg",720,475,true]},"author_info":{"info":["tvalairenoti"]},"category_info":"<a href=\"http:\/\/tvalaire.com\/?cat=1\" rel=\"category\">La Piedad<\/a>","tag_info":"La Piedad","comment_count":"0","jetpack_featured_media_url":"http:\/\/tvalaire.com\/wp-content\/uploads\/2025\/03\/WhatsApp-Image-2025-02-09-at-2.01.34-PM-2.jpeg","_links":{"self":[{"href":"http:\/\/tvalaire.com\/index.php?rest_route=\/wp\/v2\/posts\/12554"}],"collection":[{"href":"http:\/\/tvalaire.com\/index.php?rest_route=\/wp\/v2\/posts"}],"about":[{"href":"http:\/\/tvalaire.com\/index.php?rest_route=\/wp\/v2\/types\/post"}],"author":[{"embeddable":true,"href":"http:\/\/tvalaire.com\/index.php?rest_route=\/wp\/v2\/users\/1"}],"replies":[{"embeddable":true,"href":"http:\/\/tvalaire.com\/index.php?rest_route=%2Fwp%2Fv2%2Fcomments&post=12554"}],"version-history":[{"count":1,"href":"http:\/\/tvalaire.com\/index.php?rest_route=\/wp\/v2\/posts\/12554\/revisions"}],"predecessor-version":[{"id":12558,"href":"http:\/\/tvalaire.com\/index.php?rest_route=\/wp\/v2\/posts\/12554\/revisions\/12558"}],"wp:featuredmedia":[{"embeddable":true,"href":"http:\/\/tvalaire.com\/index.php?rest_route=\/wp\/v2\/media\/12555"}],"wp:attachment":[{"href":"http:\/\/tvalaire.com\/index.php?rest_route=%2Fwp%2Fv2%2Fmedia&parent=12554"}],"wp:term":[{"taxonomy":"category","embeddable":true,"href":"http:\/\/tvalaire.com\/index.php?rest_route=%2Fwp%2Fv2%2Fcategories&post=12554"},{"taxonomy":"post_tag","embeddable":true,"href":"http:\/\/tvalaire.com\/index.php?rest_route=%2Fwp%2Fv2%2Ftags&post=12554"}],"curies":[{"name":"wp","href":"https:\/\/api.w.org\/{rel}","templated":true}]}}