{"id":12549,"date":"2025-02-06T14:48:16","date_gmt":"2025-02-06T20:48:16","guid":{"rendered":"http:\/\/tvalaire.com\/?p=12549"},"modified":"2025-03-05T14:49:34","modified_gmt":"2025-03-05T20:49:34","slug":"gobierno-de-la-piedad-entrega-implementos-y-herramientas-agricolas","status":"publish","type":"post","link":"http:\/\/tvalaire.com\/?p=12549","title":{"rendered":"GOBIERNO DE LA PIEDAD ENTREGA IMPLEMENTOS Y HERRAMIENTAS AGR\u00cdCOLAS"},"content":{"rendered":"\n<p><\/p>\n\n\n\n<ul class=\"wp-block-list\">\n<li><strong>M\u00e1s de 600 mil pesos invertidos de manera bipartita<\/strong><\/li>\n\n\n\n<li><strong>El martes 11 se realizar\u00e1 el segundo Foro Regional de Agricultura<\/strong><\/li>\n<\/ul>\n\n\n\n<p>A trav\u00e9s de la Direcci\u00f3n de Fomento Agropecuario, y con el objetivo de contribuir al crecimiento del campo de La Piedad, el Gobierno Municipal que encabeza el alcalde Samuel Hidalgo Gallardo, hizo entrega de implementos agr\u00edcolas a productores del campo que as\u00ed lo solicitaron.<\/p>\n\n\n\n<p>Durante el evento, el Presidente destac\u00f3 la importancia de contribuir con el sector agr\u00edcola de la ciudad refrendando as\u00ed su compromiso para seguir gestionando recursos que contribuyan de manera significativa al desarrollo del campo local.<\/p>\n\n\n\n<p>Para esta ocasi\u00f3n se hizo una inversi\u00f3n superior a los 600 mil pesos de manera bipartita entre Gobierno Municipal y 18 beneficiados quienes son vecinos de las comunidades de Acuitzio, Zaragoza, Tanque de Pe\u00f1a, Guanajuatillo.<\/p>\n\n\n\n<p>A trav\u00e9s del Programa Municipal de Implementos Agr\u00edcolas, se hizo la entrega de algunos implementos como boleadoras, desvaradoras, subsuelos, aspersoras, desbrozadoras, drones para fumigar, entre otros equipos que tienen como objetivo coadyuvar al desarrollo.<\/p>\n\n\n\n<p>Ah\u00ed el alcalde Samuel Hidalgo, coment\u00f3 que la meta es poder contribuir a la tecnificaci\u00f3n del campo y as\u00ed, ayudar en la econom\u00eda de los productores, y al mismo tiempo ellos obtengan mayor rendimiento a trav\u00e9s de sus cosechas.<\/p>\n\n\n\n<p>De igual manera las autoridades municipales extendieron una invitaci\u00f3n a este sector de la poblaci\u00f3n para que el pr\u00f3ximo martes 11 asistan al segundo Foro Regional de Agricultura que se desarrollar\u00e1 en las instalaciones de la unidad deportiva \u201cJ. Jes\u00fas Romero Flores\u201d, de la colonia Vasco de Quiroga.<\/p>\n\n\n\n<figure class=\"wp-block-image size-large\"><img loading=\"lazy\" decoding=\"async\" width=\"1024\" height=\"682\" src=\"http:\/\/tvalaire.com\/wp-content\/uploads\/2025\/03\/WhatsApp-Image-2025-02-06-at-12.34.41-PM-1024x682.jpeg\" alt=\"\" class=\"wp-image-12551\" srcset=\"http:\/\/tvalaire.com\/wp-content\/uploads\/2025\/03\/WhatsApp-Image-2025-02-06-at-12.34.41-PM-1024x682.jpeg 1024w, http:\/\/tvalaire.com\/wp-content\/uploads\/2025\/03\/WhatsApp-Image-2025-02-06-at-12.34.41-PM-300x200.jpeg 300w, http:\/\/tvalaire.com\/wp-content\/uploads\/2025\/03\/WhatsApp-Image-2025-02-06-at-12.34.41-PM-768x512.jpeg 768w, http:\/\/tvalaire.com\/wp-content\/uploads\/2025\/03\/WhatsApp-Image-2025-02-06-at-12.34.41-PM.jpeg 1280w\" sizes=\"(max-width: 1024px) 100vw, 1024px\" \/><\/figure>\n\n\n\n<figure class=\"wp-block-image size-large\"><img loading=\"lazy\" decoding=\"async\" width=\"1024\" height=\"682\" src=\"http:\/\/tvalaire.com\/wp-content\/uploads\/2025\/03\/WhatsApp-Image-2025-02-06-at-12.34.38-PM-1024x682.jpeg\" alt=\"\" class=\"wp-image-12552\" srcset=\"http:\/\/tvalaire.com\/wp-content\/uploads\/2025\/03\/WhatsApp-Image-2025-02-06-at-12.34.38-PM-1024x682.jpeg 1024w, http:\/\/tvalaire.com\/wp-content\/uploads\/2025\/03\/WhatsApp-Image-2025-02-06-at-12.34.38-PM-300x200.jpeg 300w, http:\/\/tvalaire.com\/wp-content\/uploads\/2025\/03\/WhatsApp-Image-2025-02-06-at-12.34.38-PM-768x512.jpeg 768w, http:\/\/tvalaire.com\/wp-content\/uploads\/2025\/03\/WhatsApp-Image-2025-02-06-at-12.34.38-PM.jpeg 1280w\" sizes=\"(max-width: 1024px) 100vw, 1024px\" \/><\/figure>\n","protected":false},"excerpt":{"rendered":"<p>A trav\u00e9s de la Direcci\u00f3n de Fomento Agropecuario, y con el objetivo de contribuir al&#8230;<\/p>\n","protected":false},"author":1,"featured_media":12550,"comment_status":"open","ping_status":"open","sticky":false,"template":"","format":"standard","meta":{"jetpack_post_was_ever_published":false,"_jetpack_newsletter_access":"","_jetpack_dont_email_post_to_subs":false,"_jetpack_newsletter_tier_id":0,"_jetpack_memberships_contains_paywalled_content":false,"_jetpack_memberships_contains_paid_content":false,"footnotes":"","jetpack_publicize_message":"","jetpack_publicize_feature_enabled":true,"jetpack_social_post_already_shared":true,"jetpack_social_options":{"image_generator_settings":{"template":"highway","enabled":false},"version":2}},"categories":[1],"tags":[15,36],"class_list":["post-12549","post","type-post","status-publish","format-standard","has-post-thumbnail","hentry","category-la-piedad","tag-la-piedad","tag-principales"],"jetpack_publicize_connections":[],"jetpack_sharing_enabled":true,"featured_image_urls":{"full":["http:\/\/tvalaire.com\/wp-content\/uploads\/2025\/03\/WhatsApp-Image-2025-02-06-at-12.34.39-PM.jpeg",1280,853,false],"thumbnail":["http:\/\/tvalaire.com\/wp-content\/uploads\/2025\/03\/WhatsApp-Image-2025-02-06-at-12.34.39-PM-150x150.jpeg",150,150,true],"medium":["http:\/\/tvalaire.com\/wp-content\/uploads\/2025\/03\/WhatsApp-Image-2025-02-06-at-12.34.39-PM-300x200.jpeg",300,200,true],"medium_large":["http:\/\/tvalaire.com\/wp-content\/uploads\/2025\/03\/WhatsApp-Image-2025-02-06-at-12.34.39-PM-768x512.jpeg",640,427,true],"large":["http:\/\/tvalaire.com\/wp-content\/uploads\/2025\/03\/WhatsApp-Image-2025-02-06-at-12.34.39-PM-1024x682.jpeg",640,426,true],"post-slider-thumb-size":["http:\/\/tvalaire.com\/wp-content\/uploads\/2025\/03\/WhatsApp-Image-2025-02-06-at-12.34.39-PM-330x190.jpeg",330,190,true],"post-category-slider-size":["http:\/\/tvalaire.com\/wp-content\/uploads\/2025\/03\/WhatsApp-Image-2025-02-06-at-12.34.39-PM-330x350.jpeg",330,350,true],"1536x1536":["http:\/\/tvalaire.com\/wp-content\/uploads\/2025\/03\/WhatsApp-Image-2025-02-06-at-12.34.39-PM.jpeg",1280,853,false],"2048x2048":["http:\/\/tvalaire.com\/wp-content\/uploads\/2025\/03\/WhatsApp-Image-2025-02-06-at-12.34.39-PM.jpeg",1280,853,false],"newsium-slider-full":["http:\/\/tvalaire.com\/wp-content\/uploads\/2025\/03\/WhatsApp-Image-2025-02-06-at-12.34.39-PM-1280x845.jpeg",1280,845,true],"newsium-featured":["http:\/\/tvalaire.com\/wp-content\/uploads\/2025\/03\/WhatsApp-Image-2025-02-06-at-12.34.39-PM-1024x682.jpeg",1024,682,true],"newsium-medium":["http:\/\/tvalaire.com\/wp-content\/uploads\/2025\/03\/WhatsApp-Image-2025-02-06-at-12.34.39-PM-720x475.jpeg",720,475,true]},"author_info":{"info":["tvalairenoti"]},"category_info":"<a href=\"http:\/\/tvalaire.com\/?cat=1\" rel=\"category\">La Piedad<\/a>","tag_info":"La Piedad","comment_count":"0","jetpack_featured_media_url":"http:\/\/tvalaire.com\/wp-content\/uploads\/2025\/03\/WhatsApp-Image-2025-02-06-at-12.34.39-PM.jpeg","_links":{"self":[{"href":"http:\/\/tvalaire.com\/index.php?rest_route=\/wp\/v2\/posts\/12549"}],"collection":[{"href":"http:\/\/tvalaire.com\/index.php?rest_route=\/wp\/v2\/posts"}],"about":[{"href":"http:\/\/tvalaire.com\/index.php?rest_route=\/wp\/v2\/types\/post"}],"author":[{"embeddable":true,"href":"http:\/\/tvalaire.com\/index.php?rest_route=\/wp\/v2\/users\/1"}],"replies":[{"embeddable":true,"href":"http:\/\/tvalaire.com\/index.php?rest_route=%2Fwp%2Fv2%2Fcomments&post=12549"}],"version-history":[{"count":1,"href":"http:\/\/tvalaire.com\/index.php?rest_route=\/wp\/v2\/posts\/12549\/revisions"}],"predecessor-version":[{"id":12553,"href":"http:\/\/tvalaire.com\/index.php?rest_route=\/wp\/v2\/posts\/12549\/revisions\/12553"}],"wp:featuredmedia":[{"embeddable":true,"href":"http:\/\/tvalaire.com\/index.php?rest_route=\/wp\/v2\/media\/12550"}],"wp:attachment":[{"href":"http:\/\/tvalaire.com\/index.php?rest_route=%2Fwp%2Fv2%2Fmedia&parent=12549"}],"wp:term":[{"taxonomy":"category","embeddable":true,"href":"http:\/\/tvalaire.com\/index.php?rest_route=%2Fwp%2Fv2%2Fcategories&post=12549"},{"taxonomy":"post_tag","embeddable":true,"href":"http:\/\/tvalaire.com\/index.php?rest_route=%2Fwp%2Fv2%2Ftags&post=12549"}],"curies":[{"name":"wp","href":"https:\/\/api.w.org\/{rel}","templated":true}]}}